{"id":30338,"date":"2019-04-25T15:50:03","date_gmt":"2019-04-25T19:50:03","guid":{"rendered":"https:\/\/linitiative.ca\/International\/lopposant-equato-guineen-arrete-au-tchad-est-rentre-libre-a-malabo\/"},"modified":"2019-04-25T15:50:03","modified_gmt":"2019-04-25T19:50:03","slug":"lopposant-equato-guineen-arrete-au-tchad-est-rentre-libre-a-malabo","status":"publish","type":"post","link":"https:\/\/linitiative.ca\/International\/lopposant-equato-guineen-arrete-au-tchad-est-rentre-libre-a-malabo\/","title":{"rendered":"L\u2019opposant \u00e9quato-guin\u00e9en arr\u00eat\u00e9 au Tchad est rentr\u00e9 libre \u00e0 Malabo"},"content":{"rendered":"<div readability=\"32\">\n<p>Publi\u00e9 le 25.04.2019 \u00e0 20h50 par AFP<\/p>\n<\/div>\n<div readability=\"94\">\n<p>Soulag\u00e9 mais \u00ab\u00a0pr\u00e9occup\u00e9\u00a0\u00bb, l\u2019opposant \u00e9quato-guin\u00e9en Andres Esono Ondo arr\u00eat\u00e9 le 11 avril au Tchad et lib\u00e9r\u00e9 mercredi, est arriv\u00e9 \u00e0 Malabo jeudi o\u00f9 il a retrouv\u00e9 sa famille et les militants de son parti, a constat\u00e9 un journaliste de l\u2019AFP.<\/p>\n<p>\u00ab\u00a0J\u2019ai \u00e9t\u00e9 d\u00e9tenu pendant 13 jours. J\u2019\u00e9tais tr\u00e8s anxieux et pr\u00e9occup\u00e9 que l\u2019on me rapatrie ici clandestinement\u00a0\u00bb, a d\u00e9clar\u00e9 \u00e0 l\u2019AFP M. Esono Ondo \u00e0 son domicile.<\/p>\n<p>Le 11 avril, le secr\u00e9taire g\u00e9n\u00e9ral de Convergence pour la d\u00e9mocratie sociale (CPDS), l\u2019un des principaux partis d\u2019opposition en Guin\u00e9e \u00e9quatoriale, a \u00e9t\u00e9 arr\u00eat\u00e9 au Tchad alors qu\u2019il se rendait au congr\u00e8s d\u2019un parti d\u2019opposition tchadien.<\/p>\n<p>Peu apr\u00e8s, Malabo l\u2019a accus\u00e9 d\u2019avoir eu pour \u00ab\u00a0unique objectif l\u2019acquisition d\u2019armes et de munitions ainsi que le recrutement de terroristes pour commettre un coup d\u2019Etat en Guin\u00e9e \u00e9quatoriale avec un financement \u00e9tranger\u00a0\u00bb.<\/p>\n<p>Lib\u00e9r\u00e9 mercredi par les autorit\u00e9s tchadiennes, apr\u00e8s 13 jours de d\u00e9tention, M. Esono Ondo a d\u00e9cid\u00e9 de rentrer chez lui \u00e0 Malabo.<\/p>\n<p>Au c\u00f4t\u00e9 de sa famille, l\u2019opposant raconte: \u00ab\u00a0J\u2019ai perdu des kilo, je suis rentr\u00e9 sans ma valise, sans mon ordinateur et mon t\u00e9l\u00e9phone, je ne sais pas o\u00f9 tout cela se trouve.\u00a0\u00bb<\/p>\n<p>Ce dernier affirme que \u00ab\u00a0faute de preuves envoy\u00e9es par Malabo, les autorit\u00e9s tchadiennes ont d\u00e9cid\u00e9 de (le) lib\u00e9rer\u00a0\u00bb. Contact\u00e9es par l\u2019AFP, les autorit\u00e9s tchadiennes n\u2019ont pas souhait\u00e9 donner les raisons de sa lib\u00e9ration.<\/p>\n<p><ins data-revive-zoneid=\"9\" data-revive-id=\"10111e19d28d19d031742ee3b0b33eb0\"\/> <\/p>\n<p>\u00ab\u00a0Le r\u00e9gime a peur de faire face \u00e0 une vraie opposition\u00a0\u00bb, a d\u00e9clar\u00e9 l\u2019opposant \u00e9quato-guin\u00e9en, accusant Malabo \u00ab\u00a0de monter de fausses accusations contre ses citoyens \u00e0 l\u2019\u00e9tranger pour qu\u2019ils soient emprisonn\u00e9s\u00a0\u00bb.<\/p>\n<p>En 2015, Andres Esono Ondo, avait \u00e9t\u00e9 accus\u00e9 d\u2019avoir recrut\u00e9 une personne malade d\u2019Ebola en vue d\u2019introduire le virus en Guin\u00e9e \u00e9quatoriale au moment de la Coupe d\u2019Afrique des nations de football (CAF).<\/p>\n<p>Il avait \u00e9t\u00e9 relax\u00e9 apr\u00e8s que ces accusations se furent r\u00e9v\u00e9l\u00e9es fausses et mont\u00e9es de toute pi\u00e8ce par des proches du r\u00e9gime.<\/p>\n<p>La Guin\u00e9e \u00e9quatoriale a connu une histoire agit\u00e9e de coups et tentatives de coups d\u2019Etat depuis son ind\u00e9pendance de l\u2019Espagne en 1968.<\/p>\n<p>Le r\u00e9gime de M. Obiang, 76 ans dont 39 au pouvoir, est r\u00e9guli\u00e8rement accus\u00e9 d\u2019atteintes aux droits de l\u2019Homme par ses opposants et des organisations internationales.<\/p>\n<\/div>\n<p>Auteur: AFP<br \/>\n<a href=\"https:\/\/www.journalducameroun.com\/fr\/lopposant-equato-guineen-arrete-au-tchad-est-rentre-libre-a-malabo\/\">Cliquez ici pour lire l&rsquo;article depuis sa source.<\/a><\/p>\n","protected":false},"excerpt":{"rendered":"<p>Publi\u00e9 le 25.04.2019 \u00e0 20h50 par AFP Soulag\u00e9 mais \u00ab\u00a0pr\u00e9occup\u00e9\u00a0\u00bb, l\u2019opposant \u00e9quato-guin\u00e9en Andres Esono Ondo arr\u00eat\u00e9 le 11 avril au Tchad et lib\u00e9r\u00e9 mercredi, est arriv\u00e9 \u00e0 Malabo jeudi o\u00f9 il a retrouv\u00e9 sa famille et les militants de son parti, a constat\u00e9 un journaliste de l\u2019AFP. \u00ab\u00a0J\u2019ai \u00e9t\u00e9 d\u00e9tenu pendant 13 jours. J\u2019\u00e9tais tr\u00e8s [&hellip;]<\/p>\n","protected":false},"author":1965,"featured_media":0,"comment_status":"closed","ping_status":"closed","sticky":false,"template":"","format":"standard","meta":{"fifu_image_url":"","fifu_image_alt":"","footnotes":""},"categories":[73,82],"tags":[],"class_list":["post-30338","post","type-post","status-publish","format-standard","hentry","category-actualite","category-cameroun"],"_links":{"self":[{"href":"https:\/\/linitiative.ca\/International\/wp-json\/wp\/v2\/posts\/30338","targetHints":{"allow":["GET"]}}],"collection":[{"href":"https:\/\/linitiative.ca\/International\/wp-json\/wp\/v2\/posts"}],"about":[{"href":"https:\/\/linitiative.ca\/International\/wp-json\/wp\/v2\/types\/post"}],"author":[{"embeddable":true,"href":"https:\/\/linitiative.ca\/International\/wp-json\/wp\/v2\/users\/1965"}],"replies":[{"embeddable":true,"href":"https:\/\/linitiative.ca\/International\/wp-json\/wp\/v2\/comments?post=30338"}],"version-history":[{"count":0,"href":"https:\/\/linitiative.ca\/International\/wp-json\/wp\/v2\/posts\/30338\/revisions"}],"wp:attachment":[{"href":"https:\/\/linitiative.ca\/International\/wp-json\/wp\/v2\/media?parent=30338"}],"wp:term":[{"taxonomy":"category","embeddable":true,"href":"https:\/\/linitiative.ca\/International\/wp-json\/wp\/v2\/categories?post=30338"},{"taxonomy":"post_tag","embeddable":true,"href":"https:\/\/linitiative.ca\/International\/wp-json\/wp\/v2\/tags?post=30338"}],"curies":[{"name":"wp","href":"https:\/\/api.w.org\/{rel}","templated":true}]}}