{"id":30339,"date":"2019-04-25T15:50:04","date_gmt":"2019-04-25T19:50:04","guid":{"rendered":"https:\/\/linitiative.ca\/International\/tunisie-des-defaillances-de-gestion-derriere-la-mort-de-14-bebes-dans-une-maternite\/"},"modified":"2019-04-25T15:50:04","modified_gmt":"2019-04-25T19:50:04","slug":"tunisie-des-defaillances-de-gestion-derriere-la-mort-de-14-bebes-dans-une-maternite","status":"publish","type":"post","link":"https:\/\/linitiative.ca\/International\/tunisie-des-defaillances-de-gestion-derriere-la-mort-de-14-bebes-dans-une-maternite\/","title":{"rendered":"Tunisie: des \u00ab\u00a0d\u00e9faillances\u00a0\u00bb de gestion derri\u00e8re la mort de 14 b\u00e9b\u00e9s dans une maternit\u00e9"},"content":{"rendered":"<div readability=\"32\">\n<p>Publi\u00e9 le 25.04.2019 \u00e0 20h50 par AFP<\/p>\n<\/div>\n<div readability=\"79\">\n<p>Quatorze b\u00e9b\u00e9s sont d\u00e9c\u00e9d\u00e9s des suites d\u2019une infection bact\u00e9rienne contract\u00e9e en mars dans une maternit\u00e9 publique de Tunis, selon un rapport final rendu public jeudi sur cette affaire qui a d\u00e9clench\u00e9 de vives critiques contre le secteur de la sant\u00e9.<\/p>\n<p>Dans une conf\u00e9rence de presse, le pr\u00e9sident de la commission d\u2019enqu\u00eate, Mohamed Douagi, a pr\u00e9cis\u00e9 que le nombre des b\u00e9b\u00e9s d\u00e9c\u00e9d\u00e9s dans ce service de n\u00e9onatalogie dans la p\u00e9riode du 6 au 15 mars s\u2019\u00e9tablissait finalement \u00e0 quatorze et non pas quinze, comme il l\u2019avait indiqu\u00e9 dans une pr\u00e9c\u00e9dente rencontre avec les m\u00e9dias.<\/p>\n<p>Ces 14 b\u00e9b\u00e9s, tous des pr\u00e9matur\u00e9s, sont d\u00e9c\u00e9d\u00e9s des suites d\u2019une infection bact\u00e9rienne produite lors de la p\u00e9riode de la pr\u00e9paration des poches de nutrition entre le 4 et le 8 mars, dans la maternit\u00e9 du complexe hospitalier de Rabta dans la capitale Tunisienne, a-t-il ajout\u00e9.<\/p>\n<p>\u00ab\u00a0L\u2019enqu\u00eate a d\u00e9montr\u00e9 plusieurs d\u00e9faillances concernant la salle de pr\u00e9paration des poches\u00a0\u00bb. Ainsi \u00ab\u00a0les poches utilis\u00e9es ou celles qu\u2019on s\u2019appr\u00eatait \u00e0 utiliser, contiennent la bact\u00e9rie Enterobacter cloacae (\u2026) qui se transmet par la main\u00a0\u00bb, a expliqu\u00e9 le chef de la commission.<\/p>\n<p>De multiples d\u00e9faillances ont \u00e9galement \u00e9t\u00e9 r\u00e9v\u00e9l\u00e9es dont \u00ab\u00a0l\u2019absence d\u2019effectif humain\u00a0\u00bb suffisant, \u00ab\u00a0absence du contr\u00f4le de la qualit\u00e9 efficace et de la formation et de l\u2019encadrement du personnel\u00a0\u00bb au sein de ce service ainsi que le \u00ab\u00a0non respect des bases de la st\u00e9rilisation\u00a0\u00bb.<\/p>\n<p><ins data-revive-zoneid=\"9\" data-revive-id=\"10111e19d28d19d031742ee3b0b33eb0\"\/> <\/p>\n<p>Plusieurs hauts responsables au sein du minist\u00e8re ont \u00e9t\u00e9 d\u00e9mis de leurs fonctions \u00e0 la suite de ce drame r\u00e9v\u00e9l\u00e9 en mars et ayant choqu\u00e9 le pays. Le ministre de la Sant\u00e9 avait alors d\u00e9missionn\u00e9.<\/p>\n<p>Apr\u00e8s l\u2019ind\u00e9pendance en 1956, le d\u00e9veloppement de la sant\u00e9 publique a \u00e9t\u00e9 une priorit\u00e9 pour la Tunisie qui dispose \u00e0 ce jour de 166 h\u00f4pitaux et 2.100 centres de sant\u00e9, selon des chiffres officiels.<\/p>\n<p>Mais cet ancien fleuron du pays a \u00e9t\u00e9 mis \u00e0 mal par des probl\u00e8mes de gestion et de financement, alors que la sant\u00e9 priv\u00e9e a prosp\u00e9r\u00e9.<\/p>\n<\/div>\n<p>Auteur: AFP<br \/>\n<a href=\"https:\/\/www.journalducameroun.com\/fr\/tunisie-des-defaillances-de-gestion-derriere-la-mort-de-14-bebes-dans-une-maternite\/\">Cliquez ici pour lire l&rsquo;article depuis sa source.<\/a><\/p>\n","protected":false},"excerpt":{"rendered":"<p>Publi\u00e9 le 25.04.2019 \u00e0 20h50 par AFP Quatorze b\u00e9b\u00e9s sont d\u00e9c\u00e9d\u00e9s des suites d\u2019une infection bact\u00e9rienne contract\u00e9e en mars dans une maternit\u00e9 publique de Tunis, selon un rapport final rendu public jeudi sur cette affaire qui a d\u00e9clench\u00e9 de vives critiques contre le secteur de la sant\u00e9. Dans une conf\u00e9rence de presse, le pr\u00e9sident de [&hellip;]<\/p>\n","protected":false},"author":1965,"featured_media":0,"comment_status":"closed","ping_status":"closed","sticky":false,"template":"","format":"standard","meta":{"fifu_image_url":"","fifu_image_alt":"","footnotes":""},"categories":[73,82],"tags":[],"class_list":["post-30339","post","type-post","status-publish","format-standard","hentry","category-actualite","category-cameroun"],"_links":{"self":[{"href":"https:\/\/linitiative.ca\/International\/wp-json\/wp\/v2\/posts\/30339","targetHints":{"allow":["GET"]}}],"collection":[{"href":"https:\/\/linitiative.ca\/International\/wp-json\/wp\/v2\/posts"}],"about":[{"href":"https:\/\/linitiative.ca\/International\/wp-json\/wp\/v2\/types\/post"}],"author":[{"embeddable":true,"href":"https:\/\/linitiative.ca\/International\/wp-json\/wp\/v2\/users\/1965"}],"replies":[{"embeddable":true,"href":"https:\/\/linitiative.ca\/International\/wp-json\/wp\/v2\/comments?post=30339"}],"version-history":[{"count":0,"href":"https:\/\/linitiative.ca\/International\/wp-json\/wp\/v2\/posts\/30339\/revisions"}],"wp:attachment":[{"href":"https:\/\/linitiative.ca\/International\/wp-json\/wp\/v2\/media?parent=30339"}],"wp:term":[{"taxonomy":"category","embeddable":true,"href":"https:\/\/linitiative.ca\/International\/wp-json\/wp\/v2\/categories?post=30339"},{"taxonomy":"post_tag","embeddable":true,"href":"https:\/\/linitiative.ca\/International\/wp-json\/wp\/v2\/tags?post=30339"}],"curies":[{"name":"wp","href":"https:\/\/api.w.org\/{rel}","templated":true}]}}