{"id":30340,"date":"2019-04-25T15:50:06","date_gmt":"2019-04-25T19:50:06","guid":{"rendered":"https:\/\/linitiative.ca\/International\/maroc-nouvelle-manifestation-des-enseignants-contractuels\/"},"modified":"2019-04-25T15:50:06","modified_gmt":"2019-04-25T19:50:06","slug":"maroc-nouvelle-manifestation-des-enseignants-contractuels","status":"publish","type":"post","link":"https:\/\/linitiative.ca\/International\/maroc-nouvelle-manifestation-des-enseignants-contractuels\/","title":{"rendered":"Maroc: nouvelle manifestation des enseignants \u00ab\u00a0contractuels\u00a0\u00bb"},"content":{"rendered":"<div readability=\"32\">\n<p>Publi\u00e9 le 25.04.2019 \u00e0 20h50 par AFP<\/p>\n<\/div>\n<div readability=\"96\">\n<p>Plusieurs milliers d\u2019enseignants marocains dits \u00ab\u00a0contractuels\u00a0\u00bb ont de nouveau manifest\u00e9 jeudi \u00e0 Rabat pour protester contre la \u00ab\u00a0r\u00e9pression\u00a0\u00bb dont ils disent avoir \u00e9t\u00e9 victimes la veille, a constat\u00e9 un journaliste de l\u2019AFP.<\/p>\n<p>Scotch sur la bouche ou bandage couvrant la t\u00eate, ces enseignants du secteur public ont d\u00e9fil\u00e9 dans les rues de la capitale marocaine, dans une marche \u00ab\u00a0silencieuse\u00a0\u00bb qui s\u2019est d\u00e9roul\u00e9e sans incident.<\/p>\n<p>La veille, une manifestation rassemblant des milliers de protestataires qui r\u00e9clament le statut de fonctionnaire au sein du minist\u00e8re de l\u2019Education avait \u00e9t\u00e9 dispers\u00e9e par les forces de l\u2019ordre.<\/p>\n<p>Les enseignants, venus de plusieurs villes du pays, comptaient camper devant le Parlement, nouvel \u00e9pisode dans le conflit qui les oppose au minist\u00e8re de l\u2019Education.<\/p>\n<p>\u00ab\u00a0Plus de 70 enseignants ont \u00e9t\u00e9 hospitalis\u00e9s avec des blessures \u00e0 des degr\u00e9s divers, notamment apr\u00e8s avoir re\u00e7u des coups de matraques\u00a0\u00bb, a d\u00e9clar\u00e9 \u00e0 l\u2019AFP Othmane Zouirech, un responsable de la coordination des enseignants.<\/p>\n<p>Les manifestants ont \u00e9t\u00e9 \u00ab\u00a0pourchass\u00e9s jusqu\u2019au petit matin\u00a0\u00bb, a-t-il poursuivi, d\u00e9non\u00e7ant une \u00ab\u00a0approche s\u00e9curitaire qui ne fait qu\u2019envenimer la situation\u00a0\u00bb.<\/p>\n<p>Les \u00ab\u00a0contractuels\u00a0\u00bb ont lanc\u00e9 d\u00e9but mars un mouvement de gr\u00e8ve accompagn\u00e9 d\u2019importantes manifestations, qui se d\u00e9roulent g\u00e9n\u00e9ralement sans incidents. Il y a cependant d\u00e9j\u00e0 eu deux cas de dispersion muscl\u00e9e, le 23 mars et le 20 f\u00e9vrier.<\/p>\n<p><ins data-revive-zoneid=\"9\" data-revive-id=\"10111e19d28d19d031742ee3b0b33eb0\"\/> <\/p>\n<p>Le mouvement concerne 55.000 enseignants recrut\u00e9s d\u00e8s 2016 sur la base de contrats \u00e0 dur\u00e9e d\u00e9termin\u00e9e (CDD) puis int\u00e9gr\u00e9s au sein des Acad\u00e9mies r\u00e9gionales.<\/p>\n<p>Mi-avril, apr\u00e8s une premi\u00e8re rencontre avec le minist\u00e8re, des repr\u00e9sentants des enseignants gr\u00e9vistes avaient annonc\u00e9 la suspension de la gr\u00e8ve.<\/p>\n<p>Mais \u00ab\u00a0certains\u00a0\u00bb n&rsquo;\u00a0\u00bbont pas respect\u00e9 les engagements pris par leurs repr\u00e9sentants\u00a0\u00bb et n\u2019ont pas rejoint les classes, a accus\u00e9 mardi le minist\u00e8re de l\u2019Education qui refuse de poursuivre le dialogue tant que tous les gr\u00e9vistes n\u2019auront pas repris le travail. Une r\u00e9union pr\u00e9vue mardi a de ce fait \u00e9t\u00e9 annul\u00e9e.<\/p>\n<p>Les enseignants, eux, reprochent au minist\u00e8re de ne pas vouloir c\u00e9der sur leur principale revendication, \u00e0 savoir obtenir un statut de fonctionnaire au sein du minist\u00e8re.<\/p>\n<p>\u00ab\u00a0Le dialogue est au point mort\u00a0\u00bb, a dit \u00e0 l\u2019AFP Othmane Zouirech.<\/p>\n<p>Quelque 300.000 \u00e9l\u00e8ves ont p\u00e2ti des absences des enseignants, selon un r\u00e9cent bilan officiel.<\/p>\n<\/div>\n<p>Auteur: AFP<br \/>\n<a href=\"https:\/\/www.journalducameroun.com\/fr\/maroc-nouvelle-manifestation-des-enseignants-contractuels\/\">Cliquez ici pour lire l&rsquo;article depuis sa source.<\/a><\/p>\n","protected":false},"excerpt":{"rendered":"<p>Publi\u00e9 le 25.04.2019 \u00e0 20h50 par AFP Plusieurs milliers d\u2019enseignants marocains dits \u00ab\u00a0contractuels\u00a0\u00bb ont de nouveau manifest\u00e9 jeudi \u00e0 Rabat pour protester contre la \u00ab\u00a0r\u00e9pression\u00a0\u00bb dont ils disent avoir \u00e9t\u00e9 victimes la veille, a constat\u00e9 un journaliste de l\u2019AFP. Scotch sur la bouche ou bandage couvrant la t\u00eate, ces enseignants du secteur public ont d\u00e9fil\u00e9 [&hellip;]<\/p>\n","protected":false},"author":1965,"featured_media":0,"comment_status":"closed","ping_status":"closed","sticky":false,"template":"","format":"standard","meta":{"fifu_image_url":"","fifu_image_alt":"","footnotes":""},"categories":[73,82],"tags":[],"class_list":["post-30340","post","type-post","status-publish","format-standard","hentry","category-actualite","category-cameroun"],"_links":{"self":[{"href":"https:\/\/linitiative.ca\/International\/wp-json\/wp\/v2\/posts\/30340","targetHints":{"allow":["GET"]}}],"collection":[{"href":"https:\/\/linitiative.ca\/International\/wp-json\/wp\/v2\/posts"}],"about":[{"href":"https:\/\/linitiative.ca\/International\/wp-json\/wp\/v2\/types\/post"}],"author":[{"embeddable":true,"href":"https:\/\/linitiative.ca\/International\/wp-json\/wp\/v2\/users\/1965"}],"replies":[{"embeddable":true,"href":"https:\/\/linitiative.ca\/International\/wp-json\/wp\/v2\/comments?post=30340"}],"version-history":[{"count":0,"href":"https:\/\/linitiative.ca\/International\/wp-json\/wp\/v2\/posts\/30340\/revisions"}],"wp:attachment":[{"href":"https:\/\/linitiative.ca\/International\/wp-json\/wp\/v2\/media?parent=30340"}],"wp:term":[{"taxonomy":"category","embeddable":true,"href":"https:\/\/linitiative.ca\/International\/wp-json\/wp\/v2\/categories?post=30340"},{"taxonomy":"post_tag","embeddable":true,"href":"https:\/\/linitiative.ca\/International\/wp-json\/wp\/v2\/tags?post=30340"}],"curies":[{"name":"wp","href":"https:\/\/api.w.org\/{rel}","templated":true}]}}