{"id":30343,"date":"2019-04-25T17:50:03","date_gmt":"2019-04-25T21:50:03","guid":{"rendered":"https:\/\/linitiative.ca\/International\/guinee-conde-laisse-une-nouvelle-fois-planer-le-doute-sur-une-candidature\/"},"modified":"2019-04-25T17:50:03","modified_gmt":"2019-04-25T21:50:03","slug":"guinee-conde-laisse-une-nouvelle-fois-planer-le-doute-sur-une-candidature","status":"publish","type":"post","link":"https:\/\/linitiative.ca\/International\/guinee-conde-laisse-une-nouvelle-fois-planer-le-doute-sur-une-candidature\/","title":{"rendered":"Guin\u00e9e: Cond\u00e9 laisse une nouvelle fois planer le doute sur une candidature"},"content":{"rendered":"<div readability=\"32\">\n<p>Publi\u00e9 le 25.04.2019 \u00e0 22h50 par AFP<\/p>\n<\/div>\n<div readability=\"89\">\n<p>Le pr\u00e9sident de la Guin\u00e9e Alpha Cond\u00e9, en visite officielle \u00e0 Abidjan, a une nouvelle fois laiss\u00e9 planer le doute sur une modification de la Constitution qui lui permettrait de briguer un troisi\u00e8me mandat en 2020.<\/p>\n<p>\u00ab\u00a0Il y a un d\u00e9bat en Guin\u00e9e. Moi j\u2019observe (\u2026), ce qui est \u00e9vident c\u2019est que le peuple guin\u00e9en est un peuple souverain, (\u2026) qu\u2019on ne peut pas emp\u00eacher le peuple de s\u2019exprimer s\u2019il le souhaite\u00a0\u00bb, a-t-il r\u00e9pondu \u00e0 la presse qui l\u2019a interrog\u00e9 sur le sujet.<\/p>\n<p>Il a aussi fait valoir qu\u2019il n\u2019avait \u00ab\u00a0de comptes \u00e0 rendre qu\u2019au peuple de Guin\u00e9e et \u00e9ventuellement au peuple africain, mais pas \u00e0 l\u2019ext\u00e9rieur\u00a0\u00bb. \u00ab\u00a0Je fais ce qui sera la volont\u00e9 du peuple de Guin\u00e9e. Pour le moment (\u2026) je laisse le d\u00e9bat se d\u00e9rouler dans le pays\u00a0\u00bb, a-t-il ajout\u00e9.<\/p>\n<p>Les principaux partis d\u2019opposition guin\u00e9ens, ainsi que des associations de la soci\u00e9t\u00e9 civile et des syndicats, ont annonc\u00e9 d\u00e9but avril la cr\u00e9ation d\u2019une coalition pour emp\u00eacher Alpha Cond\u00e9 de briguer un troisi\u00e8me mandat en 2020.<\/p>\n<p>Ancien opposant historique et premier pr\u00e9sident d\u00e9mocratiquement \u00e9lu de cette ex-colonie fran\u00e7aise d\u2019Afrique de l\u2019Ouest r\u00e9gie jusqu\u2019alors par des pouvoirs autoritaires, Alpha Cond\u00e9, dont le deuxi\u00e8me mandat constitutionnel s\u2019ach\u00e8ve en 2020, a souvent contest\u00e9 la pertinence de la limitation du nombre de mandats sur le continent.<\/p>\n<p><ins data-revive-zoneid=\"9\" data-revive-id=\"10111e19d28d19d031742ee3b0b33eb0\"\/> <\/p>\n<p>M. Cond\u00e9, 81 ans, n\u2019a jusqu\u2019\u00e0 pr\u00e9sent pas annonc\u00e9 de modification de la Constitution afin de pouvoir se repr\u00e9senter en 2020, mais plusieurs de ses d\u00e9clarations r\u00e9centes ont \u00e9t\u00e9 interpr\u00e9t\u00e9es en ce sens. \u00ab\u00a0Personne en Guin\u00e9e ne m\u2019emp\u00eachera d\u2019aller devant le peuple pour lui demander ce qu\u2019il veut et faire la volont\u00e9 du peuple\u00a0\u00bb, avait-il dit le 24 mars devant les militants de son parti.<\/p>\n<p>En janvier, la pr\u00e9sidence avait publi\u00e9 des propos de l\u2019ambassadeur de Russie, sugg\u00e9rant d\u2019amender la Constitution pour permettre au chef de l\u2019Etat de briguer un troisi\u00e8me mandat, au grand dam de l\u2019opposition et de la soci\u00e9t\u00e9 civile.<\/p>\n<p>Le pr\u00e9sident ivoirien Alassane Ouattara, 77 ans, dont le deuxi\u00e8me mandat se termine \u00e9galement en 2020, entretient lui aussi le myst\u00e8re quant \u00e0 une \u00e9ventuelle candidature. Il estime avoir le droit de se repr\u00e9senter en raison d\u2019un changement de Constitution en 2016, ce que conteste l\u2019opposition.<\/p>\n<\/div>\n<p>Auteur: AFP<br \/>\n<a href=\"https:\/\/www.journalducameroun.com\/fr\/guinee-conde-laisse-une-nouvelle-fois-planer-le-doute-sur-une-candidature\/\">Cliquez ici pour lire l&rsquo;article depuis sa source.<\/a><\/p>\n","protected":false},"excerpt":{"rendered":"<p>Publi\u00e9 le 25.04.2019 \u00e0 22h50 par AFP Le pr\u00e9sident de la Guin\u00e9e Alpha Cond\u00e9, en visite officielle \u00e0 Abidjan, a une nouvelle fois laiss\u00e9 planer le doute sur une modification de la Constitution qui lui permettrait de briguer un troisi\u00e8me mandat en 2020. \u00ab\u00a0Il y a un d\u00e9bat en Guin\u00e9e. Moi j\u2019observe (\u2026), ce qui [&hellip;]<\/p>\n","protected":false},"author":1965,"featured_media":0,"comment_status":"closed","ping_status":"closed","sticky":false,"template":"","format":"standard","meta":{"fifu_image_url":"","fifu_image_alt":"","footnotes":""},"categories":[73,82],"tags":[],"class_list":["post-30343","post","type-post","status-publish","format-standard","hentry","category-actualite","category-cameroun"],"_links":{"self":[{"href":"https:\/\/linitiative.ca\/International\/wp-json\/wp\/v2\/posts\/30343","targetHints":{"allow":["GET"]}}],"collection":[{"href":"https:\/\/linitiative.ca\/International\/wp-json\/wp\/v2\/posts"}],"about":[{"href":"https:\/\/linitiative.ca\/International\/wp-json\/wp\/v2\/types\/post"}],"author":[{"embeddable":true,"href":"https:\/\/linitiative.ca\/International\/wp-json\/wp\/v2\/users\/1965"}],"replies":[{"embeddable":true,"href":"https:\/\/linitiative.ca\/International\/wp-json\/wp\/v2\/comments?post=30343"}],"version-history":[{"count":0,"href":"https:\/\/linitiative.ca\/International\/wp-json\/wp\/v2\/posts\/30343\/revisions"}],"wp:attachment":[{"href":"https:\/\/linitiative.ca\/International\/wp-json\/wp\/v2\/media?parent=30343"}],"wp:term":[{"taxonomy":"category","embeddable":true,"href":"https:\/\/linitiative.ca\/International\/wp-json\/wp\/v2\/categories?post=30343"},{"taxonomy":"post_tag","embeddable":true,"href":"https:\/\/linitiative.ca\/International\/wp-json\/wp\/v2\/tags?post=30343"}],"curies":[{"name":"wp","href":"https:\/\/api.w.org\/{rel}","templated":true}]}}