{"id":30369,"date":"2019-04-25T03:00:41","date_gmt":"2019-04-25T07:00:41","guid":{"rendered":"https:\/\/linitiative.ca\/International\/beac-le-personnel-redoute-un-plan-social\/"},"modified":"2019-04-25T03:00:41","modified_gmt":"2019-04-25T07:00:41","slug":"beac-le-personnel-redoute-un-plan-social","status":"publish","type":"post","link":"https:\/\/linitiative.ca\/International\/beac-le-personnel-redoute-un-plan-social\/","title":{"rendered":"Beac : le personnel redoute un plan social"},"content":{"rendered":"<p>Dans sa note de conjoncture 2018, la Banque des Etats de l\u2019Afrique centrale d\u00e9gageait un solde de son compte courant de <strong>1.579,082 milliards de FCFA<\/strong>, correspondant aux liquidit\u00e9s disponibles pour l\u2019ensemble des 6 Etats de l\u2019Afrique centrale. La m\u00eame note de conjoncture place le Cameroun en t\u00eate des pays dont les r\u00e9serves sont les plus importantes. Yaound\u00e9 a ainsi affich\u00e9 en 2018 des r\u00e9serves de liquidit\u00e9s Beac de <strong>675,092 milliards de FCFA.<\/strong> Le <strong>Gabon<\/strong>, 2\u00e8me dans ce classement, enregistre des liquidit\u00e9s d\u2019un montant de <strong>389,8 milliards de FCFA<\/strong>. <strong>250,38 milliards FCFA<\/strong> pour la <strong>Guin\u00e9e \u00e9quatoriale<\/strong>, 3\u00e8me. Le <strong>Congo<\/strong>, 4\u00e8me, avec <strong>197,28 milliards de FCFA<\/strong>. Le <strong>Tchad<\/strong>, 5\u00e8me, avec <strong>48,75 milliards de FCFA<\/strong>, et la <strong>RCA<\/strong>, 6\u00e8me avec <strong>35,78 milliards de FCFA<\/strong>. A la Beac, on se r\u00e9jouit de \u00ab <em>la soutenabilit\u00e9 des r\u00e9serves des pays membres<\/em> \u00bb.<\/p>\n<hr\/>\n<h4><strong>>> Lire aussi \u2013 <a title=\"La BEAC au rythme des scandales\" href=\"https:\/\/ecomatin.net\/beac-le-malaise-sinstalle\/\" target=\"_blank\" rel=\"noopener noreferrer\">La BEAC au rythme des scandales<\/a><br \/><\/strong><\/h4>\n<hr\/>\n<p>Quant aux avoirs des 6 pays dans le compte des op\u00e9rations log\u00e9 au Tr\u00e9sor fran\u00e7ais pour le compte de l\u2019exercice 2018, le montant des d\u00e9p\u00f4ts est \u00e9valu\u00e9 \u00e0 <strong>3359,8 milliards de FCFA<\/strong>. Ici \u00e9galement, le Cameroun dispose du plus grand portefeuille avec <strong>1945,2 milliards de FCFA<\/strong>. Suivi du Gabon dont la quote-part est fix\u00e9e \u00e0 <strong>638,9 milliards de FCFA<\/strong>. La Centrafrique, <strong>200,7 milliards de FCFA<\/strong>, le Congo <strong>182,4 milliards de FCFA<\/strong>, le Tchad, <strong>74,4 milliards de FCFA<\/strong>. Et <strong>-32,3%<\/strong>, pour la Guin\u00e9e Equatoriale. La Beac quant \u00e0 elle dispose de <strong>350,4 milliards de FCFA<\/strong> dans ce compte. Si le solde des comptes courants des six pays de la Cemac et celui du compte des op\u00e9rations du Tr\u00e9sor fran\u00e7ais affichent des r\u00e9sultats sensiblement positifs par rapport \u00e0 2017, la situation financi\u00e8re de la zone pr\u00e9occupe n\u00e9anmoins. La question a d\u2019ailleurs s\u00e9rieusement \u00e9t\u00e9 \u00e9voqu\u00e9e lors du r\u00e9cent sommet des chefs d\u2019Etat de la Cemac de Ndjam\u00e9na, ainsi qu\u2019\u00e0 l\u2019occasion de la rencontre des ministres des finances de la Zone Franc au Niger. Tout comme \u00e0 la 8\u00e8me session du Comit\u00e9 de pilotage du Programme des r\u00e9formes \u00e9conomiques et financi\u00e8res de la Cemac tenu \u00e0 Douala, le 31 mars 2019.<\/p>\n<p><span class=\"c2\"><strong>L\u2019\u00e8re Lucas Abaga Nchama<\/strong><\/span><br \/>Preuve de cette morosit\u00e9 financi\u00e8re, la demande d\u2019appui formul\u00e9e par <strong>Daniel Ona Ondo<\/strong>, le pr\u00e9sident de la Commission de la Cemac, aupr\u00e8s de la Banque mondiale et du Fonds mon\u00e9taire international (<strong>Fmi<\/strong>). Les 6 pays peinent s\u00e9rieusement \u00e0 financer sous fonds propres, le <strong>Pref Cemac<\/strong>, le Programme de r\u00e9formes \u00e9conomiques et financi\u00e8res et le Per Cemac, le Programme \u00e9conomique r\u00e9gional, deux programmes int\u00e9grateurs de la sous-r\u00e9gion. Plusieurs sources \u00e0 l\u2019int\u00e9rieur de la Beac confirment d\u2019ailleurs le climat tendu au sein de la banque centrale de la Cemac.<br \/>\u00ab <em>Abaga Nchama a s\u00e9rieusement affect\u00e9 les comptes de la Beac. Nous sommes dans de s\u00e9rieuses turbulences<\/em> \u00bb, d\u00e9voile une source cr\u00e9dible \u00e0 la Beac. L\u2019ex-Gouverneur de la Beac de 2010 \u00e0 2017 aurait ainsi laiss\u00e9 la banque centrale dans un \u00e9tat d\u00e9plorable, \u00e0 en croire notre source. \u00ab <em>Des coupes drastiques ont \u00e9t\u00e9 op\u00e9r\u00e9es partout ailleurs. C\u2019est ainsi depuis l\u2019an dernier<\/em> \u00bb, ajoute notre informateur, extr\u00eamement pessimiste sur la situation de la Beac.<\/p>\n<hr\/>\n<h4><strong>>> Lire aussi \u2013 <a title=\"Cemac : la Commission \u00e0 l\u2019heure de l\u2019aust\u00e9rit\u00e9\" href=\"https:\/\/ecomatin.net\/cemac-la-commission-a-lheure-de-lausterite\/\" target=\"_blank\" rel=\"noopener noreferrer\">Cemac : la Commission \u00e0 l\u2019heure de l\u2019aust\u00e9rit\u00e9<\/a><br \/><\/strong><\/h4>\n<hr\/>\n<p>Le Vendredi 5 avril 2019, une r\u00e9union cruciale a d\u2019ailleurs rassembl\u00e9 le Gouvernement de la Beac et son personnel. Au terme de cette concertation couperet, <strong>Abbas Mahamat Tolli<\/strong>, le Gouverneur de la Beac va rassurer son personnel, inquiet: \u00ab <em>Pour le moment, des coupes sur les salaires ne sont pas \u00e0 l\u2019ordre du jour<\/em> \u00bb, dira-t-il. Des assurances accueillies avec r\u00e9serves par un personnel exer\u00e7ant dans un climat tendu et un profond malaise depuis le d\u00e9part de Lucas Abaga Nchama, dont la gestion est fortement contest\u00e9e. L\u2019ex-Gouverneur de la Beac vient d\u2019ailleurs d\u2019\u00eatre limog\u00e9 de son poste de ministre de l\u2019Economie et des Finances de la Guin\u00e9e Equatoriale pour \u00ab <em>irr\u00e9gularit\u00e9s commises dans l\u2019exercice de ses fonctions<\/em> \u00bb. Malgr\u00e9 l\u2019optimisme d\u2019Abbas Mahamat Tolli, on annonce depuis l\u2019exercice 2018 \u00ab des coupes budg\u00e9taires drastiques dans plusieurs postes de d\u00e9penses de la banque \u00bb. Le personnel de la Beac redoute par ailleurs l\u2019imminence d\u2019un plan social au sein de la banque.<\/p>\n<div class=\"about-author about-author-box container-wrapper\">\n<div class=\"author-avatar\">\n<p><img decoding=\"async\" src=\"http:\/\/\" alt=\"\"\/><\/p>\n<\/div>\n<p><h4>La R\u00e9daction EcoMatin<\/h4>\n<\/p>\n<\/div>\n<div class=\"awac-wrapper awac widget blog_subscription-2\">\n<h4 class=\"widget-title\">Abonnez-vous \u00e0 notre lettre d&rsquo;information<\/h4>\n<\/div>\n<p>Auteur: EcoMatin<br \/>\n<a href=\"https:\/\/ecomatin.net\/beac-le-personnel-redoute-un-plan-social\/\">Cliquez ici pour lire l&rsquo;article depuis sa source.<\/a><\/p>\n","protected":false},"excerpt":{"rendered":"<p>Dans sa note de conjoncture 2018, la Banque des Etats de l\u2019Afrique centrale d\u00e9gageait un solde de son compte courant de 1.579,082 milliards de FCFA, correspondant aux liquidit\u00e9s disponibles pour l\u2019ensemble des 6 Etats de l\u2019Afrique centrale. La m\u00eame note de conjoncture place le Cameroun en t\u00eate des pays dont les r\u00e9serves sont les plus [&hellip;]<\/p>\n","protected":false},"author":1969,"featured_media":0,"comment_status":"closed","ping_status":"closed","sticky":false,"template":"","format":"standard","meta":{"fifu_image_url":"","fifu_image_alt":"","footnotes":""},"categories":[82,78],"tags":[],"class_list":["post-30369","post","type-post","status-publish","format-standard","hentry","category-cameroun","category-economie"],"_links":{"self":[{"href":"https:\/\/linitiative.ca\/International\/wp-json\/wp\/v2\/posts\/30369","targetHints":{"allow":["GET"]}}],"collection":[{"href":"https:\/\/linitiative.ca\/International\/wp-json\/wp\/v2\/posts"}],"about":[{"href":"https:\/\/linitiative.ca\/International\/wp-json\/wp\/v2\/types\/post"}],"author":[{"embeddable":true,"href":"https:\/\/linitiative.ca\/International\/wp-json\/wp\/v2\/users\/1969"}],"replies":[{"embeddable":true,"href":"https:\/\/linitiative.ca\/International\/wp-json\/wp\/v2\/comments?post=30369"}],"version-history":[{"count":0,"href":"https:\/\/linitiative.ca\/International\/wp-json\/wp\/v2\/posts\/30369\/revisions"}],"wp:attachment":[{"href":"https:\/\/linitiative.ca\/International\/wp-json\/wp\/v2\/media?parent=30369"}],"wp:term":[{"taxonomy":"category","embeddable":true,"href":"https:\/\/linitiative.ca\/International\/wp-json\/wp\/v2\/categories?post=30369"},{"taxonomy":"post_tag","embeddable":true,"href":"https:\/\/linitiative.ca\/International\/wp-json\/wp\/v2\/tags?post=30369"}],"curies":[{"name":"wp","href":"https:\/\/api.w.org\/{rel}","templated":true}]}}