{"id":30376,"date":"2019-04-26T08:00:25","date_gmt":"2019-04-26T12:00:25","guid":{"rendered":"https:\/\/linitiative.ca\/International\/participez-jusqua-fin-decembre-au-4eme-prix-des-emirats-pour-lenergie-les-contours-des-prix-ont-ete-presentes-jeudi-a-casablanca\/"},"modified":"2019-04-26T08:00:25","modified_gmt":"2019-04-26T12:00:25","slug":"participez-jusqua-fin-decembre-au-4eme-prix-des-emirats-pour-lenergie-les-contours-des-prix-ont-ete-presentes-jeudi-a-casablanca","status":"publish","type":"post","link":"https:\/\/linitiative.ca\/International\/participez-jusqua-fin-decembre-au-4eme-prix-des-emirats-pour-lenergie-les-contours-des-prix-ont-ete-presentes-jeudi-a-casablanca\/","title":{"rendered":"Participez jusqu\u2019\u00e0 fin d\u00e9cembre au 4\u00e8me prix  des Emirats pour l\u2019\u00e9nergie : Les contours des prix ont \u00e9t\u00e9 pr\u00e9sent\u00e9s jeudi \u00e0 Casablanca"},"content":{"rendered":"<p><img decoding=\"async\" class=\"post_layout_5_img\" src=\"http:\/\/aujourdhui.ma\/wp-content\/uploads\/2019\/04\/prix-des-Emirats-pour-l%E2%80%99e%CC%81nergie-EMIRAT-AWARD.jpg?x29840\" alt=\"Participez jusqu\u2019\u00e0 fin d\u00e9cembre au 4\u00e8me prix des Emirats pour l\u2019\u00e9nergie : Les contours des prix ont \u00e9t\u00e9 pr\u00e9sent\u00e9s jeudi \u00e0 Casablanca\"\/><\/p>\n<p class=\"p1\"><span class=\"c4\"><strong>Les candidatures au 4\u00e8me prix des Emirats pour l\u2019\u00e9nergie (2020), d\u2019une valeur de 2 millions de dollars am\u00e9ricains, comme le pr\u00e9cise, jeudi \u00e0 Casablanca, Ahmed Al Mehirbi, secr\u00e9taire g\u00e9n\u00e9ral du Conseil sup\u00e9rieur de l\u2019\u00e9nergie \u00e0 Duba\u00ef et vice-pr\u00e9sident du prix, sont ouvertes.<\/strong><\/span> <span id=\"more-310038\"\/><\/p>\n<p class=\"p1\">Le dernier d\u00e9lai de candidature \u00e9tant, selon Taher Diab, premier directeur de la strat\u00e9gie et la planification et secr\u00e9taire g\u00e9n\u00e9ral du prix, le 31 d\u00e9cembre. Quant \u00e0 la remise de ce prix biannuel, elle aura lieu en octobre 2020 lors du salon en marge du Sommet mondial de l\u2019\u00e9conomie verte. <em>\u00abC\u2019est l\u2019une des particularit\u00e9s de cette \u00e9dition\u00bb,<\/em> pr\u00e9cise-t-il. Par l\u2019occasion, le directeur se f\u00e9licite de la participation marocaine lors de la pr\u00e9c\u00e9dente \u00e9dition. M. Diab, qui se f\u00e9licite \u00e9galement des projets de femmes soumis \u00e0 ce prix, indique que le comit\u00e9 re\u00e7oit des candidatures d\u2019Europe et d\u2019Am\u00e9rique ainsi que du Maghreb et r\u00e9gion. Au Maroc, l\u2019Agence pour l\u2019efficacit\u00e9<span class=\"Apple-converted-space\">\u00a0<\/span> \u00e9nerg\u00e9tique a, comme il le rappelle, remport\u00e9 ce prix pour son projet de mosqu\u00e9e verte. A son tour, la soci\u00e9t\u00e9 marocaine, Nareva Holding, figurait dans le palmar\u00e8s de cette cons\u00e9cration.<\/p>\n<p class=\"p1\">Depuis le lancement de ce prix en 2013, le comit\u00e9 a, selon ses dires, re\u00e7u 424 candidatures. En 2013, le nombre de celles-ci \u00e9tait de 100. 15 pays ont particip\u00e9 \u00e0 la 1\u00e8re \u00e9dition et 28 participants ont remport\u00e9 le lot. En 2015, le nombre de participants est pass\u00e9 \u00e0 113 issus de 13 pays. Ce sont 29 gagnants qui ont figur\u00e9 dans le palmar\u00e8s de cette deuxi\u00e8me \u00e9dition. Quant \u00e0 la 3\u00e8me \u00e9dition organis\u00e9e en 2017, elle a \u00e9t\u00e9 marqu\u00e9e par la participation de 212 candidats de 21 pays. A son tour, le nombre des gagnants a augment\u00e9 en passant \u00e0 33.<\/p>\n<p class=\"p1\">Par pays, ce sont les \u00e9mirats Arabes Unis qui se taillent la part du lion par rapport au nombre de candidatures dont le nombre est, depuis 2013, de 231. La Jordanie et l\u2019Egypte sont \u00e0 leur tour parmi les pays qui participent le plus \u00e0 ce prix. Leurs candidatures se chiffrent respectivement \u00e0 42 et 63 depuis 2013. Quant au Maroc, il a soumis 8 projets depuis 2013.<\/p>\n<p>Auteur: ALM<br \/>\n<a href=\"http:\/\/aujourdhui.ma\/economie\/participez-jusqua-fin-decembre-au-4eme-prix-des-emirats-pour-lenergie-les-contours-des-prix-ont-ete-presentes-jeudi-a-casablanca\">Cliquez ici pour lire l&rsquo;article depuis sa source.<\/a><\/p>\n","protected":false},"excerpt":{"rendered":"<p>Les candidatures au 4\u00e8me prix des Emirats pour l\u2019\u00e9nergie (2020), d\u2019une valeur de 2 millions de dollars am\u00e9ricains, comme le pr\u00e9cise, jeudi \u00e0 Casablanca, Ahmed Al Mehirbi, secr\u00e9taire g\u00e9n\u00e9ral du Conseil sup\u00e9rieur de l\u2019\u00e9nergie \u00e0 Duba\u00ef et vice-pr\u00e9sident du prix, sont ouvertes. Le dernier d\u00e9lai de candidature \u00e9tant, selon Taher Diab, premier directeur de la [&hellip;]<\/p>\n","protected":false},"author":1759,"featured_media":0,"comment_status":"closed","ping_status":"closed","sticky":false,"template":"","format":"standard","meta":{"fifu_image_url":"","fifu_image_alt":"","footnotes":""},"categories":[73,54],"tags":[],"class_list":["post-30376","post","type-post","status-publish","format-standard","hentry","category-actualite","category-maroc"],"_links":{"self":[{"href":"https:\/\/linitiative.ca\/International\/wp-json\/wp\/v2\/posts\/30376","targetHints":{"allow":["GET"]}}],"collection":[{"href":"https:\/\/linitiative.ca\/International\/wp-json\/wp\/v2\/posts"}],"about":[{"href":"https:\/\/linitiative.ca\/International\/wp-json\/wp\/v2\/types\/post"}],"author":[{"embeddable":true,"href":"https:\/\/linitiative.ca\/International\/wp-json\/wp\/v2\/users\/1759"}],"replies":[{"embeddable":true,"href":"https:\/\/linitiative.ca\/International\/wp-json\/wp\/v2\/comments?post=30376"}],"version-history":[{"count":0,"href":"https:\/\/linitiative.ca\/International\/wp-json\/wp\/v2\/posts\/30376\/revisions"}],"wp:attachment":[{"href":"https:\/\/linitiative.ca\/International\/wp-json\/wp\/v2\/media?parent=30376"}],"wp:term":[{"taxonomy":"category","embeddable":true,"href":"https:\/\/linitiative.ca\/International\/wp-json\/wp\/v2\/categories?post=30376"},{"taxonomy":"post_tag","embeddable":true,"href":"https:\/\/linitiative.ca\/International\/wp-json\/wp\/v2\/tags?post=30376"}],"curies":[{"name":"wp","href":"https:\/\/api.w.org\/{rel}","templated":true}]}}