{"id":30378,"date":"2019-04-26T09:30:53","date_gmt":"2019-04-26T13:30:53","guid":{"rendered":"https:\/\/linitiative.ca\/International\/un-1er-festival-de-cinema-pour-faire-connaitre-la-culture-quebecoise-au-maroc\/"},"modified":"2019-04-26T09:30:53","modified_gmt":"2019-04-26T13:30:53","slug":"un-1er-festival-de-cinema-pour-faire-connaitre-la-culture-quebecoise-au-maroc","status":"publish","type":"post","link":"https:\/\/linitiative.ca\/International\/un-1er-festival-de-cinema-pour-faire-connaitre-la-culture-quebecoise-au-maroc\/","title":{"rendered":"Un 1er festival de cin\u00e9ma pour faire conna\u00eetre la culture qu\u00e9b\u00e9coise au Maroc"},"content":{"rendered":"<p><img decoding=\"async\" class=\"post_layout_5_img\" src=\"http:\/\/aujourdhui.ma\/wp-content\/uploads\/2019\/04\/Cinema-1.jpg?x29840\" alt=\"Un 1er festival de cin\u00e9ma pour faire conna\u00eetre la culture qu\u00e9b\u00e9coise au Maroc\"\/><\/p>\n<p class=\"p1\"><span class=\"c4\"><strong><em>L\u2019\u00e9v\u00e9nement se poursuit jusqu\u2019au 26 avril\u00a0<\/em><em>au cin\u00e9ma Renaissance de Rabat<\/em><\/strong><\/span><span id=\"more-310053\"\/><\/p>\n<p class=\"p2\"><span class=\"s1\">Les cin\u00e9philes d\u00e9sirant d\u00e9couvrir le cin\u00e9ma qu\u00e9b\u00e9cois trouveront, jusqu\u2019au 26 avril au cin\u00e9ma Renaissance de Rabat, leur compte avec le 1er festival d\u00e9di\u00e9 \u00e0 ce septi\u00e8me art canadien. Le bal de cet \u00e9v\u00e9nement, organis\u00e9 par le bureau du Qu\u00e9bec \u00e0 Rabat en collaboration avec la fondation Hiba, a \u00e9t\u00e9 ouvert mercredi soir par la projection du long-m\u00e9trage \u00abLes Loups\u00bb de la cin\u00e9aste qu\u00e9b\u00e9coise, Sophie Deraspe. Un film \u00abintense et sombre\u00bb qui traite, selon Alain Olivier, directeur du Bureau du Qu\u00e9bec \u00e0 Rabat, <em>\u00abdes relations entre p\u00e8re et fils\u00bb.<\/em> Un th\u00e8me qui figure \u00e9galement dans le film \u00abPieds nus dans l\u2019aube\u00bb du r\u00e9alisateur qu\u00e9b\u00e9cois Francis Leclerc, qui sera, selon ses dires, plus r\u00e9jouissant que le premier. Quant au 3\u00e8me film, \u00abHochelaga, Terre des Ames\u00bb du r\u00e9alisateur canadien Fran\u00e7ois Girard, qui cl\u00f4turera le festival, il est, selon le directeur, <em>\u00abplus proche du cin\u00e9ma am\u00e9ricain. C\u2019est un drame historique\u00bb<\/em>. Cependant, les trois films sont diff\u00e9rents selon ses dires. <em>\u00abAussi l\u2019homme en contact avec son environnement naturel est un th\u00e8me qui revient dans les trois films. C\u2019est un sujet qui est tr\u00e8s important au Qu\u00e9bec\u00bb,<\/em> d\u00e9taille-t-il.<\/span><\/p>\n<p class=\"p2\"><span class=\"s1\">Par l\u2019occasion, M. Olivier ne manque pas de donner une id\u00e9e sur le cin\u00e9ma francophone au Canada qui est, \u00e0 ses yeux, <em>\u00abun miracle en soi parce qu\u2019il n\u2019a pas de logique commerciale, de public qui permet de soutenir sa production artistique\u00bb.<\/em> Ce qui a permis l\u2019\u00e9mergence du cin\u00e9ma c\u2019est un certain nombre d\u2019institutions comme il le pr\u00e9cise. Dans ce sens, il conduit l\u2019exemple de l\u2019Office national du film du Canada qui a jou\u00e9 un r\u00f4le majeur en fiction, documentaire et animations du Qu\u00e9bec en fran\u00e7ais. <em>\u00abLe cin\u00e9ma qu\u00e9b\u00e9cois, d\u00e9velopp\u00e9 dans un territoire francophone se trouvant dans un continent domin\u00e9 par l\u2019anglais et l\u2019espagnol, \u00e9tait inspir\u00e9 par les nouvelles vagues fran\u00e7aises et devenu un cin\u00e9ma engag\u00e9\u00bb,<\/em> encha\u00eene-t-il.<\/span><\/p>\n<p class=\"p2\"><span class=\"s1\">Apr\u00e8s quoi, une nouvelle g\u00e9n\u00e9ration de r\u00e9alisateurs a vu le jour. <span class=\"Apple-converted-space\">\u00a0 \u00a0<\/span><\/span><\/p>\n<p class=\"p2\"><span class=\"s1\">Quant au style du cin\u00e9ma qu\u00e9b\u00e9cois, il est, au sens de M. Olivier, est plus proche du marocain. <em>\u00abIl pose un regard personnel sur les probl\u00e9matiques et pose des questions mais ne r\u00e9pond pas n\u00e9cessairement \u00e0 toutes et laisse le soin au spectateur de d\u00e9cider. Il est g\u00e9n\u00e9ralement introspectif par rapport aux sujets de la relation \u00e0 la famille et l\u2019appartenance au territoire\u00bb,<\/em> estime-t-il.<\/span><\/p>\n<p class=\"p2\"><span class=\"s1\">De son c\u00f4t\u00e9, Adil Semmar, critique de cin\u00e9ma, indique que le programme du festival est plac\u00e9 sous le signe du voyage et de la d\u00e9couverte. Pour lui, le film <em>\u00ab\u00abLes Loups\u00bb raconte le voyage d\u2019une jeune femme fragile dans un lieu o\u00f9 les conditions de vie sont dures\u00bb.<\/em><\/span><\/p>\n<p class=\"p2\"><span class=\"s1\">A propos du festival, le directeur du Bureau du Qu\u00e9bec \u00e0 Rabat indique que cette manifestation devait se produire en <em>\u00abmars, mois de la francophonie. D\u2019autant plus que le cin\u00e9ma Renaissance \u00e9tait complet\u00bb.<\/em> Pour lui, le festival est destin\u00e9 \u00e0 faire conna\u00eetre la culture qu\u00e9b\u00e9coise au Maroc. C\u2019est un \u00e9v\u00e9nement o\u00f9 le grand public est expos\u00e9 \u00e0 la production culturelle dans un cin\u00e9ma au centre-ville. <em>\u00abMonter ce petit ce festival est un projet. Nous l\u2019avons fait facilement avec la fondation Hiba que je remercie\u00bb,<\/em> poursuit-il. Quant aux trois films, il indique les avoir obtenus avec le soutien de la soci\u00e9t\u00e9 de d\u00e9veloppement des entreprises culturelles du Qu\u00e9bec qui a pay\u00e9 les droits pour les films afin de les partager \u00abgratuitement\u00bb avec le public.<\/span><\/p>\n<p class=\"p2\"><span class=\"s1\">Mais ce n\u2019est pas tout. Le directeur annonce \u00e9galement qu\u2019un ensemble de musique de chambre se produira, avec la collaboration de l\u2019ambassade du Canada en juin prochain au Maroc.<span class=\"Apple-converted-space\">\u00a0<\/span> Le groupe canadien appel\u00e9 \u00abLes voix humaines\u00bb y sera \u00e0 partir du 14 juin pour animer des concerts \u00e0 Rabat et Casablanca. <em>\u00abCet ensemble sera, de plus, le 17 juin au Festival de F\u00e8s des musiques sacr\u00e9es du monde pour offrir deux spectacles\u00bb<\/em>, conclut-il.<\/span><\/p>\n<p>Auteur: Salima Guisser<br \/>\n<a href=\"http:\/\/aujourdhui.ma\/culture\/cinema\/un-1er-festival-de-cinema-pour-faire-connaitre-la-culture-quebecoise-au-maroc\">Cliquez ici pour lire l&rsquo;article depuis sa source.<\/a><\/p>\n","protected":false},"excerpt":{"rendered":"<p>L\u2019\u00e9v\u00e9nement se poursuit jusqu\u2019au 26 avril\u00a0au cin\u00e9ma Renaissance de Rabat Les cin\u00e9philes d\u00e9sirant d\u00e9couvrir le cin\u00e9ma qu\u00e9b\u00e9cois trouveront, jusqu\u2019au 26 avril au cin\u00e9ma Renaissance de Rabat, leur compte avec le 1er festival d\u00e9di\u00e9 \u00e0 ce septi\u00e8me art canadien. Le bal de cet \u00e9v\u00e9nement, organis\u00e9 par le bureau du Qu\u00e9bec \u00e0 Rabat en collaboration avec la [&hellip;]<\/p>\n","protected":false},"author":1759,"featured_media":0,"comment_status":"closed","ping_status":"closed","sticky":false,"template":"","format":"standard","meta":{"fifu_image_url":"","fifu_image_alt":"","footnotes":""},"categories":[73,54],"tags":[],"class_list":["post-30378","post","type-post","status-publish","format-standard","hentry","category-actualite","category-maroc"],"_links":{"self":[{"href":"https:\/\/linitiative.ca\/International\/wp-json\/wp\/v2\/posts\/30378","targetHints":{"allow":["GET"]}}],"collection":[{"href":"https:\/\/linitiative.ca\/International\/wp-json\/wp\/v2\/posts"}],"about":[{"href":"https:\/\/linitiative.ca\/International\/wp-json\/wp\/v2\/types\/post"}],"author":[{"embeddable":true,"href":"https:\/\/linitiative.ca\/International\/wp-json\/wp\/v2\/users\/1759"}],"replies":[{"embeddable":true,"href":"https:\/\/linitiative.ca\/International\/wp-json\/wp\/v2\/comments?post=30378"}],"version-history":[{"count":0,"href":"https:\/\/linitiative.ca\/International\/wp-json\/wp\/v2\/posts\/30378\/revisions"}],"wp:attachment":[{"href":"https:\/\/linitiative.ca\/International\/wp-json\/wp\/v2\/media?parent=30378"}],"wp:term":[{"taxonomy":"category","embeddable":true,"href":"https:\/\/linitiative.ca\/International\/wp-json\/wp\/v2\/categories?post=30378"},{"taxonomy":"post_tag","embeddable":true,"href":"https:\/\/linitiative.ca\/International\/wp-json\/wp\/v2\/tags?post=30378"}],"curies":[{"name":"wp","href":"https:\/\/api.w.org\/{rel}","templated":true}]}}