{"id":30386,"date":"2019-04-26T04:58:00","date_gmt":"2019-04-26T08:58:00","guid":{"rendered":"https:\/\/linitiative.ca\/International\/aujourdhui-et-demain-2eme-forum-des-energies-renouvelables-et-de-lefficacite-energetique\/"},"modified":"2019-04-26T04:58:00","modified_gmt":"2019-04-26T08:58:00","slug":"aujourdhui-et-demain-2eme-forum-des-energies-renouvelables-et-de-lefficacite-energetique","status":"publish","type":"post","link":"https:\/\/linitiative.ca\/International\/aujourdhui-et-demain-2eme-forum-des-energies-renouvelables-et-de-lefficacite-energetique\/","title":{"rendered":"Aujourd\u2019hui et demain  2\u00e8me forum des \u00e9nergies renouvelables et de l\u2019efficacit\u00e9 \u00e9nerg\u00e9tique"},"content":{"rendered":"<p>Les \u00e9nergies renouvelables, on en parle beaucoup, mais, pour l\u2019efficacit\u00e9, il faut attendre des jours meilleurs, surtout que les quelques exp\u00e9riences dans le domaine n\u2019ont pas port\u00e9 leurs fruits, comme c\u2019est le cas des \u00e9oliennes qui sont en panne et qui n\u2019ont pas \u00e9t\u00e9 r\u00e9par\u00e9es.<\/p>\n<p>Toutefois, l\u2019espoir est permis et le 2\u00e8me forum des \u00e9nergies renouvelables et de l\u2019efficacit\u00e9 \u00e9nerg\u00e9tique aura lieu les 26 et 27 avril courant, \u00e0 Hammamet, sur le th\u00e8me \u00ab le r\u00f4le de la soci\u00e9t\u00e9 civile, des municipalit\u00e9s et des m\u00e9dias dans l\u2019acc\u00e9l\u00e9ration de la transition \u00e9nerg\u00e9tique \u00bb.<\/p>\n<p>Ce forum vise \u00e0 mobiliser les organisations non-gouvernementales et les associations \u0153uvrant dans le domaine de la transition \u00e9nerg\u00e9tique ainsi que les responsables dans les mairies, selon un communiqu\u00e9 publi\u00e9 jeudi, par l\u2019Agence Nationale pour la Ma\u00eetrise de l\u2019Energie (ANME).<\/p>\n<p>Il a \u00e9galement, pour objectif d\u2019intensifier les \u00e9changes avec et entre membres des diverses communaut\u00e9s (chercheurs, soci\u00e9t\u00e9 civile, hommes politiques, journalistes, industriels\u2026) autour du r\u00f4le que devrait jouer la soci\u00e9t\u00e9 civile et les m\u00e9dias dans l\u2019acc\u00e9l\u00e9ration de la transition \u00e9nerg\u00e9tique en Tunisie.<\/p>\n<p class=\"dpsp-share-text\">Partager c&rsquo;est aimer!<\/p>\n<div class=\"wp-post-author-wrap wp-post-author-shortcode left\">\n<h3 class=\"awpa-title\"\/>\n<div class=\"wp-post-author\">\n<div class=\"awpa-img awpa-author-block square\"><a href=\"http:\/\/lexpertjournal.net\/fr\/author\/expert\/\"><img loading=\"lazy\" decoding=\"async\" alt=\"\" src=\"http:\/\/2.gravatar.com\/avatar\/56d99be2a6f97af88ccb49fada637fcd?s=150&#038;d=mm&#038;r=g\" srcset=\"http:\/\/2.gravatar.com\/avatar\/56d99be2a6f97af88ccb49fada637fcd?s=300&#038;d=mm&#038;r=g 2x\" class=\"avatar avatar-150 photo\" height=\"150\" width=\"150\"\/><\/a><\/div>\n<\/div>\n<\/div>\n<p>Auteur: L&rsquo;expert<br \/>\n<a href=\"http:\/\/lexpertjournal.net\/fr\/2019\/04\/26\/aujourdhui-et-demain-2eme-forum-des-energies-renouvelables-et-de-lefficacite-energetique\/\">Cliquez ici pour lire l&rsquo;article depuis sa source.<\/a><\/p>\n","protected":false},"excerpt":{"rendered":"<p>Les \u00e9nergies renouvelables, on en parle beaucoup, mais, pour l\u2019efficacit\u00e9, il faut attendre des jours meilleurs, surtout que les quelques exp\u00e9riences dans le domaine n\u2019ont pas port\u00e9 leurs fruits, comme c\u2019est le cas des \u00e9oliennes qui sont en panne et qui n\u2019ont pas \u00e9t\u00e9 r\u00e9par\u00e9es. Toutefois, l\u2019espoir est permis et le 2\u00e8me forum des \u00e9nergies [&hellip;]<\/p>\n","protected":false},"author":1775,"featured_media":0,"comment_status":"closed","ping_status":"closed","sticky":false,"template":"","format":"standard","meta":{"fifu_image_url":"","fifu_image_alt":"","footnotes":""},"categories":[78,55],"tags":[],"class_list":["post-30386","post","type-post","status-publish","format-standard","hentry","category-economie","category-tunisie"],"_links":{"self":[{"href":"https:\/\/linitiative.ca\/International\/wp-json\/wp\/v2\/posts\/30386","targetHints":{"allow":["GET"]}}],"collection":[{"href":"https:\/\/linitiative.ca\/International\/wp-json\/wp\/v2\/posts"}],"about":[{"href":"https:\/\/linitiative.ca\/International\/wp-json\/wp\/v2\/types\/post"}],"author":[{"embeddable":true,"href":"https:\/\/linitiative.ca\/International\/wp-json\/wp\/v2\/users\/1775"}],"replies":[{"embeddable":true,"href":"https:\/\/linitiative.ca\/International\/wp-json\/wp\/v2\/comments?post=30386"}],"version-history":[{"count":0,"href":"https:\/\/linitiative.ca\/International\/wp-json\/wp\/v2\/posts\/30386\/revisions"}],"wp:attachment":[{"href":"https:\/\/linitiative.ca\/International\/wp-json\/wp\/v2\/media?parent=30386"}],"wp:term":[{"taxonomy":"category","embeddable":true,"href":"https:\/\/linitiative.ca\/International\/wp-json\/wp\/v2\/categories?post=30386"},{"taxonomy":"post_tag","embeddable":true,"href":"https:\/\/linitiative.ca\/International\/wp-json\/wp\/v2\/tags?post=30386"}],"curies":[{"name":"wp","href":"https:\/\/api.w.org\/{rel}","templated":true}]}}