{"id":30390,"date":"2019-04-26T08:19:46","date_gmt":"2019-04-26T12:19:46","guid":{"rendered":"https:\/\/linitiative.ca\/International\/radhi-meddeb-je-quitte-le-conseil-de-la-btk\/"},"modified":"2019-04-26T08:19:46","modified_gmt":"2019-04-26T12:19:46","slug":"radhi-meddeb-je-quitte-le-conseil-de-la-btk","status":"publish","type":"post","link":"https:\/\/linitiative.ca\/International\/radhi-meddeb-je-quitte-le-conseil-de-la-btk\/","title":{"rendered":"Radhi Meddeb : Je Quitte Le Conseil De La BTK"},"content":{"rendered":"<p>Dans un statut publi\u00e9 sur sa page FB , Radhi Meddeb pr\u00e9cise :<\/p>\n<p>Le Conseil d\u2019administration de la BTK, r\u00e9uni hier 24 avril 2019 a pris acte de ma d\u00e9mission de mon poste de Pr\u00e9sident du Conseil.\u00a0<br \/>D\u00e9j\u00e0 lors de sa r\u00e9union du 13 d\u00e9cembre 2018, j\u2019avais inform\u00e9 le Conseil de ma volont\u00e9 de quitter ces fonctions. \u00c0 la demande unanime de ses membres, j\u2019avais accept\u00e9 de rester en place jusqu\u2019\u00e0 la tenue de l\u2019assembl\u00e9e g\u00e9n\u00e9rale ordinaire devant statuer sur les comptes clos au 31.12.2018.\u00a0<br \/>Mon d\u00e9part intervient apr\u00e8s 11 ans de mandat d\u2019administrateur, dont 8 ans et demi comme membre du Comit\u00e9 Permanent d\u2019Audit Interne et deux ans et demi comme Pr\u00e9sident du Conseil, Pendant toute cette p\u00e9riode, j\u2019ai toujours cherch\u00e9 \u00e0 apporter \u00e0 la Banque tout le soutien, au-del\u00e0 de ce l\u2019on peut attendre d\u2019un pr\u00e9sident non ex\u00e9cutif, mais bienentendu sans immixtion aucune dans l a gestion de l\u2019institution.<br \/>J\u2019ai souhait\u00e9 quitter le Conseil de la Banque \u00e0 un moment o\u00f9 l\u2019institution entame un nouveau tournant avec l\u2019annonce programm\u00e9e de la cession de la participation majoritaire du groupe de BPCE \u00e0 un nouvel actionnaire.\u00a0<br \/>J\u2019\u00e9mets le v\u0153u, dans ces circonstances, que le processus de cession aboutisse dans les meilleurs d\u00e9lais, qu\u2019il s\u2019accompagne d\u2019une information totale et transparente \u00e0 l\u2019adresse de l\u2019ensemble des parties prenantes de la Banque: personnel, actionnaires, \u00c9tat tunisien, clients et partenaires sociaux.\u00a0<br \/>J\u2019adresse tous mes encouragements \u00e0 l\u2019ensemble du personnel de la BTK pour continuer, \u00e0 l\u2019accoutum\u00e9e, \u00e0 porter leur institution, sans cesse, sur la voie du redressement et de la performance retrouv\u00e9e. Ils en sont capables. Ils n\u2019ont jamais m\u00e9nag\u00e9 aucun effort. Je leur en suis reconnaissant.\u00a0<br \/>J\u2019\u00e9mets \u00e9galement le v\u0153u que BCP, acqu\u00e9reur annonc\u00e9 de la participation de BPCE, puisse doter l\u2019institution d\u2019une gouvernance effective autour d\u2019un projet ambitieux et cr\u00e9dible qui permette rapidement de re-mobiliser les \u00e9quipes et leur donner des perspectives d\u2019\u00e9volution et d\u2019\u00e9panouissement.\u00a0<br \/>Je voudrais enfin remercier les actionnaires actuels: BPCE, \u00c9tat tunisien, KIA pour la confiance qu\u2019ils m\u2019ont toujours t\u00e9moign\u00e9e tout au long de l\u2019exercice de mes fonctions de Pr\u00e9sident du Conseil.\u00a0<br \/>Bon vent \u00e0 la BTK au service de l\u2019\u00e9conomie tunisienne, de ses clients, de son personnel et de ses actionnaires.<\/p>\n<p class=\"dpsp-share-text\">Partager c&rsquo;est aimer!<\/p>\n<div class=\"wp-post-author-wrap wp-post-author-shortcode left\">\n<h3 class=\"awpa-title\"\/>\n<div class=\"wp-post-author\">\n<div class=\"awpa-img awpa-author-block square\"><a href=\"http:\/\/lexpertjournal.net\/fr\/author\/expert\/\"><img loading=\"lazy\" decoding=\"async\" alt=\"\" src=\"http:\/\/2.gravatar.com\/avatar\/56d99be2a6f97af88ccb49fada637fcd?s=150&#038;d=mm&#038;r=g\" srcset=\"http:\/\/2.gravatar.com\/avatar\/56d99be2a6f97af88ccb49fada637fcd?s=300&#038;d=mm&#038;r=g 2x\" class=\"avatar avatar-150 photo\" height=\"150\" width=\"150\"\/><\/a><\/div>\n<\/div>\n<\/div>\n<p>Auteur: L&rsquo;expert<br \/>\n<a href=\"http:\/\/lexpertjournal.net\/fr\/2019\/04\/26\/radhi-meddeb-je-quitte-le-conseil-de-la-btk\/\">Cliquez ici pour lire l&rsquo;article depuis sa source.<\/a><\/p>\n","protected":false},"excerpt":{"rendered":"<p>Dans un statut publi\u00e9 sur sa page FB , Radhi Meddeb pr\u00e9cise : Le Conseil d\u2019administration de la BTK, r\u00e9uni hier 24 avril 2019 a pris acte de ma d\u00e9mission de mon poste de Pr\u00e9sident du Conseil.\u00a0D\u00e9j\u00e0 lors de sa r\u00e9union du 13 d\u00e9cembre 2018, j\u2019avais inform\u00e9 le Conseil de ma volont\u00e9 de quitter ces [&hellip;]<\/p>\n","protected":false},"author":1775,"featured_media":0,"comment_status":"closed","ping_status":"closed","sticky":false,"template":"","format":"standard","meta":{"fifu_image_url":"","fifu_image_alt":"","footnotes":""},"categories":[78,55],"tags":[],"class_list":["post-30390","post","type-post","status-publish","format-standard","hentry","category-economie","category-tunisie"],"_links":{"self":[{"href":"https:\/\/linitiative.ca\/International\/wp-json\/wp\/v2\/posts\/30390","targetHints":{"allow":["GET"]}}],"collection":[{"href":"https:\/\/linitiative.ca\/International\/wp-json\/wp\/v2\/posts"}],"about":[{"href":"https:\/\/linitiative.ca\/International\/wp-json\/wp\/v2\/types\/post"}],"author":[{"embeddable":true,"href":"https:\/\/linitiative.ca\/International\/wp-json\/wp\/v2\/users\/1775"}],"replies":[{"embeddable":true,"href":"https:\/\/linitiative.ca\/International\/wp-json\/wp\/v2\/comments?post=30390"}],"version-history":[{"count":0,"href":"https:\/\/linitiative.ca\/International\/wp-json\/wp\/v2\/posts\/30390\/revisions"}],"wp:attachment":[{"href":"https:\/\/linitiative.ca\/International\/wp-json\/wp\/v2\/media?parent=30390"}],"wp:term":[{"taxonomy":"category","embeddable":true,"href":"https:\/\/linitiative.ca\/International\/wp-json\/wp\/v2\/categories?post=30390"},{"taxonomy":"post_tag","embeddable":true,"href":"https:\/\/linitiative.ca\/International\/wp-json\/wp\/v2\/tags?post=30390"}],"curies":[{"name":"wp","href":"https:\/\/api.w.org\/{rel}","templated":true}]}}