{"id":30401,"date":"2019-04-26T11:37:10","date_gmt":"2019-04-26T15:37:10","guid":{"rendered":"https:\/\/linitiative.ca\/International\/lorganisation-du-festival-printemps-musical-des-alizes-a-essaouira-nest-pas-un-luxe-mais-une-necessite\/"},"modified":"2019-04-26T11:37:10","modified_gmt":"2019-04-26T15:37:10","slug":"lorganisation-du-festival-printemps-musical-des-alizes-a-essaouira-nest-pas-un-luxe-mais-une-necessite","status":"publish","type":"post","link":"https:\/\/linitiative.ca\/International\/lorganisation-du-festival-printemps-musical-des-alizes-a-essaouira-nest-pas-un-luxe-mais-une-necessite\/","title":{"rendered":"L\u2019organisation du festival \u00ab\u00a0Printemps Musical des Aliz\u00e9s\u00a0\u00bb \u00e0 Essaouira \u00ab\u00a0n\u2019est pas un luxe, mais une n\u00e9cessit\u00e9\u00a0\u00bb"},"content":{"rendered":"<div readability=\"38\">\n<p>Propos recueillis par Samir Lotfy.<br \/>Essaouira- L\u2019organisation \u00e0 Essaouira du Festival \u00ab\u00a0Printemps Musical des Aliz\u00e9s\u00a0\u00bb, qui f\u00eate cette ann\u00e9e ses 19 ans d\u2019existence, \u00ab\u00a0n\u2019est pas un luxe mais une n\u00e9cessit\u00e9\u00a0\u00bb dict\u00e9e par le fait que la musique fait partie de la vie dans cette ville, ont soulign\u00e9 les organisateurs de cet \u00e9v\u00e9nement \u00e9clectique.<\/p>\n<\/div>\n<div readability=\"144\">\n<p>\u00ab\u00a0L\u2019organisation d\u2019un festival d\u00e9di\u00e9 \u00e0 la musique classique \u00e0 Essaouira, au Maroc, n\u2019est pas un luxe, n\u2019est pas une vraie envie de para\u00eetre, mais une n\u00e9cessit\u00e9 car la musique chez nous fait partie de la vie. Elle rythme les jours, les semaines, les mois, les saisons et les ann\u00e9es\u00a0\u00bb, ont-ils confi\u00e9 \u00e0 la MAP.<\/p>\n<p>Et d\u2019ajouter que l\u2019art et la musique \u00e0 Essaouira sont un levier incontournable de d\u00e9veloppement \u00e9conomique, faisant observer que \u00ab\u00a0gr\u00e2ce \u00e0 la musique, Essaouira est vivante, elle est debout et comme preuve, tout le monde veut voir et s\u00e9journer dans la cit\u00e9 des aliz\u00e9s\u00a0\u00bb.<\/p>\n<p>\u00ab\u00a0Essaouira aime la musique, toutes les musiques aiment Essaouira\u00a0\u00bb, se sont-ils f\u00e9licit\u00e9s, notant qu\u2019au fil du temps cela est devenu un refrain de tous les Souiris, rappelant que depuis la fondation de la cit\u00e9 des Aliz\u00e9s par le Sultan Sidi Mohammed Ben Abdellah, cette cit\u00e9 du Maroc Atlantique ne cesse de respirer et de souffler aux rythmes des sons et chants des diverses composantes ethniques qui ont fa\u00e7onn\u00e9 sa mosa\u00efque: Haha, Chiadma, juifs et musulmans, chr\u00e9tiens\u2026etc.<\/p>\n<p>A Essaouira, les danses populaires dites folkloriques, les transes extatiques des Zaouias, gnaoua, hmadcha, Aissaoua, et Haddarates, les m\u00e9lodies andalouses c\u00e9l\u00e9br\u00e9es en commun par musulmans et juifs, le Malhoun et autres rzouns, \u00ab\u00a0se m\u00ealent, se c\u00f4toient et s\u2019interf\u00e8rent pour conf\u00e9rer \u00e0 la cit\u00e9 toute sa singularit\u00e9 et sa splendeur\u00a0\u00bb, ont-ils affirm\u00e9.<\/p>\n<p>\u00ab\u00a0Avec la naissance de l\u2019Association Essaouira-Mogador, le paysage musical souiri se valorise et donne \u00e0 notre cit\u00e9 une visibilit\u00e9 internationale\u00a0\u00bb, explique Tarik Ottmani, pr\u00e9sident du bureau ex\u00e9cutif de ladite Association, rappelant que chaque ann\u00e9e, les quatre saisons sont c\u00e9l\u00e9br\u00e9es avec les Andalousies Atlantiques, le Festival des Gnaoua et Musiques du Monde, le Festival \u00ab\u00a0Jazz sous l\u2019Arganier\u00a0\u00bb et \u00ab\u00a0le Printemps Musical des Aliz\u00e9s\u00a0\u00bb.<\/p>\n<p>Sur cette nouvelle \u00e9dition du Printemps des Aliz\u00e9s, il a fait savoir qu\u2019il constitue, sans nul doute, une cuv\u00e9e d\u00e9di\u00e9e \u00e0 la puret\u00e9 et \u00e0 l\u2019intimit\u00e9 de la musique de chambre et \u00e0 l\u2019art lyrique.<\/p>\n<p>\u00ab\u00a0Lors de cette \u00e9dition, il n\u2019y aura pas de micros, les instruments et les voix vont vibrer en \u00e9cho aux pierres de Dar Souiri, de Bayt Dakira et \u00e0 celle de l\u2019Eglise d\u2019Essaouira, toujours en activit\u00e9\u00a0\u00bb, a-t-il pr\u00e9cis\u00e9, notant que pour le plaisir des grands et des petits ainsi que des m\u00e9lomanes les plus exigeants, la direction du festival a concoct\u00e9 une programmation qui, comme chaque ann\u00e9e, sera fid\u00e8le \u00e0 l\u2019esprit d\u2019Essaouira, avec une douzaine de concerts parmi les plus exaltants et une trentaine d\u2019artiste de tr\u00e8s grand talent.<\/p>\n<p>Et de conclure que \u00ab\u00a0le principe de ce rendez-vous printanier consiste \u00e0 rendre accessible gratuitement et \u00e0 tous, la musique classique. Le temps d\u2019un weekend, Essaouira devient par la nature des choses, une escale pour la musique de chambre\u00a0\u00bb.<\/p>\n<p>Abondant dans le m\u00eame sens, Mme Kaoutar Chakir Benamara, secr\u00e9taire g\u00e9n\u00e9rale de l\u2019Association Essaouira-Mogador et charg\u00e9e de la partie organisation et production du festival, a relev\u00e9 que l\u2019ambition de ce rendez-vous \u00e9clectique est de \u00ab\u00a0faire connaitre la musique classique au plus grand nombre, gr\u00e2ce \u00e0 des t\u00eates d\u2019affiche aux carri\u00e8res internationales, comme le clarinettiste Raphael S\u00e9v\u00e8re, laur\u00e9at de pas moins de cinq concours internationaux, dont le prestigieux Young Concert Artists de New York qui ouvre les portes du Carnegie Hall et du Kennedy Center de Washington.<\/p>\n<p>Et d\u2019ajouter que le Printemps Musical des Aliz\u00e9s accueillera de nombreux artistes d\u2019horizons divers qui rendront hommage aux grands noms de la musique classique et offriront au public des moments tant originaux qu\u2019exceptionnels ainsi que bien d\u2019autres moments inoubliables.<\/p>\n<p>\u00ab\u00a0Une programmation en toute libert\u00e9, dict\u00e9e par l\u2019envie d\u2019embarquer les festivaliers dans un voyage inattendu o\u00f9 public et artistes entrent en communion, dans l\u2019intimit\u00e9 de trois espaces \u00e0 l\u2019acoustique hors pair\u00a0\u00bb, s\u2019est-elle r\u00e9jouie.<\/p>\n<\/div>\n<p>Auteur: Mohammed KOURSI<br \/>\n<a href=\"http:\/\/www.mapmarrakech.ma\/fr\/lorganisation-du-festival-printemps-musical-des-alizes-a-essaouira-nest-pas-un-luxe-mais-une-necessite\/\">Cliquez ici pour lire l&rsquo;article depuis sa source.<\/a><\/p>\n","protected":false},"excerpt":{"rendered":"<p>Propos recueillis par Samir Lotfy.Essaouira- L\u2019organisation \u00e0 Essaouira du Festival \u00ab\u00a0Printemps Musical des Aliz\u00e9s\u00a0\u00bb, qui f\u00eate cette ann\u00e9e ses 19 ans d\u2019existence, \u00ab\u00a0n\u2019est pas un luxe mais une n\u00e9cessit\u00e9\u00a0\u00bb dict\u00e9e par le fait que la musique fait partie de la vie dans cette ville, ont soulign\u00e9 les organisateurs de cet \u00e9v\u00e9nement \u00e9clectique. \u00ab\u00a0L\u2019organisation d\u2019un festival [&hellip;]<\/p>\n","protected":false},"author":1788,"featured_media":0,"comment_status":"closed","ping_status":"closed","sticky":false,"template":"","format":"standard","meta":{"fifu_image_url":"","fifu_image_alt":"","footnotes":""},"categories":[54,76],"tags":[],"class_list":["post-30401","post","type-post","status-publish","format-standard","hentry","category-maroc","category-regions"],"_links":{"self":[{"href":"https:\/\/linitiative.ca\/International\/wp-json\/wp\/v2\/posts\/30401","targetHints":{"allow":["GET"]}}],"collection":[{"href":"https:\/\/linitiative.ca\/International\/wp-json\/wp\/v2\/posts"}],"about":[{"href":"https:\/\/linitiative.ca\/International\/wp-json\/wp\/v2\/types\/post"}],"author":[{"embeddable":true,"href":"https:\/\/linitiative.ca\/International\/wp-json\/wp\/v2\/users\/1788"}],"replies":[{"embeddable":true,"href":"https:\/\/linitiative.ca\/International\/wp-json\/wp\/v2\/comments?post=30401"}],"version-history":[{"count":0,"href":"https:\/\/linitiative.ca\/International\/wp-json\/wp\/v2\/posts\/30401\/revisions"}],"wp:attachment":[{"href":"https:\/\/linitiative.ca\/International\/wp-json\/wp\/v2\/media?parent=30401"}],"wp:term":[{"taxonomy":"category","embeddable":true,"href":"https:\/\/linitiative.ca\/International\/wp-json\/wp\/v2\/categories?post=30401"},{"taxonomy":"post_tag","embeddable":true,"href":"https:\/\/linitiative.ca\/International\/wp-json\/wp\/v2\/tags?post=30401"}],"curies":[{"name":"wp","href":"https:\/\/api.w.org\/{rel}","templated":true}]}}