{"id":30402,"date":"2019-04-25T13:49:58","date_gmt":"2019-04-25T17:49:58","guid":{"rendered":"https:\/\/linitiative.ca\/International\/aadl-2-quelques-54-000-souscripteurs-convoques-pour-le-choix-des-sites\/"},"modified":"2019-04-25T13:49:58","modified_gmt":"2019-04-25T17:49:58","slug":"aadl-2-quelques-54-000-souscripteurs-convoques-pour-le-choix-des-sites","status":"publish","type":"post","link":"https:\/\/linitiative.ca\/International\/aadl-2-quelques-54-000-souscripteurs-convoques-pour-le-choix-des-sites\/","title":{"rendered":"AADL 2: quelques 54.000 souscripteurs convoqu\u00e9s pour le choix des sites"},"content":{"rendered":"<div>\n<div class=\"K2FeedImage\"><img decoding=\"async\" src=\"http:\/\/www.aps.dz\/media\/k2\/items\/cache\/98794ee16f22f5d4fabdd6f05f51ba07_S.jpg\" alt=\"AADL 2: quelques 54.000 souscripteurs convoqu\u00e9s pour le choix des sites\"><\/div>\n<div class=\"K2FeedIntroText\">\n<p><strong>ALGER &#8211; La cinqui\u00e8me op\u00e9ration de choix des sites au titre du programme AADL 2, a \u00e9t\u00e9 lanc\u00e9e jeudi \u00e0 Alger, au profit de 53.989 souscripteurs de 26 wilayas ayant vers\u00e9 la premi\u00e8re tranche.<\/strong><\/p>\n<\/div>\n<div class=\"K2FeedFullText\">\n<p>Le ministre de l&rsquo;Habitat, de l\u2019Urbanisme et de la Ville, Kamel Beldjoud a supervis\u00e9 le lancement de l&rsquo;op\u00e9ration du choix du site en pr\u00e9sence des cadres du minist\u00e8re et du Directeur g\u00e9n\u00e9ral (DG) de l&rsquo;Agence nationale de l&rsquo;am\u00e9lioration et du d\u00e9veloppement du logement (AADL).<\/p>\n<p>L&rsquo;op\u00e9ration concerne les wilayas de Laghouat, Batna, Blida, Bouira, T\u00e9bessa, Tiaret, Tizi Ouzou, Alger, Jijel, Mostaganem, Bordj Bou Ariridj, Mila, Mascara, Oran, Illizi, S\u00e9tif, Skikda, Sidi Bel-Abb\u00e9s, Annaba, M\u00e9d\u00e9a, Tissemsilt, Souk Ahras, Tipaza, Relizane et Ain T\u00e9mouchent.<\/p>\n<p>Le quota de la wilaya d&rsquo;Alger concerne 10.818 souscripteurs, contre 6.800 de Blida, 4.129 de Tizi Ouzou, 4.077 d&rsquo;Annaba, 2.450 de Tiaret, 2.300 de Jijel et 2000 d&rsquo;Oran.<\/p>\n<hr>\n<h3>Lire aussi:\u00a0<a href=\"http:\/\/www.aps.dz\/economie\/84281-aadl-2-un-programme-de-90-000-logements-avant-la-fin-du-1e-trimestre-2019\" target=\"_blank\" rel=\"noopener noreferrer\">AADL 2: programme de 90.000 logements avant la fin du 1e trimestre 2019<\/a><\/h3>\n<hr>\n<p>Une fois le site choisi, les souscripteurs peuvent retirer leur ordre de versement \u00e0 partir de leur domicile et proc\u00e9der au paiement de la deuxi\u00e8me tranche, a indiqu\u00e9 M. Beldjoud, relevant que l&rsquo;op\u00e9ration se poursuivra jusqu&rsquo;\u00e0 ce que l&rsquo;ensemble des souscripteurs soient convoqu\u00e9s.<\/p>\n<p>Les souscripteurs n&rsquo;ayant pas re\u00e7u de convocations pour cette op\u00e9ration, seront convoqu\u00e9s lors de la prochaine, a-t-il rassur\u00e9.<\/p>\n<p>Selon M. Beldjoud, les projets \u00ab\u00a0AADL\u00a0\u00bb sont sur la bonne voie et selon l&rsquo;agenda arr\u00eat\u00e9.<\/p>\n<\/div>\n<\/div>\n<p>Auteur:<br \/>\n<a href=\"http:\/\/www.aps.dz\/regions\/88624-aadl-2-quelques-54-000-souscripteurs-convoques-pour-le-choix-des-sites\">Cliquez ici pour lire l&rsquo;article depuis sa source.<\/a><\/p>\n","protected":false},"excerpt":{"rendered":"<p>ALGER &#8211; La cinqui\u00e8me op\u00e9ration de choix des sites au titre du programme AADL 2, a \u00e9t\u00e9 lanc\u00e9e jeudi \u00e0 Alger, au profit de 53.989 souscripteurs de 26 wilayas ayant vers\u00e9 la premi\u00e8re tranche. Le ministre de l&rsquo;Habitat, de l\u2019Urbanisme et de la Ville, Kamel Beldjoud a supervis\u00e9 le lancement de l&rsquo;op\u00e9ration du choix du [&hellip;]<\/p>\n","protected":false},"author":1790,"featured_media":30403,"comment_status":"closed","ping_status":"closed","sticky":false,"template":"","format":"standard","meta":{"fifu_image_url":"","fifu_image_alt":"","footnotes":""},"categories":[53,76],"tags":[],"class_list":["post-30402","post","type-post","status-publish","format-standard","has-post-thumbnail","hentry","category-algerie","category-regions"],"_links":{"self":[{"href":"https:\/\/linitiative.ca\/International\/wp-json\/wp\/v2\/posts\/30402","targetHints":{"allow":["GET"]}}],"collection":[{"href":"https:\/\/linitiative.ca\/International\/wp-json\/wp\/v2\/posts"}],"about":[{"href":"https:\/\/linitiative.ca\/International\/wp-json\/wp\/v2\/types\/post"}],"author":[{"embeddable":true,"href":"https:\/\/linitiative.ca\/International\/wp-json\/wp\/v2\/users\/1790"}],"replies":[{"embeddable":true,"href":"https:\/\/linitiative.ca\/International\/wp-json\/wp\/v2\/comments?post=30402"}],"version-history":[{"count":0,"href":"https:\/\/linitiative.ca\/International\/wp-json\/wp\/v2\/posts\/30402\/revisions"}],"wp:featuredmedia":[{"embeddable":true,"href":"https:\/\/linitiative.ca\/International\/wp-json\/"}],"wp:attachment":[{"href":"https:\/\/linitiative.ca\/International\/wp-json\/wp\/v2\/media?parent=30402"}],"wp:term":[{"taxonomy":"category","embeddable":true,"href":"https:\/\/linitiative.ca\/International\/wp-json\/wp\/v2\/categories?post=30402"},{"taxonomy":"post_tag","embeddable":true,"href":"https:\/\/linitiative.ca\/International\/wp-json\/wp\/v2\/tags?post=30402"}],"curies":[{"name":"wp","href":"https:\/\/api.w.org\/{rel}","templated":true}]}}