{"id":30404,"date":"2019-04-26T09:55:26","date_gmt":"2019-04-26T13:55:26","guid":{"rendered":"https:\/\/linitiative.ca\/International\/parachevement-de-la-mise-en-oeuvre-du-schema-damenagement-de-la-wilaya-dalger\/"},"modified":"2019-04-26T09:55:26","modified_gmt":"2019-04-26T13:55:26","slug":"parachevement-de-la-mise-en-oeuvre-du-schema-damenagement-de-la-wilaya-dalger","status":"publish","type":"post","link":"https:\/\/linitiative.ca\/International\/parachevement-de-la-mise-en-oeuvre-du-schema-damenagement-de-la-wilaya-dalger\/","title":{"rendered":"Parach\u00e8vement de la mise en oeuvre du Sch\u00e9ma d&rsquo;am\u00e9nagement de la wilaya d&rsquo;Alger"},"content":{"rendered":"<div>\n<div class=\"K2FeedImage\"><img decoding=\"async\" src=\"http:\/\/www.aps.dz\/media\/k2\/items\/cache\/fa4c13991f1a05d6ab6adced829bf36a_S.jpg\" alt=\"Parach\u00e8vement de la mise en oeuvre du Sch\u00e9ma d'am\u00e9nagement de la wilaya d'Alger\"><\/div>\n<div class=\"K2FeedIntroText\">\n<p>ALGER- Le nouveau wali d&rsquo;Alger, Abdelkhalek Siouda a affirm\u00e9 jeudi qu&rsquo;il s&#8217;emploierait au parach\u00e8vement de la mise en oeuvre du Plan strat\u00e9gique d&rsquo;am\u00e9nagement de la wilaya d&rsquo;Alger (2009-2035), tout en am\u00e9liorant un service public de qualit\u00e9 en faveur des citoyens.<\/p>\n<\/div>\n<div class=\"K2FeedFullText\">\n<blockquote>\n<p>S&rsquo;exprimant \u00e0 l&rsquo;occasion de la prise de ses nouvelles fonctions de wali d&rsquo;Alger en remplacement de Abdelkader Zoukh, M. Siouda a d\u00e9clar\u00e9 qu&rsquo;il veillerait au \u00ab\u00a0<em><strong>principe de la continuit\u00e9 de l&rsquo;Administration et des structures publiques\u00a0\u00bb, \u00e9tant \u00ab\u00a0d\u00e9termin\u00e9 \u00e0 poursuivre la mise en oeuvre du Plan strat\u00e9gique d&rsquo;am\u00e9nagement et d&rsquo;urbanisme de la wilaya d&rsquo;Alger (2009-2035)\u00a0\u00bb<\/strong><\/em>.<\/p>\n<\/blockquote>\n<p>Dans son allocution prononc\u00e9e devant les repr\u00e9sentants du corps s\u00e9curitaire et des membres des assembl\u00e9es \u00e9lus de la wilaya et des communes en pr\u00e9sence des directeurs ex\u00e9cutifs et repr\u00e9sentants de la soci\u00e9t\u00e9 civile, le wali a estim\u00e9 que les grands projets s&rsquo;inscrivant dans le cadre du Sch\u00e9ma strat\u00e9gique pour le d\u00e9veloppement de la capitale visent son \u00ab\u00a0d\u00e9veloppement\u00a0\u00bb, citant les r\u00e9alisations enregistr\u00e9es notamment \u00ab\u00a0l&rsquo;am\u00e9lioration des transports, la restructuration du tissu urbain, la r\u00e9activation du centre historique de la capitale, les r\u00e9\u00e9quilibrations \u00e9cologiques et la pr\u00e9servation des terrains agricoles\u00a0\u00bb.<\/p>\n<blockquote>\n<p>Soulignant la n\u00e9cessit\u00e9 \u00ab\u00a0<em><strong>de mobiliser de mani\u00e8re raisonnable toutes les potentialit\u00e9s pour l&rsquo;am\u00e9lioration du service public<\/strong><\/em>\u00ab\u00a0, le nouveau wali d&rsquo;Alger a appel\u00e9 les \u00e9lus locaux et les d\u00e9put\u00e9s des deux chambres \u00e0 \u00eatre \u00ab\u00a0au service des citoyens\u00a0\u00bb dans la transparence et \u00e0 assurer un service public \u00ab\u00a0de qualit\u00e9 et de proximit\u00e9\u00a0\u00bb.<\/p>\n<\/blockquote>\n<p>Au volet du d\u00e9veloppement \u00e9conomique de la capitale, M. Siouda a mis en avant sa d\u00e9termination \u00e0 \u00ab\u00a0relancer toutes les initiatives pour instaurer un climat ad\u00e9quat visant la mobilisation globale des \u00e9nergies des investissements et l&rsquo;am\u00e9lioration de leur attractivit\u00e9 territoriale et de leur sp\u00e9cificit\u00e9 concurrentielle\u00a0\u00bb, son r\u00f4le \u00e9tant \u00ab\u00a0la cr\u00e9ation d&rsquo;une valeur ajout\u00e9e\u00a0\u00bb devant assurer \u00e0 la population de meilleures opportunit\u00e9s de travail et un cadre de vie d\u00e9cent.<\/p>\n<hr>\n<p>Lire aussi:\u00a0<a href=\"http:\/\/www.aps.dz\/regions\/85202-wilaya-d-alger-plus-de-5-600-milliards-de-centimes-affectes-a-la-rehabilitation-du-vieux-bati-a-alger\">Wilaya d&rsquo;Alger: Plus de 5.600 milliards de centimes affect\u00e9s \u00e0 la r\u00e9habilitation du vieux b\u00e2ti \u00e0 Alger<\/a><\/p>\n<hr>\n<p>A cette occasion, une minute de silence a \u00e9t\u00e9 observ\u00e9e \u00e0 la m\u00e9moire des victimes de l&rsquo;effondrement d&rsquo;une b\u00e2tisse \u00e0 la basse Casbah.<\/p>\n<p>Rassurant les familles sinistr\u00e9es, le nouveau wali a promis que la wilaya et les pouvoirs publics ne m\u00e9nageraient aucun effort pour la prise en charge des b\u00e2tisses mena\u00e7ant ruine.<\/p>\n<p>Siouda a indiqu\u00e9 que son pr\u00e9d\u00e9cesseur avait marqu\u00e9 de son empreinte la mise en oeuvre de l&rsquo;ambitieux plan strat\u00e9gique et r\u00e9alis\u00e9 plusieurs acquis au profit de la capitale.<\/p>\n<p>Pour sa part, M. Zoukh a d\u00e9clar\u00e9 que, depuis son arriv\u00e9 \u00e0 la t\u00e8te de l&rsquo;ex\u00e9cutif de la wilaya d&rsquo;Alger en novembre 2013, il s&rsquo;\u00e9tait fix\u00e9 pour objectif \u00ab\u00a0de servir int\u00e9r\u00eat g\u00e9n\u00e9ral\u00a0\u00bb.<\/p>\n<p>A rappeler qu&rsquo;il a \u00e9t\u00e9 mis fin aux fonctions de M. Zoukh dans le cadre d&rsquo;un mouvement partiel dans le corps des walis et des walis d\u00e9l\u00e9gu\u00e9s op\u00e9r\u00e9 par le Chef de l&rsquo;Etat, Abdelkader Bensalah, conform\u00e9ment \u00e0 l&rsquo;article 92 de la Constitution, selon un communiqu\u00e9 de la Pr\u00e9sidence de la R\u00e9publique.<\/p>\n<p>\u00a0<\/p>\n<p>\u00a0<\/p>\n<\/div>\n<\/div>\n<p>Auteur:<br \/>\n<a href=\"http:\/\/www.aps.dz\/regions\/88633-alger-parachevement-de-la-mise-en-oeuvre-du-schema-d-amenagement-de-la-wilaya\">Cliquez ici pour lire l&rsquo;article depuis sa source.<\/a><\/p>\n","protected":false},"excerpt":{"rendered":"<p>ALGER- Le nouveau wali d&rsquo;Alger, Abdelkhalek Siouda a affirm\u00e9 jeudi qu&rsquo;il s&#8217;emploierait au parach\u00e8vement de la mise en oeuvre du Plan strat\u00e9gique d&rsquo;am\u00e9nagement de la wilaya d&rsquo;Alger (2009-2035), tout en am\u00e9liorant un service public de qualit\u00e9 en faveur des citoyens. S&rsquo;exprimant \u00e0 l&rsquo;occasion de la prise de ses nouvelles fonctions de wali d&rsquo;Alger en remplacement [&hellip;]<\/p>\n","protected":false},"author":1790,"featured_media":30405,"comment_status":"closed","ping_status":"closed","sticky":false,"template":"","format":"standard","meta":{"fifu_image_url":"","fifu_image_alt":"","footnotes":""},"categories":[53,76],"tags":[],"class_list":["post-30404","post","type-post","status-publish","format-standard","has-post-thumbnail","hentry","category-algerie","category-regions"],"_links":{"self":[{"href":"https:\/\/linitiative.ca\/International\/wp-json\/wp\/v2\/posts\/30404","targetHints":{"allow":["GET"]}}],"collection":[{"href":"https:\/\/linitiative.ca\/International\/wp-json\/wp\/v2\/posts"}],"about":[{"href":"https:\/\/linitiative.ca\/International\/wp-json\/wp\/v2\/types\/post"}],"author":[{"embeddable":true,"href":"https:\/\/linitiative.ca\/International\/wp-json\/wp\/v2\/users\/1790"}],"replies":[{"embeddable":true,"href":"https:\/\/linitiative.ca\/International\/wp-json\/wp\/v2\/comments?post=30404"}],"version-history":[{"count":0,"href":"https:\/\/linitiative.ca\/International\/wp-json\/wp\/v2\/posts\/30404\/revisions"}],"wp:featuredmedia":[{"embeddable":true,"href":"https:\/\/linitiative.ca\/International\/wp-json\/"}],"wp:attachment":[{"href":"https:\/\/linitiative.ca\/International\/wp-json\/wp\/v2\/media?parent=30404"}],"wp:term":[{"taxonomy":"category","embeddable":true,"href":"https:\/\/linitiative.ca\/International\/wp-json\/wp\/v2\/categories?post=30404"},{"taxonomy":"post_tag","embeddable":true,"href":"https:\/\/linitiative.ca\/International\/wp-json\/wp\/v2\/tags?post=30404"}],"curies":[{"name":"wp","href":"https:\/\/api.w.org\/{rel}","templated":true}]}}