{"id":30410,"date":"2019-04-25T18:22:52","date_gmt":"2019-04-25T22:22:52","guid":{"rendered":"https:\/\/linitiative.ca\/International\/la-preservation-et-la-valorisation-des-zones-humides-au-centre-dun-congres-international-a-nador\/"},"modified":"2019-04-25T18:22:52","modified_gmt":"2019-04-25T22:22:52","slug":"la-preservation-et-la-valorisation-des-zones-humides-au-centre-dun-congres-international-a-nador","status":"publish","type":"post","link":"https:\/\/linitiative.ca\/International\/la-preservation-et-la-valorisation-des-zones-humides-au-centre-dun-congres-international-a-nador\/","title":{"rendered":"La pr\u00e9servation et la valorisation des zones humides au centre d\u2019un congr\u00e8s international \u00e0 Nador"},"content":{"rendered":"<div readability=\"35\">\n<p>Les moyens de pr\u00e9servation et de valorisation des zones humides en tant que patrimoine naturel et vecteur de d\u00e9veloppement ont \u00e9t\u00e9 examin\u00e9s lors d\u2019un congr\u00e8s international dont les travaux se sont ouverts, jeudi \u00e0 l\u2019initiative de la Facult\u00e9 Pluridisciplinaire de Nador (FPN).<\/p>\n<\/div>\n<div readability=\"101\">\n<p>Tenu sous le th\u00e8me \u00ab\u00a0Les zones humides \u2013 Bassins versants et d\u00e9veloppement local\u00a0\u00bb, cet \u00e9v\u00e9nement scientifique organis\u00e9 en partenariat avec l\u2019Observatoire de la Lagune Marchica de Nador et R\u00e9gions Limitrophes (OLMAN- RL) et l\u2019Universit\u00e9 Mohammed Premier d\u2019Oujda, a \u00e9t\u00e9 l\u2019occasion de pr\u00e9senter les derni\u00e8res avanc\u00e9es scientifiques en la mati\u00e8re ainsi que d\u2019\u00e9tablir des contacts entre les diff\u00e9rents acteurs et op\u00e9rateurs socio-\u00e9conomiques en vue de pr\u00e9server ces zones de grand int\u00e9r\u00eat biologique.<\/p>\n<p>Le congr\u00e8s, qui s\u2019\u00e9tale sur trois jours, vise \u00e9galement \u00e0 mettre la lumi\u00e8re sur le r\u00f4le important que jouent les zones humides en faveur du d\u00e9veloppement durable, ainsi que de pr\u00e9senter les travaux des chercheurs et d\u2019\u00e9changer leurs exp\u00e9riences dans l\u2019\u00e9tude de ces \u00e9cosyst\u00e8mes et zones avoisinantes selon diverses approches (biologiques, g\u00e9ologiques et physicochimiques).<\/p>\n<p>Il s\u2019agit aussi de sensibiliser les acteurs locaux et les d\u00e9cideurs sur l\u2019importance \u00e9cologique, sociale et \u00e9conomique des zones humides en tant qu\u2019\u00e9cosyst\u00e8me fragile.<\/p>\n<p>Les zones humides constituent le berceau de la diversit\u00e9 biologique et un v\u00e9ritable vecteur de d\u00e9veloppement durable, a indiqu\u00e9 \u00e0 la MAP le doyen de la FPN, Ali Azdimoussa, notant que ces \u00e9cosyst\u00e8mes sont toutefois fortement menac\u00e9s par divers agissements surtout anthropiques et continuent de dispara\u00eetre de mani\u00e8re tr\u00e8s inqui\u00e9tante.<\/p>\n<p>Le Maroc, a-t-il dit, s\u2019est engag\u00e9 dans les efforts internationaux pour la pr\u00e9servation de ces zones \u00e0 travers le monde et ce, depuis son adh\u00e9sion \u00e0 la convention RAMSAR en 1980, ajoutant que la zone c\u00f4ti\u00e8re de la r\u00e9gion de l\u2019Oriental compte actuellement quatre sites inscrits sur la Liste des zones humides d\u2019importance internationale (Sites Ramsar).<\/p>\n<p>Ces sites caract\u00e9ris\u00e9s par une richesse biologique et g\u00e9ologique naturelle, terrestre et aquatique tr\u00e8s diversifi\u00e9e, pr\u00e9sentent d\u2019innombrables int\u00e9r\u00eats scientifiques, p\u00e9dagogiques, culturels et touristiques, a-t-il expliqu\u00e9, formant le v\u0153u de pouvoir augmenter le nombre des ces sites, notamment en int\u00e9grant la for\u00eat de Gourougou et l\u2019oued Amekrane.<\/p>\n<p>Pour sa part, le directeur du laboratoire OLMAN-RL, Akodad Mustapha a consid\u00e9r\u00e9 que les zones humides sont tr\u00e8s fragiles d\u2019o\u00f9 la n\u00e9cessit\u00e9 de f\u00e9d\u00e9rer les efforts de tous les intervenants afin de lutter efficacement contre les facteurs de d\u00e9gradation de ces zones qui sont indispensables \u00e0 la survie de l\u2019humanit\u00e9 et \u00e0 la lutte contre les changements climatiques.<\/p>\n<p>\u00ab\u00a0Apr\u00e8s la premi\u00e8re \u00e9dition du congr\u00e8s organis\u00e9 en 2014, nous nous sommes r\u00e9unis aujourd\u2019hui avec plusieurs professeurs marocains et \u00e9trangers afin d\u2019examiner les moyens \u00e0 m\u00eame de prot\u00e9ger les zones humaines et de d\u00e9voiler les menaces qui p\u00e8sent sur ces \u00e9cosyst\u00e8mes\u00a0\u00bb, a-t-il dit.<\/p>\n<p>Ce congr\u00e8s est ax\u00e9 sur plusieurs th\u00e9matiques dont notamment \u00ab\u00a0l\u2019environnement et l\u2019aquaculture\u00a0\u00bb, \u00ab\u00a0l\u2019agriculture dans les zones humides\u00a0\u00bb, \u00ab\u00a0la valorisation et la protection des zones humides\u00a0\u00bb, \u00ab\u00a0la biodiversit\u00e9 et la pal\u00e9obiodiversit\u00e9\u00a0\u00bb et \u00ab\u00a0la gestion des bassins versants\u00a0\u00bb.<\/p>\n<\/div>\n<p>Auteur: Soufiane ELAHMAR<br \/>\n<a href=\"http:\/\/www.mapoujda.ma\/fr\/la-preservation-et-la-valorisation-des-zones-humides-au-centre-dun-congres-international-a-nador\/\">Cliquez ici pour lire l&rsquo;article depuis sa source.<\/a><\/p>\n","protected":false},"excerpt":{"rendered":"<p>Les moyens de pr\u00e9servation et de valorisation des zones humides en tant que patrimoine naturel et vecteur de d\u00e9veloppement ont \u00e9t\u00e9 examin\u00e9s lors d\u2019un congr\u00e8s international dont les travaux se sont ouverts, jeudi \u00e0 l\u2019initiative de la Facult\u00e9 Pluridisciplinaire de Nador (FPN). Tenu sous le th\u00e8me \u00ab\u00a0Les zones humides \u2013 Bassins versants et d\u00e9veloppement local\u00a0\u00bb, [&hellip;]<\/p>\n","protected":false},"author":1788,"featured_media":0,"comment_status":"closed","ping_status":"closed","sticky":false,"template":"","format":"standard","meta":{"fifu_image_url":"","fifu_image_alt":"","footnotes":""},"categories":[54,76],"tags":[],"class_list":["post-30410","post","type-post","status-publish","format-standard","hentry","category-maroc","category-regions"],"_links":{"self":[{"href":"https:\/\/linitiative.ca\/International\/wp-json\/wp\/v2\/posts\/30410","targetHints":{"allow":["GET"]}}],"collection":[{"href":"https:\/\/linitiative.ca\/International\/wp-json\/wp\/v2\/posts"}],"about":[{"href":"https:\/\/linitiative.ca\/International\/wp-json\/wp\/v2\/types\/post"}],"author":[{"embeddable":true,"href":"https:\/\/linitiative.ca\/International\/wp-json\/wp\/v2\/users\/1788"}],"replies":[{"embeddable":true,"href":"https:\/\/linitiative.ca\/International\/wp-json\/wp\/v2\/comments?post=30410"}],"version-history":[{"count":0,"href":"https:\/\/linitiative.ca\/International\/wp-json\/wp\/v2\/posts\/30410\/revisions"}],"wp:attachment":[{"href":"https:\/\/linitiative.ca\/International\/wp-json\/wp\/v2\/media?parent=30410"}],"wp:term":[{"taxonomy":"category","embeddable":true,"href":"https:\/\/linitiative.ca\/International\/wp-json\/wp\/v2\/categories?post=30410"},{"taxonomy":"post_tag","embeddable":true,"href":"https:\/\/linitiative.ca\/International\/wp-json\/wp\/v2\/tags?post=30410"}],"curies":[{"name":"wp","href":"https:\/\/api.w.org\/{rel}","templated":true}]}}