{"id":30411,"date":"2019-04-26T08:30:22","date_gmt":"2019-04-26T12:30:22","guid":{"rendered":"https:\/\/linitiative.ca\/International\/rebond-inattendu-des-ventes-de-ciment\/"},"modified":"2019-04-26T08:30:22","modified_gmt":"2019-04-26T12:30:22","slug":"rebond-inattendu-des-ventes-de-ciment","status":"publish","type":"post","link":"https:\/\/linitiative.ca\/International\/rebond-inattendu-des-ventes-de-ciment\/","title":{"rendered":"Rebond inattendu des ventes de ciment"},"content":{"rendered":"<div readability=\"37\">\n<p>3,56 millions de tonnes \u00e9coul\u00e9es au 1er trimestre<\/p>\n<p>Les volumes progressent de pr\u00e8s de 8%<\/p>\n<p>La profession reste prudente sur l\u2019\u00e9volution du march\u00e9<\/p>\n<\/div>\n<div readability=\"84\">\n<div class=\"dnd-atom-wrapper type-image context-sdl_editor_representation\" contenteditable=\"false\" readability=\"39\">\n<div class=\"dnd-drop-wrapper image\"><img loading=\"lazy\" decoding=\"async\" typeof=\"foaf:Image\" class=\"img-responsive\" src=\"https:\/\/leconomiste.com\/sites\/default\/files\/eco7\/public\/thumbnails\/image\/construction_5503.jpg\" width=\"660\" height=\"330\" alt=\"construction_5503.jpg\" title=\"construction_5503.jpg\"\/><\/div>\n<p>\u00abLa dynamique que conna\u00eet le secteur du BTP devrait se maintenir pour les prochaines ann\u00e9es\u00bb, assure le d\u00e9partement de tutelle. Elle serait, en cela, assist\u00e9e par la mise en place des \u00e9cosyst\u00e8mes mat\u00e9riaux de construction, qui constituent \u00e9galement un levier pour redynamiser le secteur\u00a0<br \/>(Ph. F. Al Nasser)<\/p>\n<\/div>\n<p class=\"rtejustify\">Suivi de pr\u00e8s par les op\u00e9rateurs du BTP et des mat\u00e9riaux de construction, le march\u00e9 cimentier entame l\u2019ann\u00e9e sur une note positive. Les volumes \u00e9coul\u00e9s au premier trimestre se sont appr\u00e9ci\u00e9s de 7,83% cumulant \u00e0 3,56 millions de tonnes. Pour le seul mois de mars, pr\u00e8s de 1,28 million de tonnes ont \u00e9t\u00e9 commercialis\u00e9es contre 1,24 million un an auparavant, soit une progression de 13,7%. C\u2019est ce qui ressort des donn\u00e9es publi\u00e9es par l\u2019Association professionnelle des cimentiers.\u00a0<br \/>Le cumul enregistr\u00e9 au premier trimestre s\u2019approche du volume atteint au cours de la m\u00eame p\u00e9riode de 2016 (3,73 millions de tonnes). Toutefois, il reste sup\u00e9rieur \u00e0 la consommation des trois premiers mois de 2018 (3,3 millions de tonnes) et 2017 (3,55 millions de tonnes). \u00abCette hausse des volumes est attribu\u00e9e \u00e0 la relance des chantiers de BTP relev\u00e9e depuis novembre dernier\u00bb, pr\u00e9cise un producteur de mat\u00e9riaux de construction.\u00a0<br \/>Pour autant, les cimentiers restent prudents surtout apr\u00e8s une ann\u00e9e 2018 difficile marqu\u00e9e par une contraction de 3,7% des ventes. C\u2019est le cas du leader du march\u00e9, LafargeHolcim Maroc. Pour cette ann\u00e9e, le groupe n\u2019anticipe pas d\u2019\u00e9volution significative des conditions du march\u00e9 m\u00eame si son management reste confiant sur les fondamentaux du secteur. Il a annonc\u00e9, lors de la pr\u00e9sentation des r\u00e9sultats annuels la poursuite de sa strat\u00e9gie d\u2019investissement notamment avec la construction d\u2019une nouvelle unit\u00e9 dans la r\u00e9gion du Souss qui sera op\u00e9rationnelle en 2020. L\u2019an dernier, la baisse du march\u00e9 et la hausse du co\u00fbt du petcoke ont impact\u00e9 n\u00e9gativement le chiffre d\u2019affaires du groupe. Son r\u00e9sultat d\u2019exploitation s\u2019est \u00e9tabli \u00e0 2,98 milliards de DH, en repli de 5%.\u00a0<\/p>\n<div class=\"dnd-atom-wrapper type-image context-sdl_editor_representation atom-align-left\" contenteditable=\"false\">\n<div class=\"dnd-drop-wrapper image\"><img loading=\"lazy\" decoding=\"async\" typeof=\"foaf:Image\" class=\"img-responsive\" src=\"https:\/\/leconomiste.com\/sites\/default\/files\/eco7\/public\/thumbnails\/image\/performance_ciment_5503.jpg\" width=\"300\" height=\"255\" alt=\"performance_ciment_5503.jpg\" title=\"performance_ciment_5503.jpg\"\/><\/div>\n<\/div>\n<p class=\"rtejustify\">Dans un contexte peu favorable, les ventes de Ciments du Maroc et de sa filiale Indusaha ont \u00e9galement fl\u00e9chi. La baisse a atteint 2,7% comparativement \u00e0 2017. Le chiffre d\u2019affaires op\u00e9rationnel s\u2019est \u00e9tabli, par cons\u00e9quent, \u00e0 4,02 milliards de DH, en l\u00e9ger recul de 0,7% par rapport \u00e0 2017. Ciments du Maroc, filiale de HeidelbergCement Group, est le deuxi\u00e8me cimentier et le premier op\u00e9rateur dans le b\u00e9ton pr\u00eat \u00e0 l\u2019emploi et les granulats.<br \/>Malgr\u00e9 l\u2019embellie constat\u00e9e au premier trimestre, les cimentiers h\u00e9sitent \u00e0 se prononcer. Une \u00e9tude de CFG Bank pr\u00e9dit une croissance estim\u00e9e \u00e0 2% en 2019. Ses auteurs pr\u00e9voient \u00e9galement une baisse des cours du petcoke.\u00a0<br \/>Pour sa part, le ministre de l\u2019Habitat, Abdelahad Fassi Fehri, a tent\u00e9 de rassurer les op\u00e9rateurs. \u00abLa dynamique que conna\u00eet le secteur du BTP devrait se maintenir pour les prochaines ann\u00e9es, compte tenu des objectifs que s\u2019est fix\u00e9 le programme gouvernemental en mati\u00e8re d\u2019habitat\u00bb. Notons que la mise en place des \u00e9cosyst\u00e8mes mat\u00e9riaux de construction constituera \u00e9galement un levier pour redynamiser le secteur.<\/p>\n<blockquote readability=\"12\">\n<p class=\"rtecenter\"><strong><span class=\"c3\">L\u2019auto-construction en berne<\/span><\/strong><\/p>\n<p class=\"rtejustify\">L\u2019auto-construction ne d\u00e9marre toujours pas. L\u2019activit\u00e9 en est \u00e0 son septi\u00e8me exercice cons\u00e9cutif de baisse. En 2017, le nombre de lots et logements construits a enregistr\u00e9 un ralentissement de 3% par rapport \u00e0 un an auparavant. Les mises en chantiers ont atteint 82.849 contre 85.070 unit\u00e9s en 2016. Un volume loin derri\u00e8re celui enregistr\u00e9 lors des ann\u00e9es fastes. En 2012, l\u2019auto-construction a atteint 100.205 unit\u00e9s.\u00a0<\/p>\n<\/blockquote>\n<p class=\"rtejustify\">\u00a0<\/p>\n<\/div>\n<p>Auteur: mbasraoui<br \/>\n<a href=\"https:\/\/www.leconomiste.com\/article\/1044273-rebond-inattendu-des-ventes-de-ciment\">Cliquez ici pour lire l&rsquo;article depuis sa source.<\/a><\/p>\n","protected":false},"excerpt":{"rendered":"<p>3,56 millions de tonnes \u00e9coul\u00e9es au 1er trimestre Les volumes progressent de pr\u00e8s de 8% La profession reste prudente sur l\u2019\u00e9volution du march\u00e9 \u00abLa dynamique que conna\u00eet le secteur du BTP devrait se maintenir pour les prochaines ann\u00e9es\u00bb, assure le d\u00e9partement de tutelle. Elle serait, en cela, assist\u00e9e par la mise en place des \u00e9cosyst\u00e8mes [&hellip;]<\/p>\n","protected":false},"author":1763,"featured_media":30412,"comment_status":"closed","ping_status":"closed","sticky":false,"template":"","format":"standard","meta":{"fifu_image_url":"","fifu_image_alt":"","footnotes":""},"categories":[78,54],"tags":[],"class_list":["post-30411","post","type-post","status-publish","format-standard","has-post-thumbnail","hentry","category-economie","category-maroc"],"_links":{"self":[{"href":"https:\/\/linitiative.ca\/International\/wp-json\/wp\/v2\/posts\/30411","targetHints":{"allow":["GET"]}}],"collection":[{"href":"https:\/\/linitiative.ca\/International\/wp-json\/wp\/v2\/posts"}],"about":[{"href":"https:\/\/linitiative.ca\/International\/wp-json\/wp\/v2\/types\/post"}],"author":[{"embeddable":true,"href":"https:\/\/linitiative.ca\/International\/wp-json\/wp\/v2\/users\/1763"}],"replies":[{"embeddable":true,"href":"https:\/\/linitiative.ca\/International\/wp-json\/wp\/v2\/comments?post=30411"}],"version-history":[{"count":0,"href":"https:\/\/linitiative.ca\/International\/wp-json\/wp\/v2\/posts\/30411\/revisions"}],"wp:featuredmedia":[{"embeddable":true,"href":"https:\/\/linitiative.ca\/International\/wp-json\/"}],"wp:attachment":[{"href":"https:\/\/linitiative.ca\/International\/wp-json\/wp\/v2\/media?parent=30411"}],"wp:term":[{"taxonomy":"category","embeddable":true,"href":"https:\/\/linitiative.ca\/International\/wp-json\/wp\/v2\/categories?post=30411"},{"taxonomy":"post_tag","embeddable":true,"href":"https:\/\/linitiative.ca\/International\/wp-json\/wp\/v2\/tags?post=30411"}],"curies":[{"name":"wp","href":"https:\/\/api.w.org\/{rel}","templated":true}]}}