{"id":30417,"date":"2019-04-26T10:30:49","date_gmt":"2019-04-26T14:30:49","guid":{"rendered":"https:\/\/linitiative.ca\/International\/kelaat-mgouna-accueille-son-57e-salon-international-de-la-rose-a-parfum\/"},"modified":"2019-04-26T10:30:49","modified_gmt":"2019-04-26T14:30:49","slug":"kelaat-mgouna-accueille-son-57e-salon-international-de-la-rose-a-parfum","status":"publish","type":"post","link":"https:\/\/linitiative.ca\/International\/kelaat-mgouna-accueille-son-57e-salon-international-de-la-rose-a-parfum\/","title":{"rendered":"Kel\u00e2at Mgouna accueille son 57e Salon international de la rose \u00e0 parfum"},"content":{"rendered":"<div class=\"dnd-atom-wrapper type-image context-sdl_editor_representation\" contenteditable=\"false\">\n<div class=\"dnd-drop-wrapper image\"><img loading=\"lazy\" decoding=\"async\" typeof=\"foaf:Image\" class=\"img-responsive\" src=\"https:\/\/leconomiste.com\/sites\/default\/files\/eco7\/public\/thumbnails\/image\/kelaat_mgouna_5503.jpg\" width=\"660\" height=\"330\" alt=\"kelaat_mgouna_5503.jpg\" title=\"kelaat_mgouna_5503.jpg\"\/><\/div>\n<\/div>\n<p class=\"rtejustify\">La commune de Kel\u00e2at Mgouna dans la province de Tinghir accueille, \u00e0 partir du 24 et jusqu\u2019au 28 avril, le Salon international de la rose \u00e0 parfum dans sa 57\u00e8me \u00e9dition.<br \/>Organis\u00e9 par le minist\u00e8re de l\u2019Agriculture, en partenariat avec la province et le conseil provincial de Tinghir, le conseil communal de Kel\u00e2at Mgouna, le salon a pour th\u00e8me cette ann\u00e9e \u00abLa rose \u00e0 parfum, un levier fort pour l\u2019emploi et la dynamique \u00e9conomique locale\u00bb.<br \/>Durant quatre jours, des s\u00e9minaires scientifiques et des tables rondes seront organis\u00e9s par des chercheurs, universitaires et experts autour de divers sujets inh\u00e9rents aux perspectives de d\u00e9veloppement de la fili\u00e8re de la rose \u00e0 parfum. En outre, les agriculteurs et les coop\u00e9ratives participant \u00e0 l\u2019exposition b\u00e9n\u00e9ficieront, tout au long du salon, de formations li\u00e9es aux produits locaux. D\u2019autres activit\u00e9s culturelles et artistiques sont pr\u00e9vues en parall\u00e8le ainsi qu\u2019une comp\u00e9tition dans l\u2019art de la \u00abtborida\u00bb avec la participation d\u2019\u00e9quipes repr\u00e9sentant diff\u00e9rentes r\u00e9gions du Royaume.<\/p>\n<p class=\"rtejustify\">\u00a0<\/p>\n<p>Auteur: mbasraoui<br \/>\n<a href=\"https:\/\/www.leconomiste.com\/article\/1044276-kelaat-mgouna-accueille-son-57e-salon-international-de-la-rose-parfum\">Cliquez ici pour lire l&rsquo;article depuis sa source.<\/a><\/p>\n","protected":false},"excerpt":{"rendered":"<p>La commune de Kel\u00e2at Mgouna dans la province de Tinghir accueille, \u00e0 partir du 24 et jusqu\u2019au 28 avril, le Salon international de la rose \u00e0 parfum dans sa 57\u00e8me \u00e9dition.Organis\u00e9 par le minist\u00e8re de l\u2019Agriculture, en partenariat avec la province et le conseil provincial de Tinghir, le conseil communal de Kel\u00e2at Mgouna, le salon [&hellip;]<\/p>\n","protected":false},"author":1763,"featured_media":30418,"comment_status":"closed","ping_status":"closed","sticky":false,"template":"","format":"standard","meta":{"fifu_image_url":"","fifu_image_alt":"","footnotes":""},"categories":[78,54],"tags":[],"class_list":["post-30417","post","type-post","status-publish","format-standard","has-post-thumbnail","hentry","category-economie","category-maroc"],"_links":{"self":[{"href":"https:\/\/linitiative.ca\/International\/wp-json\/wp\/v2\/posts\/30417","targetHints":{"allow":["GET"]}}],"collection":[{"href":"https:\/\/linitiative.ca\/International\/wp-json\/wp\/v2\/posts"}],"about":[{"href":"https:\/\/linitiative.ca\/International\/wp-json\/wp\/v2\/types\/post"}],"author":[{"embeddable":true,"href":"https:\/\/linitiative.ca\/International\/wp-json\/wp\/v2\/users\/1763"}],"replies":[{"embeddable":true,"href":"https:\/\/linitiative.ca\/International\/wp-json\/wp\/v2\/comments?post=30417"}],"version-history":[{"count":0,"href":"https:\/\/linitiative.ca\/International\/wp-json\/wp\/v2\/posts\/30417\/revisions"}],"wp:featuredmedia":[{"embeddable":true,"href":"https:\/\/linitiative.ca\/International\/wp-json\/"}],"wp:attachment":[{"href":"https:\/\/linitiative.ca\/International\/wp-json\/wp\/v2\/media?parent=30417"}],"wp:term":[{"taxonomy":"category","embeddable":true,"href":"https:\/\/linitiative.ca\/International\/wp-json\/wp\/v2\/categories?post=30417"},{"taxonomy":"post_tag","embeddable":true,"href":"https:\/\/linitiative.ca\/International\/wp-json\/wp\/v2\/tags?post=30417"}],"curies":[{"name":"wp","href":"https:\/\/api.w.org\/{rel}","templated":true}]}}