{"id":30421,"date":"2019-04-26T12:30:46","date_gmt":"2019-04-26T16:30:46","guid":{"rendered":"https:\/\/linitiative.ca\/International\/forum-de-la-mer-un-7e-rendez-vous-pour-leveil-des-consciences\/"},"modified":"2019-04-26T12:30:46","modified_gmt":"2019-04-26T16:30:46","slug":"forum-de-la-mer-un-7e-rendez-vous-pour-leveil-des-consciences","status":"publish","type":"post","link":"https:\/\/linitiative.ca\/International\/forum-de-la-mer-un-7e-rendez-vous-pour-leveil-des-consciences\/","title":{"rendered":"Forum de la mer: Un 7e rendez-vous pour l\u2019\u00e9veil des consciences"},"content":{"rendered":"<div readability=\"37\">\n<p>Conf\u00e9rences, ateliers, initiations, projets innovants\u2026 au programme<\/p>\n<p>Autant d\u2019activit\u00e9s de sensibilisation au d\u00e9veloppement durable<\/p>\n<\/div>\n<div readability=\"66.5\">\n<div class=\"dnd-atom-wrapper type-image context-sdl_editor_representation\" contenteditable=\"false\" readability=\"35\">\n<div class=\"dnd-drop-wrapper image\"><img loading=\"lazy\" decoding=\"async\" typeof=\"foaf:Image\" class=\"img-responsive\" src=\"https:\/\/www.leconomiste.com\/sites\/default\/files\/eco7\/public\/thumbnails\/image\/forum_de_la_mer_5503.jpg\" width=\"660\" height=\"330\" alt=\"forum_de_la_mer_5503.jpg\" title=\"forum_de_la_mer_5503.jpg\"\/><\/div>\n<p>Comme chaque ann\u00e9e, le Forum de la mer propose aux jeunes d\u2019El Jadida des initiations gratuites aux sports nautiques \u00e0 l\u2019Archipel des enfants. De quoi les sensibiliser tr\u00e8s t\u00f4t \u00e0 la protection des oc\u00e9ans (Ph. K. Errajaoui)<\/p>\n<\/div>\n<p class=\"rtejustify\">Le Forum de la mer vient de lancer sa 7e \u00e9dition autour du th\u00e8me \u00abL\u2019Oc\u00e9an, source de vie\u00bb. Organis\u00e9 \u00e0 El Jadida jusqu\u2019au 28 avril prochain, il s\u2019agit de diffuser la bonne parole \u00e0 travers des conf\u00e9rences et ateliers d\u2019experts, ouverts gratuitement au public ce week-end. \u00abLe Forum est maintenant identifi\u00e9 comme un rendez-vous incontournable pour une communaut\u00e9 de citoyens de la mer qui ne cesse de s\u2019agrandir chaque ann\u00e9e. A travers des activit\u00e9s de sensibilisation, ludo-\u00e9ducatives et de d\u00e9couverte de l\u2019environnement marin, l\u2019Archipel des enfants s\u2019est affirm\u00e9 comme un espace tr\u00e8s efficace pour insuffler un vent d\u2019\u00e9co-responsabilit\u00e9 aupr\u00e8s des plus jeunes, pour que ce sentiment puisse grandir et s\u2019\u00e9panouir au fil des \u00e9ditions\u00bb explique Mehdi Alaoui Mdaghri, directeur associ\u00e9 chez Eganeo et pr\u00e9sident de Plan\u00e8te citoyenne. Espace vivant, mer nourrici\u00e8re, source de vie \u00e9conomique, et source de solutions pour l\u2019avenir de l\u2019humain, les experts nationaux et \u00e9trangers vont \u00abd\u00e9cortiquer\u00bb l\u2019oc\u00e9an, qui rappelons-le recouvre 70% de la plan\u00e8te. Si certaines initiatives telles que Z\u00e9ro Mika, la ceinture bleue ou le Plan national littoral affichent d\u2019ores et d\u00e9j\u00e0, pour certaines, des r\u00e9sultats tangibles, le pays a encore du pain sur la planche. Comme le confirme le directeur associ\u00e9, organisateur de l\u2019\u00e9v\u00e9nement, \u00abil reste \u00e9videmment beaucoup \u00e0 faire, notamment en termes de renforcement des actions de sensibilisation, de recyclage, de R&#038;D et d\u2019innovation en mati\u00e8re d\u2019aquaculture durable, de tourisme bleu et de plaisance ou encore de restauration et de pr\u00e9servation des \u00e9cosyst\u00e8mes notamment \u00e0 travers la cr\u00e9ation d\u2019aires marines prot\u00e9g\u00e9es\u00bb.\u00a0<br \/>Ce rendez-vous se tourne donc vers le grand public, avec les jeunes pour premi\u00e8re cible. L\u2019objectif est \u00e9galement de promouvoir le d\u00e9veloppement durable via des projets innovants mis en lumi\u00e8re par le laboratoire d\u2019id\u00e9es Sea Lab o\u00f9 se r\u00e9unissent des \u00e9tudiants, des chercheurs, et des porteurs de projets entrepreneuriaux et associatifs. Lanc\u00e9e lors de la pr\u00e9c\u00e9dente \u00e9dition, l\u2019association du Forum de la mer d\u2019El Jadida \u00aba pour vocation de perp\u00e9tuer l\u2019esprit du Forum tout au long de l\u2019ann\u00e9e et de mener des actions de sensibilisation autour du monde de la mer et du d\u00e9veloppement durable\u00bb continue Mdaghri, qui r\u00eave aussi \u00abde participer \u00e0 la cr\u00e9ation d\u2019un centre de d\u00e9couverte de la mer \u00e0 Mazagan, afin de faire conna\u00eetre ses valeurs et ses potentialit\u00e9s au plus grand nombre\u00bb. En plein dans l\u2019Objectif de d\u00e9veloppement durable 14, qui vise \u00e0 pr\u00e9server un oc\u00e9an sain et vivant.<\/p>\n<p class=\"rtejustify\">\u00a0<\/p>\n<\/div>\n<p>Auteur: mbasraoui<br \/>\n<a href=\"https:\/\/www.leconomiste.com\/article\/1044288-forum-de-la-mer-un-7e-rendez-vous-pour-l-eveil-des-consciences\">Cliquez ici pour lire l&rsquo;article depuis sa source.<\/a><\/p>\n","protected":false},"excerpt":{"rendered":"<p>Conf\u00e9rences, ateliers, initiations, projets innovants\u2026 au programme Autant d\u2019activit\u00e9s de sensibilisation au d\u00e9veloppement durable Comme chaque ann\u00e9e, le Forum de la mer propose aux jeunes d\u2019El Jadida des initiations gratuites aux sports nautiques \u00e0 l\u2019Archipel des enfants. De quoi les sensibiliser tr\u00e8s t\u00f4t \u00e0 la protection des oc\u00e9ans (Ph. K. Errajaoui) Le Forum de la [&hellip;]<\/p>\n","protected":false},"author":1763,"featured_media":30422,"comment_status":"closed","ping_status":"closed","sticky":false,"template":"","format":"standard","meta":{"fifu_image_url":"","fifu_image_alt":"","footnotes":""},"categories":[78,54],"tags":[],"class_list":["post-30421","post","type-post","status-publish","format-standard","has-post-thumbnail","hentry","category-economie","category-maroc"],"_links":{"self":[{"href":"https:\/\/linitiative.ca\/International\/wp-json\/wp\/v2\/posts\/30421","targetHints":{"allow":["GET"]}}],"collection":[{"href":"https:\/\/linitiative.ca\/International\/wp-json\/wp\/v2\/posts"}],"about":[{"href":"https:\/\/linitiative.ca\/International\/wp-json\/wp\/v2\/types\/post"}],"author":[{"embeddable":true,"href":"https:\/\/linitiative.ca\/International\/wp-json\/wp\/v2\/users\/1763"}],"replies":[{"embeddable":true,"href":"https:\/\/linitiative.ca\/International\/wp-json\/wp\/v2\/comments?post=30421"}],"version-history":[{"count":0,"href":"https:\/\/linitiative.ca\/International\/wp-json\/wp\/v2\/posts\/30421\/revisions"}],"wp:featuredmedia":[{"embeddable":true,"href":"https:\/\/linitiative.ca\/International\/wp-json\/"}],"wp:attachment":[{"href":"https:\/\/linitiative.ca\/International\/wp-json\/wp\/v2\/media?parent=30421"}],"wp:term":[{"taxonomy":"category","embeddable":true,"href":"https:\/\/linitiative.ca\/International\/wp-json\/wp\/v2\/categories?post=30421"},{"taxonomy":"post_tag","embeddable":true,"href":"https:\/\/linitiative.ca\/International\/wp-json\/wp\/v2\/tags?post=30421"}],"curies":[{"name":"wp","href":"https:\/\/api.w.org\/{rel}","templated":true}]}}