{"id":30427,"date":"2019-04-26T14:00:53","date_gmt":"2019-04-26T18:00:53","guid":{"rendered":"https:\/\/linitiative.ca\/International\/sommets-sur-la-libye-et-le-soudan-au-caire\/"},"modified":"2019-04-26T14:00:53","modified_gmt":"2019-04-26T18:00:53","slug":"sommets-sur-la-libye-et-le-soudan-au-caire","status":"publish","type":"post","link":"https:\/\/linitiative.ca\/International\/sommets-sur-la-libye-et-le-soudan-au-caire\/","title":{"rendered":"Sommets sur la Libye et le Soudan au Caire"},"content":{"rendered":"<div readability=\"34\">\n<p>Des dirigeants africains demandent l\u2019arr\u00eat imm\u00e9diat des combats<\/p>\n<p>Endiguer la crise et relancer le processus politique<\/p>\n<\/div>\n<div readability=\"52\">\n<p class=\"rtejustify\">L&rsquo;Egypte a organis\u00e9, mardi 24 avril au Caire, deux sommets africains sur les crises actuelles au Soudan et en Libye. Le but de la rencontre \u00e9tait de trouver les moyens d&rsquo;endiguer la crise et de relancer le processus politique. En Libye, des combats violents opposent depuis le 4 avril les forces loyales au Gouvernement d&rsquo;union nationale (GNA), reconnu par la communaut\u00e9 internationale, aux troupes du mar\u00e9chal Khalifa Haftar aux portes de Tripoli.<br \/>Plusieurs dirigeants africains ont demand\u00e9 l&rsquo;arr\u00eat imm\u00e9diat et inconditionnel des combats en Libye, \u00e0 l&rsquo;issue de la rencontre au Caire sous la houlette du chef de l&rsquo;Etat \u00e9gyptien Abdel Fattah al-Sissi, pr\u00e9sident en exercice de l&rsquo;Union africaine (UA). Ils ont appel\u00e9 aussi toutes les parties \u00e0 la retenue et \u00e0 permettre l&rsquo;arriv\u00e9e de l&rsquo;aide humanitaire dans toutes les r\u00e9gions.<br \/>Ces m\u00eames dirigeants ont insist\u00e9 sur le r\u00f4le de l&rsquo;UA et de ses Etats membres dans la gestion de la crise actuelle en Libye. Comme ils ont r\u00e9clam\u00e9 \u00e0 l&rsquo;\u00e9missaire de l&rsquo;ONU, Ghassan Salam\u00e9, une coop\u00e9ration totale et en toute transparence. Salam\u00e9 avait lui-m\u00eame multipli\u00e9 les mises en garde sur un embrasement g\u00e9n\u00e9ralis\u00e9, r\u00e9clamant une r\u00e9action urgente de la communaut\u00e9 internationale.<br \/>Le mar\u00e9chal Haftar, l&rsquo;homme fort de l&rsquo;est libyen, qui a lanc\u00e9 avec son Arm\u00e9e nationale libyenne (ANL) autoproclam\u00e9e l&rsquo;offensive sur Tripoli, est soutenu notamment par l&rsquo;Egypte. Sissi l&rsquo;avait re\u00e7u au Caire le 14 avril, dix jours apr\u00e8s le d\u00e9but de l&rsquo;offensive sur la capitale libyenne.<br \/>Les participants au sommet ont \u00e9galement appel\u00e9 la communaut\u00e9 internationale \u00e0 prendre ses responsabilit\u00e9s dans la lutte contre le trafic d&rsquo;armes et l&rsquo;incursion de combattants terroristes, tout en \u00e9vitant les ing\u00e9rences ext\u00e9rieures.<br \/>A Khartoum, le Conseil militaire de transition a annonc\u00e9 avoir invit\u00e9 \u00e0 une r\u00e9union mercredi les leaders de la contestation, qui r\u00e9clament un transfert du pouvoir \u00e0 une autorit\u00e9 civile. Les Etats-Unis ont apport\u00e9 leur soutien \u00e0 la demande des manifestants soudanais qui intensifient leur mobilisation pour obtenir un gouvernement civil. La situation au Soudan a \u00e9t\u00e9 \u00e9voqu\u00e9e lors du sommet au Caire o\u00f9 les partenaires r\u00e9gionaux ont appel\u00e9 \u00e0 une transition pacifique et d\u00e9mocratique d&rsquo;ici trois mois dans ce pays.<\/p>\n<p class=\"rtejustify\">\u00a0<\/p>\n<\/div>\n<p>Auteur: mbasraoui<br \/>\n<a href=\"https:\/\/www.leconomiste.com\/article\/1044292-sommets-sur-la-libye-et-le-soudan-au-caire\">Cliquez ici pour lire l&rsquo;article depuis sa source.<\/a><\/p>\n","protected":false},"excerpt":{"rendered":"<p>Des dirigeants africains demandent l\u2019arr\u00eat imm\u00e9diat des combats Endiguer la crise et relancer le processus politique L&rsquo;Egypte a organis\u00e9, mardi 24 avril au Caire, deux sommets africains sur les crises actuelles au Soudan et en Libye. Le but de la rencontre \u00e9tait de trouver les moyens d&rsquo;endiguer la crise et de relancer le processus politique. [&hellip;]<\/p>\n","protected":false},"author":1763,"featured_media":0,"comment_status":"closed","ping_status":"closed","sticky":false,"template":"","format":"standard","meta":{"fifu_image_url":"","fifu_image_alt":"","footnotes":""},"categories":[78,54],"tags":[],"class_list":["post-30427","post","type-post","status-publish","format-standard","hentry","category-economie","category-maroc"],"_links":{"self":[{"href":"https:\/\/linitiative.ca\/International\/wp-json\/wp\/v2\/posts\/30427","targetHints":{"allow":["GET"]}}],"collection":[{"href":"https:\/\/linitiative.ca\/International\/wp-json\/wp\/v2\/posts"}],"about":[{"href":"https:\/\/linitiative.ca\/International\/wp-json\/wp\/v2\/types\/post"}],"author":[{"embeddable":true,"href":"https:\/\/linitiative.ca\/International\/wp-json\/wp\/v2\/users\/1763"}],"replies":[{"embeddable":true,"href":"https:\/\/linitiative.ca\/International\/wp-json\/wp\/v2\/comments?post=30427"}],"version-history":[{"count":0,"href":"https:\/\/linitiative.ca\/International\/wp-json\/wp\/v2\/posts\/30427\/revisions"}],"wp:attachment":[{"href":"https:\/\/linitiative.ca\/International\/wp-json\/wp\/v2\/media?parent=30427"}],"wp:term":[{"taxonomy":"category","embeddable":true,"href":"https:\/\/linitiative.ca\/International\/wp-json\/wp\/v2\/categories?post=30427"},{"taxonomy":"post_tag","embeddable":true,"href":"https:\/\/linitiative.ca\/International\/wp-json\/wp\/v2\/tags?post=30427"}],"curies":[{"name":"wp","href":"https:\/\/api.w.org\/{rel}","templated":true}]}}