{"id":30438,"date":"2019-04-26T15:14:14","date_gmt":"2019-04-26T19:14:14","guid":{"rendered":"https:\/\/linitiative.ca\/International\/ligue-1-2-jsk-dumas-a-supervise-le-csc-en-coupe-et-prepare-son-plan-dattaque\/"},"modified":"2019-04-26T15:14:14","modified_gmt":"2019-04-26T19:14:14","slug":"ligue-1-2-jsk-dumas-a-supervise-le-csc-en-coupe-et-prepare-son-plan-dattaque","status":"publish","type":"post","link":"https:\/\/linitiative.ca\/International\/ligue-1-2-jsk-dumas-a-supervise-le-csc-en-coupe-et-prepare-son-plan-dattaque\/","title":{"rendered":"Ligue 1 &amp; 2 : JSK: Dumas a supervis\u00e9 le CSC en coupe et pr\u00e9pare son plan d\u2019attaque"},"content":{"rendered":"<div readability=\"32\">\n<p>Auteur : <span>T. Che<\/span> <span class=\"time\">vendredi 26 avril 2019 13:14<\/span><\/p>\n<\/div>\n<div id=\"post_core\" readability=\"58\">\n<p>Apr\u00e8s les deux jours de repos accord\u00e9s aux joueurs suite \u00e0 la victoire face au MCO, l\u2019entra\u00eeneur Dumas a programm\u00e9 la s\u00e9ance de reprise des entra\u00eenements, mercredi \u00e0 19 heures au stade du 1er-Novembre. La reprise a \u00e9t\u00e9 marqu\u00e9e par une ambiance au sein de l\u2019\u00e9quipe surtout que ce succ\u00e8s est venu apr\u00e8s deux d\u00e9faites de suite. Les hommes de Dumas devront une fois de plus s\u2019adapter \u00e0 la programmation incoh\u00e9rente de fin de saison puisqu\u2019ils joueront leur prochain match face au CSC dans deux semaines, soit le 11 mai prochain. D\u2019ici ce match, la JSK attendra des r\u00e9sultats importants pour son parcours, notamment celui du PAC face au NAHD pour ne citer que celui-l\u00e0 \u00e9tant donn\u00e9 que le PAC est le potentiel concurrent pour la deuxi\u00e8me place. Bon bref, l\u2019adversaire de la JSK a jou\u00e9 son match de coupe face au CRB et quitt\u00e9 la course apr\u00e8s s\u2019\u00eatre inclin\u00e9 sur le score de deux buts \u00e0 z\u00e9ro au 20-Ao\u00fbt. Le match aller s\u2019\u00e9tant sold\u00e9 sur le score d\u2019un but \u00e0 z\u00e9ro. L\u2019entra\u00eeneur Dumas a saisi l\u2019occasion de la sortie du CSC en Coupe d\u2019Alg\u00e9rie et de la retransmission du match en direct pour superviser son prochain adversaire. Il a certainement pris notes des points forts et points faibles qu\u2019il utilisera pour pr\u00e9parer son plan.<\/p>\n<p><strong>Les Constantinois joueront trois matchs de mise \u00e0 jour avant la JSK<\/strong><br \/>Durant cette tr\u00eave de quinze jours qui verra les Canaris multiplier les exercices en pr\u00e9vision de leur sortie \u00e0 Constantine, leur prochain adversaire le CSC est concern\u00e9 par la comp\u00e9tition. En effet, les gars de Cirta consommeront leurs trois derniers matchs de mise \u00e0 jour respectivement face \u00e0 la JSS \u00e0 B\u00e9char demain (18e j) le MCA le 1er mai prochain (23ej) et enfin le CRB qu\u2019ils retrouveront au m\u00eame stade du 20-Ao\u00fbt cinq jours plus tard (24e j). Sur le plan physique, les Kabyles afficheront de meilleurs signes et doivent en profiter pour l\u2019emporter et confirmer leur essor.<\/p>\n<p><strong>Le coach demande aux joueurs de garder leur mobilisation et met en garde<\/strong><br \/>A la reprise des entra\u00eenements, l\u2019entra\u00eeneur Franck Dumas s\u2019est entretenu avec ses joueurs pour leur communiquer le programme de la semaine. Il leur a fait savoir que malgr\u00e9 les al\u00e9as de la programmation, ils doivent rester mobilis\u00e9s et concentr\u00e9s sur les derniers matchs de la comp\u00e9tition. Dumas a f\u00e9licit\u00e9 le groupe pour le match remport\u00e9 face au MCO et met en garde contre tout rel\u00e2chement avant le CSC. Les Canaris doivent g\u00e9rer cette tr\u00eave comme il se doit pour revenir en championnat avec les m\u00eames intentions et les ambitions de finir en beaut\u00e9.<\/p>\n<p><strong>Publi\u00e9 dans :<\/strong> <span>JSK<\/span> <span>csc<\/span> <span>Dumas<\/span><\/p>\n<\/div>\n<p>Auteur:<br \/>\n<a href=\"http:\/\/www.lebuteur.com\/article\/detail?titre=jsk-dumas-a-supervise-le-csc-en-coupe-et-prepare-son-plan-dattaque&#038;id=88294&#038;utm_source=feedburner&#038;utm_medium=feed&#038;utm_campaign=Feed%3A+GalerieFArtciles+%28Les+derniers+articles++-+lebuteur.com%29\">Cliquez ici pour lire l&rsquo;article depuis sa source.<\/a><\/p>\n","protected":false},"excerpt":{"rendered":"<p>Auteur : T. Che vendredi 26 avril 2019 13:14 Apr\u00e8s les deux jours de repos accord\u00e9s aux joueurs suite \u00e0 la victoire face au MCO, l\u2019entra\u00eeneur Dumas a programm\u00e9 la s\u00e9ance de reprise des entra\u00eenements, mercredi \u00e0 19 heures au stade du 1er-Novembre. La reprise a \u00e9t\u00e9 marqu\u00e9e par une ambiance au sein de l\u2019\u00e9quipe [&hellip;]<\/p>\n","protected":false},"author":1738,"featured_media":30439,"comment_status":"closed","ping_status":"closed","sticky":false,"template":"","format":"standard","meta":{"fifu_image_url":"","fifu_image_alt":"","footnotes":""},"categories":[53,75],"tags":[],"class_list":["post-30438","post","type-post","status-publish","format-standard","has-post-thumbnail","hentry","category-algerie","category-sport"],"_links":{"self":[{"href":"https:\/\/linitiative.ca\/International\/wp-json\/wp\/v2\/posts\/30438","targetHints":{"allow":["GET"]}}],"collection":[{"href":"https:\/\/linitiative.ca\/International\/wp-json\/wp\/v2\/posts"}],"about":[{"href":"https:\/\/linitiative.ca\/International\/wp-json\/wp\/v2\/types\/post"}],"author":[{"embeddable":true,"href":"https:\/\/linitiative.ca\/International\/wp-json\/wp\/v2\/users\/1738"}],"replies":[{"embeddable":true,"href":"https:\/\/linitiative.ca\/International\/wp-json\/wp\/v2\/comments?post=30438"}],"version-history":[{"count":0,"href":"https:\/\/linitiative.ca\/International\/wp-json\/wp\/v2\/posts\/30438\/revisions"}],"wp:featuredmedia":[{"embeddable":true,"href":"https:\/\/linitiative.ca\/International\/wp-json\/"}],"wp:attachment":[{"href":"https:\/\/linitiative.ca\/International\/wp-json\/wp\/v2\/media?parent=30438"}],"wp:term":[{"taxonomy":"category","embeddable":true,"href":"https:\/\/linitiative.ca\/International\/wp-json\/wp\/v2\/categories?post=30438"},{"taxonomy":"post_tag","embeddable":true,"href":"https:\/\/linitiative.ca\/International\/wp-json\/wp\/v2\/tags?post=30438"}],"curies":[{"name":"wp","href":"https:\/\/api.w.org\/{rel}","templated":true}]}}