{"id":30444,"date":"2019-04-26T15:14:17","date_gmt":"2019-04-26T19:14:17","guid":{"rendered":"https:\/\/linitiative.ca\/International\/international-psg-mauvaise-nouvelle-pour-neymar\/"},"modified":"2019-04-26T15:14:17","modified_gmt":"2019-04-26T19:14:17","slug":"international-psg-mauvaise-nouvelle-pour-neymar","status":"publish","type":"post","link":"https:\/\/linitiative.ca\/International\/international-psg-mauvaise-nouvelle-pour-neymar\/","title":{"rendered":"International : PSG: Mauvaise nouvelle pour Neymar"},"content":{"rendered":"<div readability=\"32\">\n<p>Auteur : <span class=\"time\">vendredi 26 avril 2019 17:37<\/span><\/p>\n<\/div>\n<div id=\"post_core\" readability=\"47\">\n<p>Le crack br\u00e9silien du Paris SG, Neymar, a \u00e9t\u00e9 suspendu pour trois matches de Ligue des champions pour \u00abinsultes\u00bb envers l&rsquo;arbitre de PSG-Manchester United (1-3), a annonc\u00e9 vendredi l&rsquo;UEFA. \u00abNey\u00bb, bless\u00e9 et en tribunes au Parc des Princes, avait laiss\u00e9 exploser sa col\u00e8re sur les r\u00e9seaux sociaux contre le corps arbitral apr\u00e8s le penalty fatal au PSG accord\u00e9 dans les derni\u00e8res minutes \u00e0 Manchester United le 6 mars, apr\u00e8s recours \u00e0 l&rsquo;arbitrage vid\u00e9o. \u00abC&rsquo;est une honte ! Ils mettent quatre gars qui n&rsquo;y comprennent rien au foot pour revoir le ralenti (&#8230;) Qu&rsquo;ils aillent se faire f\u2026\u00bb, avait ainsi \u00e9crit l&rsquo;ancien joueur du Bar\u00e7a. Une proc\u00e9dure disciplinaire avait \u00e9t\u00e9 ouverte le 22 mars par l&rsquo;UEFA. La commission de discipline de l&rsquo;instance, qui s&rsquo;appuie sur l&rsquo;article 15.d de son code disciplinaire, a inflig\u00e9 vendredi trois matches de suspension \u00e0 l&rsquo;attaquant br\u00e9silien, qui peut encore faire appel de cette d\u00e9cision rapporte sport24.lefigaro.fr.<\/p>\n<p><strong>Publi\u00e9 dans :<\/strong> <span>neymar<\/span> <span>PSG<\/span><\/p>\n<\/div>\n<p>Auteur:<br \/>\n<a href=\"http:\/\/www.lebuteur.com\/article\/detail?titre=psg-mauvaise-nouvelle-pour-neymar&#038;id=88311&#038;utm_source=feedburner&#038;utm_medium=feed&#038;utm_campaign=Feed%3A+GalerieFArtciles+%28Les+derniers+articles++-+lebuteur.com%29\">Cliquez ici pour lire l&rsquo;article depuis sa source.<\/a><\/p>\n","protected":false},"excerpt":{"rendered":"<p>Auteur : vendredi 26 avril 2019 17:37 Le crack br\u00e9silien du Paris SG, Neymar, a \u00e9t\u00e9 suspendu pour trois matches de Ligue des champions pour \u00abinsultes\u00bb envers l&rsquo;arbitre de PSG-Manchester United (1-3), a annonc\u00e9 vendredi l&rsquo;UEFA. \u00abNey\u00bb, bless\u00e9 et en tribunes au Parc des Princes, avait laiss\u00e9 exploser sa col\u00e8re sur les r\u00e9seaux sociaux contre [&hellip;]<\/p>\n","protected":false},"author":1738,"featured_media":30445,"comment_status":"closed","ping_status":"closed","sticky":false,"template":"","format":"standard","meta":{"fifu_image_url":"","fifu_image_alt":"","footnotes":""},"categories":[53,75],"tags":[],"class_list":["post-30444","post","type-post","status-publish","format-standard","has-post-thumbnail","hentry","category-algerie","category-sport"],"_links":{"self":[{"href":"https:\/\/linitiative.ca\/International\/wp-json\/wp\/v2\/posts\/30444","targetHints":{"allow":["GET"]}}],"collection":[{"href":"https:\/\/linitiative.ca\/International\/wp-json\/wp\/v2\/posts"}],"about":[{"href":"https:\/\/linitiative.ca\/International\/wp-json\/wp\/v2\/types\/post"}],"author":[{"embeddable":true,"href":"https:\/\/linitiative.ca\/International\/wp-json\/wp\/v2\/users\/1738"}],"replies":[{"embeddable":true,"href":"https:\/\/linitiative.ca\/International\/wp-json\/wp\/v2\/comments?post=30444"}],"version-history":[{"count":0,"href":"https:\/\/linitiative.ca\/International\/wp-json\/wp\/v2\/posts\/30444\/revisions"}],"wp:featuredmedia":[{"embeddable":true,"href":"https:\/\/linitiative.ca\/International\/wp-json\/"}],"wp:attachment":[{"href":"https:\/\/linitiative.ca\/International\/wp-json\/wp\/v2\/media?parent=30444"}],"wp:term":[{"taxonomy":"category","embeddable":true,"href":"https:\/\/linitiative.ca\/International\/wp-json\/wp\/v2\/categories?post=30444"},{"taxonomy":"post_tag","embeddable":true,"href":"https:\/\/linitiative.ca\/International\/wp-json\/wp\/v2\/tags?post=30444"}],"curies":[{"name":"wp","href":"https:\/\/api.w.org\/{rel}","templated":true}]}}