{"id":30446,"date":"2019-04-26T15:14:18","date_gmt":"2019-04-26T19:14:18","guid":{"rendered":"https:\/\/linitiative.ca\/International\/international-juventus-cancelo-deja-sur-le-depart\/"},"modified":"2019-04-26T15:14:18","modified_gmt":"2019-04-26T19:14:18","slug":"international-juventus-cancelo-deja-sur-le-depart","status":"publish","type":"post","link":"https:\/\/linitiative.ca\/International\/international-juventus-cancelo-deja-sur-le-depart\/","title":{"rendered":"International : Juventus : Cancelo d\u00e9j\u00e0 sur le d\u00e9part ?"},"content":{"rendered":"<div readability=\"32\">\n<p>Auteur : <span class=\"time\">vendredi 26 avril 2019 19:20<\/span><\/p>\n<\/div>\n<div id=\"post_core\" readability=\"40\">\n<p>En effet, malgr\u00e9 ses belles prestations en d\u00e9but de saison, Allegri l\u2019a peu \u00e0 peu \u00e9cart\u00e9 pour relancer De Sciglio. De ce fait, le lat\u00e9ral droit portugais envisagerait de plus en plus de quitter la Vieille Dame, selon Il Corriere di Torino Les-Transferts.<\/p>\n<p><strong>Publi\u00e9 dans :<\/strong> <span>juventus<\/span> <span>Joao Cancelo<\/span><\/p>\n<\/div>\n<p>Auteur:<br \/>\n<a href=\"http:\/\/www.lebuteur.com\/article\/detail?titre=juventus-cancelo-deja-sur-le-depart&#038;id=88312&#038;utm_source=feedburner&#038;utm_medium=feed&#038;utm_campaign=Feed%3A+GalerieFArtciles+%28Les+derniers+articles++-+lebuteur.com%29\">Cliquez ici pour lire l&rsquo;article depuis sa source.<\/a><\/p>\n","protected":false},"excerpt":{"rendered":"<p>Auteur : vendredi 26 avril 2019 19:20 En effet, malgr\u00e9 ses belles prestations en d\u00e9but de saison, Allegri l\u2019a peu \u00e0 peu \u00e9cart\u00e9 pour relancer De Sciglio. De ce fait, le lat\u00e9ral droit portugais envisagerait de plus en plus de quitter la Vieille Dame, selon Il Corriere di Torino Les-Transferts. Publi\u00e9 dans : juventus Joao [&hellip;]<\/p>\n","protected":false},"author":1738,"featured_media":30447,"comment_status":"closed","ping_status":"closed","sticky":false,"template":"","format":"standard","meta":{"fifu_image_url":"","fifu_image_alt":"","footnotes":""},"categories":[53,75],"tags":[],"class_list":["post-30446","post","type-post","status-publish","format-standard","has-post-thumbnail","hentry","category-algerie","category-sport"],"_links":{"self":[{"href":"https:\/\/linitiative.ca\/International\/wp-json\/wp\/v2\/posts\/30446","targetHints":{"allow":["GET"]}}],"collection":[{"href":"https:\/\/linitiative.ca\/International\/wp-json\/wp\/v2\/posts"}],"about":[{"href":"https:\/\/linitiative.ca\/International\/wp-json\/wp\/v2\/types\/post"}],"author":[{"embeddable":true,"href":"https:\/\/linitiative.ca\/International\/wp-json\/wp\/v2\/users\/1738"}],"replies":[{"embeddable":true,"href":"https:\/\/linitiative.ca\/International\/wp-json\/wp\/v2\/comments?post=30446"}],"version-history":[{"count":0,"href":"https:\/\/linitiative.ca\/International\/wp-json\/wp\/v2\/posts\/30446\/revisions"}],"wp:featuredmedia":[{"embeddable":true,"href":"https:\/\/linitiative.ca\/International\/wp-json\/"}],"wp:attachment":[{"href":"https:\/\/linitiative.ca\/International\/wp-json\/wp\/v2\/media?parent=30446"}],"wp:term":[{"taxonomy":"category","embeddable":true,"href":"https:\/\/linitiative.ca\/International\/wp-json\/wp\/v2\/categories?post=30446"},{"taxonomy":"post_tag","embeddable":true,"href":"https:\/\/linitiative.ca\/International\/wp-json\/wp\/v2\/tags?post=30446"}],"curies":[{"name":"wp","href":"https:\/\/api.w.org\/{rel}","templated":true}]}}