{"id":30453,"date":"2019-04-26T12:49:10","date_gmt":"2019-04-26T16:49:10","guid":{"rendered":"https:\/\/linitiative.ca\/International\/88645-plus-de-240-participants-au-3eme-open-international-de-kabylie-de-karate-do\/"},"modified":"2019-04-26T12:49:10","modified_gmt":"2019-04-26T16:49:10","slug":"88645-plus-de-240-participants-au-3eme-open-international-de-kabylie-de-karate-do","status":"publish","type":"post","link":"https:\/\/linitiative.ca\/International\/88645-plus-de-240-participants-au-3eme-open-international-de-kabylie-de-karate-do\/","title":{"rendered":"Plus de 240 participants au 3eme Open international de Kabylie de Karat\u00e9 Do"},"content":{"rendered":"<div>\n<div class=\"K2FeedIntroText\">\n<p>TIZI-OUZOU- Quelques 245 athl\u00e8tes issus de 23 wilayas et de deux pays \u00e9trangers participent \u00e0 la 32eme \u00e9dition de l\u2019Open international de Kabylie de Karat\u00e9 Do qui s\u2019est ouvert ce vendredi \u00e0 la salle Omnisport du stade premier Novembre de Tizi-Ouzou.<\/p>\n<\/div>\n<div class=\"K2FeedFullText\">\n<p>Organis\u00e9 par la f\u00e9d\u00e9ration alg\u00e9rienne de Karat\u00e9 Do en collaboration avec la direction locale de la jeunesse et des sports, ce rendez-vous sportif de deux jours, met en comp\u00e9tition des athl\u00e8tes dans la cat\u00e9gorie Senior Dames et hommes de 25 ligues. La participation \u00e9trang\u00e8re reste timide puisqu\u2019elle se r\u00e9sume \u00e0 deux pays qui sont la Tunisie (29 athl\u00e8tes) et la France (1 athl\u00e8te), selon al fiche technique remise \u00e0 la presse.<\/p>\n<p>Cette premi\u00e8re journ\u00e9e a \u00e9t\u00e9 r\u00e9serv\u00e9e aux \u00e9liminatoires et rep\u00eachages Kata Dames et hommes, et s\u00e9niors dames et hommes kumit\u00e9. Ces \u00e9liminatoires se poursuivront samedi avec l&rsquo;organisation des finales dames et hommes.<\/p>\n<p>La c\u00e9r\u00e9monie de remise de r\u00e9compenses est pr\u00e9vue en fin de matin\u00e9e, a-t-on appris des organiseurs qui ont relev\u00e9 le bon niveau technique des combats de ce vendredi.<\/p>\n<\/div>\n<p><img loading=\"lazy\" decoding=\"async\" src=\"http:\/\/feeds.feedburner.com\/~r\/aps-sport\/~4\/ZzsZIJ1Oioo\" height=\"1\" width=\"1\" alt=\"\"><\/div>\n<p>Auteur:<br \/>\n<a href=\"http:\/\/www.aps.dz\/sport\/88645-plus-de-240-participants-au-3eme-open-international-de-kabylie-de-karate-do?utm_source=feedburner&#038;utm_medium=feed&#038;utm_campaign=Feed%3A+aps-sport+%28APS+-+SPORT%29\">Cliquez ici pour lire l&rsquo;article depuis sa source.<\/a><\/p>\n","protected":false},"excerpt":{"rendered":"<p>TIZI-OUZOU- Quelques 245 athl\u00e8tes issus de 23 wilayas et de deux pays \u00e9trangers participent \u00e0 la 32eme \u00e9dition de l\u2019Open international de Kabylie de Karat\u00e9 Do qui s\u2019est ouvert ce vendredi \u00e0 la salle Omnisport du stade premier Novembre de Tizi-Ouzou. Organis\u00e9 par la f\u00e9d\u00e9ration alg\u00e9rienne de Karat\u00e9 Do en collaboration avec la direction locale [&hellip;]<\/p>\n","protected":false},"author":1790,"featured_media":0,"comment_status":"closed","ping_status":"closed","sticky":false,"template":"","format":"standard","meta":{"fifu_image_url":"","fifu_image_alt":"","footnotes":""},"categories":[53,75],"tags":[],"class_list":["post-30453","post","type-post","status-publish","format-standard","hentry","category-algerie","category-sport"],"_links":{"self":[{"href":"https:\/\/linitiative.ca\/International\/wp-json\/wp\/v2\/posts\/30453","targetHints":{"allow":["GET"]}}],"collection":[{"href":"https:\/\/linitiative.ca\/International\/wp-json\/wp\/v2\/posts"}],"about":[{"href":"https:\/\/linitiative.ca\/International\/wp-json\/wp\/v2\/types\/post"}],"author":[{"embeddable":true,"href":"https:\/\/linitiative.ca\/International\/wp-json\/wp\/v2\/users\/1790"}],"replies":[{"embeddable":true,"href":"https:\/\/linitiative.ca\/International\/wp-json\/wp\/v2\/comments?post=30453"}],"version-history":[{"count":0,"href":"https:\/\/linitiative.ca\/International\/wp-json\/wp\/v2\/posts\/30453\/revisions"}],"wp:attachment":[{"href":"https:\/\/linitiative.ca\/International\/wp-json\/wp\/v2\/media?parent=30453"}],"wp:term":[{"taxonomy":"category","embeddable":true,"href":"https:\/\/linitiative.ca\/International\/wp-json\/wp\/v2\/categories?post=30453"},{"taxonomy":"post_tag","embeddable":true,"href":"https:\/\/linitiative.ca\/International\/wp-json\/wp\/v2\/tags?post=30453"}],"curies":[{"name":"wp","href":"https:\/\/api.w.org\/{rel}","templated":true}]}}