{"id":30454,"date":"2019-04-26T12:50:39","date_gmt":"2019-04-26T16:50:39","guid":{"rendered":"https:\/\/linitiative.ca\/International\/88646-tennis-13e-tournoi-international-juniors-de-tlemcen-l-algerien-rihane-en-finale\/"},"modified":"2019-04-26T12:50:39","modified_gmt":"2019-04-26T16:50:39","slug":"88646-tennis-13e-tournoi-international-juniors-de-tlemcen-l-algerien-rihane-en-finale","status":"publish","type":"post","link":"https:\/\/linitiative.ca\/International\/88646-tennis-13e-tournoi-international-juniors-de-tlemcen-l-algerien-rihane-en-finale\/","title":{"rendered":"Tennis\/13e tournoi international Juniors de Tlemcen: l&rsquo;Alg\u00e9rien Rihane en finale"},"content":{"rendered":"<div>\n<div class=\"K2FeedIntroText\">\n<p>TLEMCEN- \u00a0L&rsquo;Alg\u00e9rien Youcef Rihane, s&rsquo;est qualifi\u00e9 vendredi pour la finale de la 13e \u00e9dition du tournoi international de tennis \u00ab\u00a0Juniors\u00a0\u00bb de Tlemcen, qui se d\u00e9roule au Tennis club de Mansourah, du 21 au 27 avril courant, apr\u00e8s son succ\u00e8s devant l&rsquo;Espagnol Max Alcala Gurri par deux sets \u00e0 z\u00e9ro (2-0).<\/p>\n<\/div>\n<div class=\"K2FeedFullText\">\n<p>Rihane (70e mondial juniors) t\u00eate de s\u00e9rie N 1 a remport\u00e9 le premier set 6-4, avant de dominer \u00e0 nouveau son adversaire, t\u00eate de s\u00e9rie N 5, au second set 6-4.<\/p>\n<p>En finale, programm\u00e9e samedi, Rihane, vice-champion d&rsquo;Afrique juniors, affrontera le Marocain Soufiane El Mesbahi, vainqueur du Fran\u00e7ais Maxime Hillhouse (7-5, 6-1).<\/p>\n<blockquote>\n<p><em><strong>Quelques 76 athl\u00e8tes issus de 24 pays, prennent part \u00e0 ce rendez-vous international. Il s&rsquo;agit de l&rsquo;Alg\u00e9rie (pays h\u00f4te), Tunisie, Maroc, Egypte, Espagne, Australie, France, Su\u00e8de, Italie, Danemark, Suisse, Roumanie, Belgique, Angleterre, Russie, Pologne, Finlande, Gr\u00e8ce, Burundi, Nigeria, Pays-Bas, Cameroun, Madagascar et Kenya.<\/strong><\/em><\/p>\n<\/blockquote>\n<p>Les qualifications de ce tournoi class\u00e9 en grade 2, se sont disput\u00e9es les dimanche et lundi, alors que le tableau final a d\u00e9but\u00e9 mardi.<\/p>\n<p>Le juge arbitre alg\u00e9rien Hakim Fateh, dirige les tableaux simple et double.\u00a0 Amine Bessaad est le directeur du tournoi.<\/p>\n<\/div>\n<p><img loading=\"lazy\" decoding=\"async\" src=\"http:\/\/feeds.feedburner.com\/~r\/aps-sport\/~4\/e1EF6dmEB4M\" height=\"1\" width=\"1\" alt=\"\"><\/div>\n<p>Auteur:<br \/>\n<a href=\"http:\/\/www.aps.dz\/sport\/88646-tennis-13e-tournoi-international-juniors-de-tlemcen-l-algerien-rihane-en-finale?utm_source=feedburner&#038;utm_medium=feed&#038;utm_campaign=Feed%3A+aps-sport+%28APS+-+SPORT%29\">Cliquez ici pour lire l&rsquo;article depuis sa source.<\/a><\/p>\n","protected":false},"excerpt":{"rendered":"<p>TLEMCEN- \u00a0L&rsquo;Alg\u00e9rien Youcef Rihane, s&rsquo;est qualifi\u00e9 vendredi pour la finale de la 13e \u00e9dition du tournoi international de tennis \u00ab\u00a0Juniors\u00a0\u00bb de Tlemcen, qui se d\u00e9roule au Tennis club de Mansourah, du 21 au 27 avril courant, apr\u00e8s son succ\u00e8s devant l&rsquo;Espagnol Max Alcala Gurri par deux sets \u00e0 z\u00e9ro (2-0). Rihane (70e mondial juniors) t\u00eate [&hellip;]<\/p>\n","protected":false},"author":1790,"featured_media":0,"comment_status":"closed","ping_status":"closed","sticky":false,"template":"","format":"standard","meta":{"fifu_image_url":"","fifu_image_alt":"","footnotes":""},"categories":[53,75],"tags":[],"class_list":["post-30454","post","type-post","status-publish","format-standard","hentry","category-algerie","category-sport"],"_links":{"self":[{"href":"https:\/\/linitiative.ca\/International\/wp-json\/wp\/v2\/posts\/30454","targetHints":{"allow":["GET"]}}],"collection":[{"href":"https:\/\/linitiative.ca\/International\/wp-json\/wp\/v2\/posts"}],"about":[{"href":"https:\/\/linitiative.ca\/International\/wp-json\/wp\/v2\/types\/post"}],"author":[{"embeddable":true,"href":"https:\/\/linitiative.ca\/International\/wp-json\/wp\/v2\/users\/1790"}],"replies":[{"embeddable":true,"href":"https:\/\/linitiative.ca\/International\/wp-json\/wp\/v2\/comments?post=30454"}],"version-history":[{"count":0,"href":"https:\/\/linitiative.ca\/International\/wp-json\/wp\/v2\/posts\/30454\/revisions"}],"wp:attachment":[{"href":"https:\/\/linitiative.ca\/International\/wp-json\/wp\/v2\/media?parent=30454"}],"wp:term":[{"taxonomy":"category","embeddable":true,"href":"https:\/\/linitiative.ca\/International\/wp-json\/wp\/v2\/categories?post=30454"},{"taxonomy":"post_tag","embeddable":true,"href":"https:\/\/linitiative.ca\/International\/wp-json\/wp\/v2\/tags?post=30454"}],"curies":[{"name":"wp","href":"https:\/\/api.w.org\/{rel}","templated":true}]}}