{"id":30457,"date":"2019-04-26T14:02:00","date_gmt":"2019-04-26T18:02:00","guid":{"rendered":"https:\/\/linitiative.ca\/International\/mascara-designation-dun-nouveau-maire-a-tighennif\/"},"modified":"2019-04-26T14:02:00","modified_gmt":"2019-04-26T18:02:00","slug":"mascara-designation-dun-nouveau-maire-a-tighennif","status":"publish","type":"post","link":"https:\/\/linitiative.ca\/International\/mascara-designation-dun-nouveau-maire-a-tighennif\/","title":{"rendered":"MASCARA : D\u00e9signation  d\u2019un nouveau  maire \u00e0 Tighennif"},"content":{"rendered":"<p><br id=\"sep_para_1\" class=\"sep_para access\"\/><\/p>\n<div id=\"para_1\" class=\"para_30643853 resize\">\n<div class=\"texte access firstletter\">Apr\u00e8s la suspension de l\u2019assembl\u00e9e communale populaire \u00e9lue de la commune\u00a0 de Tighennif\u00a0 apr\u00e8s un blocage qui a dur\u00e9 plus de neuf mois, et la d\u00e9signation de M. Hadj Ali Nabil, secr\u00e9taire g\u00e9n\u00e9ral de la daira de Tighennif pour assumer l\u2019int\u00e9rim.\u00a0 La wilaya\u00a0 de Mascara\u00a0 vient\u00a0 de nouveau\u00a0 de d\u00e9signer\u00a0 un nouveau maire\u00a0 par int\u00e9rim qui a succ\u00e9d\u00e9\u00a0 au secr\u00e9taire g\u00e9n\u00e9ral\u00a0 de la da\u00efra de Tighennif. M. Si Tayeb Benamar secr\u00e9taire de la daira de Hachem comme maire en remplacement de Hadj Ali appel\u00e9 \u00e0 rejoindre son poste d\u2019origine.\u00a0\u00a0\u00a0\u00a0\u00a0\u00a0\u00a0\u00a0\u00a0\u00a0\u00a0\u00a0\u00a0\u00a0\u00a0\u00a0\u00a0\u00a0\u00a0\u00a0\u00a0\u00a0\u00a0\u00a0\u00a0\u00a0<\/div>\n<\/div>\n<p>Auteur: B.Boufaden<br \/>\n<a href=\"https:\/\/www.reflexiondz.net\/MASCARA-Designation-d-un-nouveau-maire-a-Tighennif_a55566.html\">Cliquez ici pour lire l&rsquo;article depuis sa source.<\/a><\/p>\n","protected":false},"excerpt":{"rendered":"<p>Apr\u00e8s la suspension de l\u2019assembl\u00e9e communale populaire \u00e9lue de la commune\u00a0 de Tighennif\u00a0 apr\u00e8s un blocage qui a dur\u00e9 plus de neuf mois, et la d\u00e9signation de M. Hadj Ali Nabil, secr\u00e9taire g\u00e9n\u00e9ral de la daira de Tighennif pour assumer l\u2019int\u00e9rim.\u00a0 La wilaya\u00a0 de Mascara\u00a0 vient\u00a0 de nouveau\u00a0 de d\u00e9signer\u00a0 un nouveau maire\u00a0 par int\u00e9rim [&hellip;]<\/p>\n","protected":false},"author":1740,"featured_media":0,"comment_status":"closed","ping_status":"closed","sticky":false,"template":"","format":"standard","meta":{"fifu_image_url":"","fifu_image_alt":"","footnotes":""},"categories":[53,76],"tags":[],"class_list":["post-30457","post","type-post","status-publish","format-standard","hentry","category-algerie","category-regions"],"_links":{"self":[{"href":"https:\/\/linitiative.ca\/International\/wp-json\/wp\/v2\/posts\/30457","targetHints":{"allow":["GET"]}}],"collection":[{"href":"https:\/\/linitiative.ca\/International\/wp-json\/wp\/v2\/posts"}],"about":[{"href":"https:\/\/linitiative.ca\/International\/wp-json\/wp\/v2\/types\/post"}],"author":[{"embeddable":true,"href":"https:\/\/linitiative.ca\/International\/wp-json\/wp\/v2\/users\/1740"}],"replies":[{"embeddable":true,"href":"https:\/\/linitiative.ca\/International\/wp-json\/wp\/v2\/comments?post=30457"}],"version-history":[{"count":0,"href":"https:\/\/linitiative.ca\/International\/wp-json\/wp\/v2\/posts\/30457\/revisions"}],"wp:attachment":[{"href":"https:\/\/linitiative.ca\/International\/wp-json\/wp\/v2\/media?parent=30457"}],"wp:term":[{"taxonomy":"category","embeddable":true,"href":"https:\/\/linitiative.ca\/International\/wp-json\/wp\/v2\/categories?post=30457"},{"taxonomy":"post_tag","embeddable":true,"href":"https:\/\/linitiative.ca\/International\/wp-json\/wp\/v2\/tags?post=30457"}],"curies":[{"name":"wp","href":"https:\/\/api.w.org\/{rel}","templated":true}]}}