{"id":30458,"date":"2019-04-26T14:02:00","date_gmt":"2019-04-26T18:02:00","guid":{"rendered":"https:\/\/linitiative.ca\/International\/takhemaret-tiaret-les-citoyens-ferment-le-siege-de-la-mairie\/"},"modified":"2019-04-26T14:02:00","modified_gmt":"2019-04-26T18:02:00","slug":"takhemaret-tiaret-les-citoyens-ferment-le-siege-de-la-mairie","status":"publish","type":"post","link":"https:\/\/linitiative.ca\/International\/takhemaret-tiaret-les-citoyens-ferment-le-siege-de-la-mairie\/","title":{"rendered":"TAKHEMARET (TIARET) : Les citoyens ferment  le si\u00e8ge de la mairie"},"content":{"rendered":"<p><br id=\"sep_para_1\" class=\"sep_para access\"\/><\/p>\n<div id=\"para_1\" class=\"para_30643848 resize\">\n<div class=\"texte access firstletter\">Ce jeudi 25 avril 2019, des dizaines de citoyens se sont rassembl\u00e9s devant l&rsquo;acc\u00e8s principal de l&rsquo;A.P.C de Takhemaret, \u00e0 quelque\u00a0 100 km du chef-lieu de wilaya de Tiaret et ont cat\u00e9goriquement ferm\u00e9 la porte principale, interdisant tout acc\u00e8s aux \u00e9lus. Munis de pancartes et d&#8217;embl\u00e8mes nationaux, les contestataires r\u00e9p\u00e9taient des slogans hostiles au maire et son assembl\u00e9e ,revendiquant le d\u00e9part inconditionnel du maire, M.Derrouiche ,qui s&rsquo;est succ\u00e9d\u00e9 \u00e0 lui-m\u00eame durant son deuxi\u00e8me mandat,apprend-on aupr\u00e8s de sources g\u00e9n\u00e9ralement bien inform\u00e9es, lesquelles ont envoy\u00e9 des vid\u00e9os illustratives des \u00e9v\u00e8nements qui se sont d\u00e9roul\u00e9s. Le maire, selon les contestataires est accus\u00e9 de plusieurs d\u00e9passements et sa gestion est qualifi\u00e9e de chaotique et plus particuli\u00e8rement celle relative au foncier ainsi que les projets d&rsquo;\u00e9clairage public et la distribution des logements sociaux. Dans le meme contexte, le maire a \u00e9t\u00e9 accus\u00e9 de passivit\u00e9 vis-\u00e0 vis des exigences du service public et a \u00e9t\u00e9 tax\u00e9 de jouer au favoritisme et au tribalisme. Par ailleurs,les contestataires n&rsquo;ont cess\u00e9 de rappeler au maire ,qu&rsquo;il fait l\u2019objet de poursuites judiciaires et qu&rsquo;il est vivement concern\u00e9 par l&rsquo;article 43 du code des collectivit\u00e9s locales qui stipule la suspension de tout \u00e9lu faisant l\u2019objet de poursuites judiciaires jusqu&rsquo;\u00e0\u00a0 son innocence, cependant, l&rsquo;administration de la wilaya de Tiaret,s&rsquo;est ouvertement \u00e9cart\u00e9e de cette loi.Faudrait-il rappeler qu&rsquo;aucun responsable n&rsquo;est venu pour entrer en communication avec ces citoyens dont les revendications sont l\u00e9gitimes. Les pancartes pos\u00e9es \u00e0 m\u00eame la porte d&rsquo;entr\u00e9e comportaient des \u00e9criteaux refl\u00e9tant l&rsquo;historique des dossiers explosifs r\u00e9v\u00e9lant les abus du maire et dont les services de s\u00e9curit\u00e9 et la justice se partagent d\u00e9j\u00e0 les donn\u00e9es et en d\u00e9pit de nos tentatives de joindre le maire, ce dernier \u00e9tait injoignable.\u00a0\u00a0\u00a0\u00a0\u00a0\u00a0\u00a0\u00a0\u00a0\u00a0\u00a0\u00a0<\/div>\n<\/div>\n<p>Auteur: A.Benrebiha<br \/>\n<a href=\"https:\/\/www.reflexiondz.net\/TAKHEMARET-TIARET-Les-citoyens-ferment-le-siege-de-la-mairie_a55565.html\">Cliquez ici pour lire l&rsquo;article depuis sa source.<\/a><\/p>\n","protected":false},"excerpt":{"rendered":"<p>Ce jeudi 25 avril 2019, des dizaines de citoyens se sont rassembl\u00e9s devant l&rsquo;acc\u00e8s principal de l&rsquo;A.P.C de Takhemaret, \u00e0 quelque\u00a0 100 km du chef-lieu de wilaya de Tiaret et ont cat\u00e9goriquement ferm\u00e9 la porte principale, interdisant tout acc\u00e8s aux \u00e9lus. Munis de pancartes et d&#8217;embl\u00e8mes nationaux, les contestataires r\u00e9p\u00e9taient des slogans hostiles au maire [&hellip;]<\/p>\n","protected":false},"author":1740,"featured_media":0,"comment_status":"closed","ping_status":"closed","sticky":false,"template":"","format":"standard","meta":{"fifu_image_url":"","fifu_image_alt":"","footnotes":""},"categories":[53,76],"tags":[],"class_list":["post-30458","post","type-post","status-publish","format-standard","hentry","category-algerie","category-regions"],"_links":{"self":[{"href":"https:\/\/linitiative.ca\/International\/wp-json\/wp\/v2\/posts\/30458","targetHints":{"allow":["GET"]}}],"collection":[{"href":"https:\/\/linitiative.ca\/International\/wp-json\/wp\/v2\/posts"}],"about":[{"href":"https:\/\/linitiative.ca\/International\/wp-json\/wp\/v2\/types\/post"}],"author":[{"embeddable":true,"href":"https:\/\/linitiative.ca\/International\/wp-json\/wp\/v2\/users\/1740"}],"replies":[{"embeddable":true,"href":"https:\/\/linitiative.ca\/International\/wp-json\/wp\/v2\/comments?post=30458"}],"version-history":[{"count":0,"href":"https:\/\/linitiative.ca\/International\/wp-json\/wp\/v2\/posts\/30458\/revisions"}],"wp:attachment":[{"href":"https:\/\/linitiative.ca\/International\/wp-json\/wp\/v2\/media?parent=30458"}],"wp:term":[{"taxonomy":"category","embeddable":true,"href":"https:\/\/linitiative.ca\/International\/wp-json\/wp\/v2\/categories?post=30458"},{"taxonomy":"post_tag","embeddable":true,"href":"https:\/\/linitiative.ca\/International\/wp-json\/wp\/v2\/tags?post=30458"}],"curies":[{"name":"wp","href":"https:\/\/api.w.org\/{rel}","templated":true}]}}