{"id":30470,"date":"2019-04-26T05:15:41","date_gmt":"2019-04-26T09:15:41","guid":{"rendered":"https:\/\/linitiative.ca\/International\/marche-de-soutien-des-travailleurs-de-cevital-a-bouira\/"},"modified":"2019-04-26T05:15:41","modified_gmt":"2019-04-26T09:15:41","slug":"marche-de-soutien-des-travailleurs-de-cevital-a-bouira","status":"publish","type":"post","link":"https:\/\/linitiative.ca\/International\/marche-de-soutien-des-travailleurs-de-cevital-a-bouira\/","title":{"rendered":"Marche de soutien des travailleurs de Cevital \u00e0 Bouira"},"content":{"rendered":"<h4 class=\"title-14\"\/>\n<p>Une centaine de travailleurs des filiales appartenant au groupe Cevital, notamment de Metal Structure bas\u00e9e \u00e0 la zone industrielle de Sidi Khaled dans la commune de Oued El Berdi, ont manifest\u00e9, hier, dans les rues de la ville de Bouira, pour r\u00e9clamer la lib\u00e9ration \u00abimm\u00e9diate et inconditionnelle\u00bb du puissant homme d\u2019affaires du pays, a-t-on constat\u00e9.<\/p>\n<p>L\u2019action de protestation initi\u00e9e par le collectif des employ\u00e9s de Cevital a \u00e9t\u00e9 soutenue par des \u00e9lus du RCD et leur chef de file \u00e0 l\u2019APW, Chabane Meziane et l\u2019\u00e9lu Hamid Gasmi. \u00abLib\u00e9rez Rebrab\u00bb, \u00abLib\u00e9rez l\u2019\u00e9conomie\u00bb, \u00abOui pour une justice et non aux r\u00e8glemnt de comptes\u00bb, \u00abNe m\u00e9langez pas le sucre et la coca\u00efne\u00bb, \u00abLe peuple demande le d\u00e9part du syst\u00e8me qui a d\u00e9vast\u00e9 l\u2019Alg\u00e9rie\u00bb, \u00abLe peuple dit non \u00e0 une justice instrumentalis\u00e9e pour casser l\u2019\u00e9conomie en p\u00e9riode de crise\u00bb, \u00abNous demandons l\u2019arrestation de la bande\u00bb (el issaba), \u00abLe monde \u00e0 l\u2019envers, Chakib Khelil qui a vol\u00e9 des milliards jouit de la libert\u00e9, Rebrab qui a cr\u00e9\u00e9 des millions de postes d\u2019emploi se retrouve en prison\u00bb, \u00abL\u2019importateur de technologie est \u00e0 El Harrach, l\u2019importateur de coca\u00efne est en libert\u00e9 au Club des Pins\u00bb, pouvait-on lire sur les pancartes brandies par les manifestants qui ont observ\u00e9 un rassemblement sur l\u2019esplanade de la maison de la culture Ali Zamoum, avant de marcher vers le si\u00e8ge de la Cour de justice.<\/p>\n<p>Les travailleurs de Cevital ont scand\u00e9 aussi des slogans hostiles au pouvoir\u00a0: \u00abPouvoir assassin !\u00bb \u00abArr\u00eatez Sa\u00efd !\u00bb (Bouteflika ndlr). Dans une d\u00e9claration rendue publique par le collectif des travailleurs du groupe Cevital de la wilaya de Bouira, qui d\u00e9nonce entre autres \u00abl\u2019arrestation arbitraire et hollywoodienne du PDG Issad Rebrab\u00bb, souligne que \u00abcette arrestation injuste intervient en pleine r\u00e9volution pacifique que le peuple alg\u00e9rien a entam\u00e9e le 22 f\u00e9vrier dernier, dans le but de changer radicalement le syst\u00e8me politique et de se r\u00e9approprier son droit \u00e0 l\u2019autod\u00e9termination\u00bb.<\/p>\n<p>Et d\u2019ajouter que l\u2019arrestation du patron de Cevital a deux objectifs\u00a0: \u00abL\u2019embrasement de la Kabylie qui a \u00e9t\u00e9 depuis toujours la locomotive de toutes les luttes justes et nobles dans le but de l\u2019isoler politiquement du reste de l\u2019Alg\u00e9rie en ces moments et le sabotage du groupe Cevital afin de permettre aux amis \u00e9miratis du commanditaire de cette arrestation de s\u2019installer dans notre pays de la plus abjecte des mani\u00e8res\u00bb. La marche s\u2019est d\u00e9roul\u00e9e dans le calme et aucun incident n\u2019a \u00e9t\u00e9 signal\u00e9e, a-t-on constat\u00e9.<\/p>\n<div class=\"yuzo_related_post style-1\" data-version=\"5.12.88\">\n<p><h3>Related Post<\/h3>\n<\/p>\n<div class=\"yuzo_wraps\">\n<div class=\"relatedthumb relatedpost-553007 c11\"><a href=\"https:\/\/www.elwatan.com\/regions\/kabylie\/bejaia\/el-kseur-des-eleves-sensibilises-a-la-protection-du-patrimoine-2-17-04-2018\"\/><\/p>\n<p><span class=\"yuzo__text--title c10\">El-Kseur : Des \u00e9l\u00e8ves sensibilis\u00e9s \u00e0 la protection&#8230;<\/span><\/div>\n<div class=\"relatedthumb relatedpost-569415 c11\"><a href=\"https:\/\/www.elwatan.com\/regions\/ouest\/bel-abes\/colere-des-occupants-du-bidonville-abdessamed-13-04-2019\"\/><\/p>\n<p><span class=\"yuzo__text--title c10\">Col\u00e8re des occupants du bidonville \u00abAbdessamed\u00bb<\/span><\/div>\n<div class=\"relatedthumb relatedpost-452383 c11\"><a href=\"https:\/\/www.elwatan.com\/regions\/sud\/actu-sud\/ghardaia-430-enfants-beneficient-de-vacances-au-nord-du-pays-2-30-03-2014\"\/><\/p>\n<p><span class=\"yuzo__text--title c10\">Gharda\u00efa : 430 enfants b\u00e9n\u00e9ficient de vacances au &#8230;<\/span><\/div>\n<div class=\"relatedthumb relatedpost-560506 c11\"><a href=\"https:\/\/www.elwatan.com\/edition\/sports\/jsmb-aso-les-bejaouis-visent-le-rachat-26-02-2019\"\/><\/p>\n<p><span class=\"yuzo__text--title c10\">JSMB \u2013 ASO :\u00a0Les B\u00e9jaouis visent le rachat<\/span><\/div>\n<\/div>\n<\/div>\n<p><span class=\"post-views-label\">Post Views:<\/span> <span class=\"post-views-count\">392<\/span><\/p>\n<p>Auteur: Hicham Chouadria<br \/>\n<a href=\"https:\/\/www.elwatan.com\/edition\/actualite\/marche-de-soutien-des-travailleurs-de-cevital-a-bouira-26-04-2019\">Cliquez ici pour lire l&rsquo;article depuis sa source.<\/a><\/p>\n","protected":false},"excerpt":{"rendered":"<p>Une centaine de travailleurs des filiales appartenant au groupe Cevital, notamment de Metal Structure bas\u00e9e \u00e0 la zone industrielle de Sidi Khaled dans la commune de Oued El Berdi, ont manifest\u00e9, hier, dans les rues de la ville de Bouira, pour r\u00e9clamer la lib\u00e9ration \u00abimm\u00e9diate et inconditionnelle\u00bb du puissant homme d\u2019affaires du pays, a-t-on constat\u00e9. [&hellip;]<\/p>\n","protected":false},"author":1743,"featured_media":0,"comment_status":"closed","ping_status":"closed","sticky":false,"template":"","format":"standard","meta":{"fifu_image_url":"","fifu_image_alt":"","footnotes":""},"categories":[73,53],"tags":[],"class_list":["post-30470","post","type-post","status-publish","format-standard","hentry","category-actualite","category-algerie"],"_links":{"self":[{"href":"https:\/\/linitiative.ca\/International\/wp-json\/wp\/v2\/posts\/30470","targetHints":{"allow":["GET"]}}],"collection":[{"href":"https:\/\/linitiative.ca\/International\/wp-json\/wp\/v2\/posts"}],"about":[{"href":"https:\/\/linitiative.ca\/International\/wp-json\/wp\/v2\/types\/post"}],"author":[{"embeddable":true,"href":"https:\/\/linitiative.ca\/International\/wp-json\/wp\/v2\/users\/1743"}],"replies":[{"embeddable":true,"href":"https:\/\/linitiative.ca\/International\/wp-json\/wp\/v2\/comments?post=30470"}],"version-history":[{"count":0,"href":"https:\/\/linitiative.ca\/International\/wp-json\/wp\/v2\/posts\/30470\/revisions"}],"wp:attachment":[{"href":"https:\/\/linitiative.ca\/International\/wp-json\/wp\/v2\/media?parent=30470"}],"wp:term":[{"taxonomy":"category","embeddable":true,"href":"https:\/\/linitiative.ca\/International\/wp-json\/wp\/v2\/categories?post=30470"},{"taxonomy":"post_tag","embeddable":true,"href":"https:\/\/linitiative.ca\/International\/wp-json\/wp\/v2\/tags?post=30470"}],"curies":[{"name":"wp","href":"https:\/\/api.w.org\/{rel}","templated":true}]}}