{"id":30485,"date":"2019-04-26T15:23:27","date_gmt":"2019-04-26T19:23:27","guid":{"rendered":"https:\/\/linitiative.ca\/International\/tipasa-des-milliers-de-manifestants-de-tous-les-ages\/"},"modified":"2019-04-26T15:23:27","modified_gmt":"2019-04-26T19:23:27","slug":"tipasa-des-milliers-de-manifestants-de-tous-les-ages","status":"publish","type":"post","link":"https:\/\/linitiative.ca\/International\/tipasa-des-milliers-de-manifestants-de-tous-les-ages\/","title":{"rendered":"Tipasa\u00a0: Des milliers de manifestants de tous les ages"},"content":{"rendered":"<h4 class=\"title-14\"\/>\n<div class=\"featured_image\"><img width=\"1000\" height=\"750\" data-cfsrc=\"https:\/\/www.elwatan.com\/wp-content\/uploads\/2019\/04\/Photo-031.jpg\" class=\"attachment-post-thumbnail size-post-thumbnail wp-post-image c1\" alt=\"\" srcset=\"https:\/\/www.elwatan.com\/wp-content\/uploads\/2019\/04\/Photo-031.jpg 1000w, https:\/\/www.elwatan.com\/wp-content\/uploads\/2019\/04\/Photo-031-300x225.jpg 300w, https:\/\/www.elwatan.com\/wp-content\/uploads\/2019\/04\/Photo-031-768x576.jpg 768w\" sizes=\"(max-width: 1000px) 100vw, 1000px\"\/><noscript><\/p>\n<p><img loading=\"lazy\" decoding=\"async\" width=\"1000\" height=\"750\" src=\"https:\/\/www.elwatan.com\/wp-content\/uploads\/2019\/04\/Photo-031.jpg\" class=\"attachment-post-thumbnail size-post-thumbnail wp-post-image\" alt=\"\" srcset=\"https:\/\/www.elwatan.com\/wp-content\/uploads\/2019\/04\/Photo-031.jpg 1000w, https:\/\/www.elwatan.com\/wp-content\/uploads\/2019\/04\/Photo-031-300x225.jpg 300w, https:\/\/www.elwatan.com\/wp-content\/uploads\/2019\/04\/Photo-031-768x576.jpg 768w\" sizes=\"auto, (max-width: 1000px) 100vw, 1000px\"\/><\/p>\n<p><\/noscript><\/div>\n<p class=\"p3\"><span class=\"s1\">Le dixi\u00e8me vendredi cons\u00e9cutif aura \u00e9t\u00e9 marqu\u00e9 par la pr\u00e9sence de plus en plus importante d\u2019adolescentes et d\u2019adolescents lors des manifestations, tenant dans leurs bras l\u2019embl\u00e8me national.<\/span><\/p>\n<p class=\"p3\"><span class=\"s1\"><em>\u00ab\u00a0One, two, three, viva l\u2019Alg\u00e9rie\u00a0\u00bb,<\/em> <em>\u00ab\u00a0klitou lebled ya essarakines\u00a0\u00bb<\/em>, et tant de slogans r\u00e9p\u00e9t\u00e9s par la foule. \u00ab\u00a0Nous voulons un avenir meilleur, nous d\u00e9clare l\u2019une des coll\u00e9giennes, nous travaillons bien en classe et nous souhaitons vivre dans un pays plein de bonnes choses\u00a0\u00bb ajoute notre interlocutrice.<\/span><\/p>\n<p class=\"p3\"><span class=\"s1\">Son amie \u00e2g\u00e9e de 16 ans est intervenue, en nous d\u00e9clarant, \u00ab\u00a0nous sommes ici par solidarit\u00e9 avec les autres manifestants\u00a0\u00bb, nous indique-t-elle. Toutes souriantes, envelopp\u00e9es dans les couleurs nationales, elles hissent leurs pancartes avec un visage jovial et innocent.<\/span><\/p>\n<p class=\"p3\"><span class=\"s1\">Un \u00e9migr\u00e9 venu de Toulouse, accompagn\u00e9 par son enfant qui tenait l\u2019embl\u00e8me national, affichait son bonheur, \u00ab\u00a0je m\u2019appelle Karim, ce n\u2019est pas comme en France nous dit-il, c\u2019est une manifestation conviviale, notre pays et cette jeunesse m\u00e9ritent des dirigeants \u00e0 la hauteur des aspirations du peuple, c\u2019est la 1<\/span><span class=\"s4\"><sup>\u00e8re<\/sup><\/span> <span class=\"s1\">fois que je manifeste, je suis ici depuis trois jours seulement\u00a0\u00bb, nous indique-t-il.<\/span><\/p>\n<p class=\"p3\"><span class=\"s1\">Un adulte passe \u00e0 c\u00f4t\u00e9 de son fils, lui tendait une petite bouteille d\u2019eau min\u00e9rale, \u00ab\u00a0tenez \u00e7a pour vous d\u00e9salt\u00e9rer\u00a0\u00bb, lui dit-il. \u00ab\u00a0Quelle ambiance chaleureuse dans cette manifestation d\u00e9clare l\u2019\u00e9migr\u00e9, c\u2019est la solidarit\u00e9 de mes compatriotes qui m\u2019a marqu\u00e9\u00a0\u00bb, d\u00e9clare Karim.<\/span><\/p>\n<p class=\"p3\"><span class=\"s1\">Des policiers d\u00e9tournent les v\u00e9hicules et les bus pour ne pas entraver la progression de la procession. Des jeunes tenaient un gigantesque embl\u00e8me national. Ils devan\u00e7aient sous un soleil de plomb la mar\u00e9e humaine. Nombreux citoyens des diff\u00e9rentes localit\u00e9s de la wilaya avaient pr\u00e9f\u00e9r\u00e9 rejoindre la capitale afin de <em>\u00ab\u00a0vendredire\u00a0\u00bb<\/em> pour la 10<\/span><span class=\"s4\"><sup>\u00e8me<\/sup><\/span> <span class=\"s1\">fois.<\/span><\/p>\n<p class=\"p3\"><span class=\"s1\">Certains manifestants se projettent d\u00e9j\u00e0 dans l\u2019organisation des manifestations durant le mois de Ramadhan. Ils persistent et refusent d\u2019abdiquer, si leurs l\u00e9gitimes revendications ne soient pas satisfaites. <em>\u00ab\u00a0D\u00e9gagez, signifie rouhou g\u00e2a<\/em>\u00a0\u00bb.<\/span> <span class=\"s1\">Les symboles du syst\u00e8me ne sont plus accept\u00e9s par les manifestants.<\/span><\/p>\n<p class=\"p3\"><span class=\"s1\">Depuis le d\u00e9but des manifestations populaires, le Chef de l\u2019Ex\u00e9cutif de la wilaya de Tipasa, entour\u00e9 par ses proches des services de s\u00e9curit\u00e9, de l\u2019administration et de certains <em>\u00ab\u00a0<\/em>\u00e9lus<em>\u00a0\u00bb<\/em> du peuple, prennent leurs d\u00e9jeuners au si\u00e8ge de la wilaya, tout en observant discr\u00e8tement le passage des citoyens de Tipasa passifs et civilis\u00e9s.<\/span><\/p>\n<p class=\"p3\"><span class=\"s1\"><span class=\"Apple-converted-space\">\u00a0 \u00a0 \u00a0 \u00a0 \u00a0 \u00a0 \u00a0 \u00a0 \u00a0 \u00a0 \u00a0 \u00a0 \u00a0 \u00a0 \u00a0 \u00a0 \u00a0 \u00a0 \u00a0 \u00a0 \u00a0 \u00a0 \u00a0 \u00a0 \u00a0 \u00a0 \u00a0 \u00a0 \u00a0 \u00a0 \u00a0 \u00a0 \u00a0 \u00a0 \u00a0 \u00a0 \u00a0 \u00a0 \u00a0 \u00a0 \u00a0 \u00a0 \u00a0 \u00a0 \u00a0 \u00a0 \u00a0 \u00a0 \u00a0 \u00a0 \u00a0 \u00a0 \u00a0 \u00a0 \u00a0 \u00a0<\/span><\/span> <span class=\"s5\"><strong>\u00a0<span class=\"Apple-converted-space\">\u00a0 \u00a0<\/span><\/strong><\/span><\/p>\n<p><span class=\"post-views-label\">Post Views:<\/span> <span class=\"post-views-count\">289<\/span><\/p>\n<p>Auteur: Mourad Hachid<br \/>\n<a href=\"https:\/\/www.elwatan.com\/edition\/actualite\/tipasa-des-milliers-de-manifestants-de-tous-les-ages-26-04-2019\">Cliquez ici pour lire l&rsquo;article depuis sa source.<\/a><\/p>\n","protected":false},"excerpt":{"rendered":"<p>Le dixi\u00e8me vendredi cons\u00e9cutif aura \u00e9t\u00e9 marqu\u00e9 par la pr\u00e9sence de plus en plus importante d\u2019adolescentes et d\u2019adolescents lors des manifestations, tenant dans leurs bras l\u2019embl\u00e8me national. \u00ab\u00a0One, two, three, viva l\u2019Alg\u00e9rie\u00a0\u00bb, \u00ab\u00a0klitou lebled ya essarakines\u00a0\u00bb, et tant de slogans r\u00e9p\u00e9t\u00e9s par la foule. \u00ab\u00a0Nous voulons un avenir meilleur, nous d\u00e9clare l\u2019une des coll\u00e9giennes, nous [&hellip;]<\/p>\n","protected":false},"author":1743,"featured_media":30486,"comment_status":"closed","ping_status":"closed","sticky":false,"template":"","format":"standard","meta":{"fifu_image_url":"","fifu_image_alt":"","footnotes":""},"categories":[73,53],"tags":[],"class_list":["post-30485","post","type-post","status-publish","format-standard","has-post-thumbnail","hentry","category-actualite","category-algerie"],"_links":{"self":[{"href":"https:\/\/linitiative.ca\/International\/wp-json\/wp\/v2\/posts\/30485","targetHints":{"allow":["GET"]}}],"collection":[{"href":"https:\/\/linitiative.ca\/International\/wp-json\/wp\/v2\/posts"}],"about":[{"href":"https:\/\/linitiative.ca\/International\/wp-json\/wp\/v2\/types\/post"}],"author":[{"embeddable":true,"href":"https:\/\/linitiative.ca\/International\/wp-json\/wp\/v2\/users\/1743"}],"replies":[{"embeddable":true,"href":"https:\/\/linitiative.ca\/International\/wp-json\/wp\/v2\/comments?post=30485"}],"version-history":[{"count":0,"href":"https:\/\/linitiative.ca\/International\/wp-json\/wp\/v2\/posts\/30485\/revisions"}],"wp:featuredmedia":[{"embeddable":true,"href":"https:\/\/linitiative.ca\/International\/wp-json\/"}],"wp:attachment":[{"href":"https:\/\/linitiative.ca\/International\/wp-json\/wp\/v2\/media?parent=30485"}],"wp:term":[{"taxonomy":"category","embeddable":true,"href":"https:\/\/linitiative.ca\/International\/wp-json\/wp\/v2\/categories?post=30485"},{"taxonomy":"post_tag","embeddable":true,"href":"https:\/\/linitiative.ca\/International\/wp-json\/wp\/v2\/tags?post=30485"}],"curies":[{"name":"wp","href":"https:\/\/api.w.org\/{rel}","templated":true}]}}