{"id":30494,"date":"2019-04-26T14:51:00","date_gmt":"2019-04-26T18:51:00","guid":{"rendered":"https:\/\/linitiative.ca\/International\/un-seminaire-a-la-manouba-annule-par-les-organisateurs-pour-cause-de-presence-de-deux-dirigeants-dennahdha\/"},"modified":"2019-04-26T14:51:00","modified_gmt":"2019-04-26T18:51:00","slug":"un-seminaire-a-la-manouba-annule-par-les-organisateurs-pour-cause-de-presence-de-deux-dirigeants-dennahdha","status":"publish","type":"post","link":"https:\/\/linitiative.ca\/International\/un-seminaire-a-la-manouba-annule-par-les-organisateurs-pour-cause-de-presence-de-deux-dirigeants-dennahdha\/","title":{"rendered":"Un s\u00e9minaire \u00e0 la Manouba annul\u00e9 par les organisateurs pour cause de pr\u00e9sence de deux dirigeants d&rsquo;Ennahdha"},"content":{"rendered":"<p>Un s\u00e9minaire scientifique\u00a0 qui devait se tenir ce vendredi \u00e0 la facult\u00e9 des Lettres, des Arts et ses Sciences humaines de l\u2019universit\u00e9 de la Manouba sur le th\u00e8me\u00a0 \u00ab le ph\u00e9nom\u00e8ne religieux en Tunisie \u00bba \u00e9t\u00e9\u00a0 annul\u00e9 suite aux protestations\u00a0 d\u2019un certain nombre d\u2019\u00e9tudiants contre la pr\u00e9sence jug\u00e9e\u00ab intempestive\u00bb dans la salle de deux dirigeants d\u2019Ennahdha, Ali Larayedh et Abdelhamid Jelassi. La s\u00e9ance inaugurale\u00a0 qui devait traiter de \u00abl\u2019islam politique en Tunisie entre la r\u00e9f\u00e9rence des fr\u00e8res musulmans et la sp\u00e9cificit\u00e9 tunisienne\u00bb a \u00e9t\u00e9 perturb\u00e9e par les cris de protestation des \u00e9tudiants contre cette pr\u00e9sence jug\u00e9e \u00abintempestive\u00bb des deux dirigeants islamistes qui ont d\u00fb quitter la salle. Dans une d\u00e9claration \u00e0 l&rsquo;agence Tap, le doyen a indiqu\u00e9 que les deux dirigants \u00e9taient accompagn\u00e9s d&rsquo;autres personnes qui n&rsquo;\u00e9taient pas invit\u00e9s non plus. Pour sa part, le repr\u00e9sentant de l&rsquo;Uget a confirm\u00e9 les propos du doyen tout en pr\u00e9cisant que les \u00e9tudiants n&rsquo;ont pas appr\u00e9ci\u00e9 cette pr\u00e9sence d&rsquo;autant plus qu&rsquo;ils \u00abtiennent \u00e0 faire respecter le principe de neutralisation de l&rsquo;espace universitaire par rapport aux tiraillemements politiques\u00bb.\u00a0<\/p>\n<p>\u00a0<br \/>\u00a0<\/p>\n<p>Auteur:<br \/>\n<a href=\"https:\/\/www.leaders.com.tn\/article\/26983-un-seminaire-sur-l-islam-politique-a-la-manouba-annule-par-les-organisateurs-pour-cause-de-presence-de-deux-dirigeants-d-ennahdha\">Cliquez ici pour lire l&rsquo;article depuis sa source.<\/a><\/p>\n","protected":false},"excerpt":{"rendered":"<p>Un s\u00e9minaire scientifique\u00a0 qui devait se tenir ce vendredi \u00e0 la facult\u00e9 des Lettres, des Arts et ses Sciences humaines de l\u2019universit\u00e9 de la Manouba sur le th\u00e8me\u00a0 \u00ab le ph\u00e9nom\u00e8ne religieux en Tunisie \u00bba \u00e9t\u00e9\u00a0 annul\u00e9 suite aux protestations\u00a0 d\u2019un certain nombre d\u2019\u00e9tudiants contre la pr\u00e9sence jug\u00e9e\u00ab intempestive\u00bb dans la salle de deux dirigeants [&hellip;]<\/p>\n","protected":false},"author":1772,"featured_media":0,"comment_status":"closed","ping_status":"closed","sticky":false,"template":"","format":"standard","meta":{"fifu_image_url":"","fifu_image_alt":"","footnotes":""},"categories":[73,55],"tags":[],"class_list":["post-30494","post","type-post","status-publish","format-standard","hentry","category-actualite","category-tunisie"],"_links":{"self":[{"href":"https:\/\/linitiative.ca\/International\/wp-json\/wp\/v2\/posts\/30494","targetHints":{"allow":["GET"]}}],"collection":[{"href":"https:\/\/linitiative.ca\/International\/wp-json\/wp\/v2\/posts"}],"about":[{"href":"https:\/\/linitiative.ca\/International\/wp-json\/wp\/v2\/types\/post"}],"author":[{"embeddable":true,"href":"https:\/\/linitiative.ca\/International\/wp-json\/wp\/v2\/users\/1772"}],"replies":[{"embeddable":true,"href":"https:\/\/linitiative.ca\/International\/wp-json\/wp\/v2\/comments?post=30494"}],"version-history":[{"count":0,"href":"https:\/\/linitiative.ca\/International\/wp-json\/wp\/v2\/posts\/30494\/revisions"}],"wp:attachment":[{"href":"https:\/\/linitiative.ca\/International\/wp-json\/wp\/v2\/media?parent=30494"}],"wp:term":[{"taxonomy":"category","embeddable":true,"href":"https:\/\/linitiative.ca\/International\/wp-json\/wp\/v2\/categories?post=30494"},{"taxonomy":"post_tag","embeddable":true,"href":"https:\/\/linitiative.ca\/International\/wp-json\/wp\/v2\/tags?post=30494"}],"curies":[{"name":"wp","href":"https:\/\/api.w.org\/{rel}","templated":true}]}}