{"id":30500,"date":"2019-04-26T13:37:03","date_gmt":"2019-04-26T17:37:03","guid":{"rendered":"https:\/\/linitiative.ca\/International\/assises-fiscales-des-guest-speakers-de-renom\/"},"modified":"2019-04-26T13:37:03","modified_gmt":"2019-04-26T17:37:03","slug":"assises-fiscales-des-guest-speakers-de-renom","status":"publish","type":"post","link":"https:\/\/linitiative.ca\/International\/assises-fiscales-des-guest-speakers-de-renom\/","title":{"rendered":"Assises fiscales : des guest speakers de renom"},"content":{"rendered":"<p>C\u2019est l\u2019\u00e9v\u00e9nement majeur du milieu des affaires, la semaine prochaine. Les Assises de la fiscalit\u00e9 se tiendront les 3 et 4 mai.<\/p>\n<div class=\"c10\"\/>\n<p>Outre les personnalit\u00e9s marocaines, des guest speakers de renom seront pr\u00e9sents. Parmi eux on peut citer\u00a0Pierre Moscovici, Commissaire europ\u00e9en aux affaires \u00e9conomiques et mon\u00e9taires, \u00e0 la fiscalit\u00e9 et \u00e0 l\u2019Union europ\u00e9enne,<em>\u00a0<\/em>Marcio Ferreira Verdi<em>,<\/em> secr\u00e9taire Ex\u00e9cutif du Centre inter-am\u00e9ricain des administrations fiscales (CIAT), et Logan Wort, secr\u00e9taire \u00e9x\u00e9cutif du Forum sur l\u2019administration fiscale africaine (ATAF), \u00e0 en croire une source proche du Comit\u00e9 scientifique des\u00a0<em>Assises<\/em>\u00a0de la fiscalit\u00e9 de 2019. Pas moins de cinq panels rythmeront les deux journ\u00e9es de l\u2019\u00e9v\u00e9nement\u00a0: fiscalit\u00e9, pilier du mod\u00e8le de d\u00e9veloppement\u00a0; fiscalit\u00e9 et comp\u00e9titivit\u00e9\u00a0; incitations fiscales\u00a0;\u00a0 convergence des fiscalit\u00e9s d\u2019Etat et locale : \u00e9quit\u00e9 et simplicit\u00e9\u00a0; contours d\u2019un nouveau mod\u00e8le de gouvernance fiscale.<\/p>\n<p>Ces ateliers seront pr\u00e9c\u00e9d\u00e9s par une c\u00e9r\u00e9monie d\u2019ouverture avec les allocutions du ministre de l\u2019Economie et des Finances, Mohamed Bencha\u00e2boun, du ministre de l\u2019Int\u00e9rieur, Abdelouafi Laftit, du Pr\u00e9sident du CESE, Ahmed R\u00e9da Chami, du directeur g\u00e9n\u00e9ral de la DGI, Omar Faraj et du pr\u00e9sident du Comit\u00e9 Scientifique, Mohammed Berrada.<\/p>\n<p><img loading=\"lazy\" decoding=\"async\" class=\"wp-image-108368 size-medium\" src=\"https:\/\/www.challenge.ma\/wp-content\/uploads\/2019\/04\/pierremoscovici-300x200.jpg\" alt=\"\" width=\"300\" height=\"200\" srcset=\"https:\/\/www.challenge.ma\/wp-content\/uploads\/2019\/04\/pierremoscovici-300x200.jpg 300w, https:\/\/www.challenge.ma\/wp-content\/uploads\/2019\/04\/pierremoscovici-768x512.jpg 768w, https:\/\/www.challenge.ma\/wp-content\/uploads\/2019\/04\/pierremoscovici-1024x683.jpg 1024w, https:\/\/www.challenge.ma\/wp-content\/uploads\/2019\/04\/pierremoscovici-360x240.jpg 360w, https:\/\/www.challenge.ma\/wp-content\/uploads\/2019\/04\/pierremoscovici-750x500.jpg 750w, https:\/\/www.challenge.ma\/wp-content\/uploads\/2019\/04\/pierremoscovici.jpg 1200w\" sizes=\"auto, (max-width: 300px) 100vw, 300px\"\/>Pierre Moscovici, Commissaire europ\u00e9en aux affaires \u00e9conomiques et mon\u00e9taires, \u00e0 la fiscalit\u00e9 et \u00e0 l\u2019Union europ\u00e9enne<\/p>\n<p><img loading=\"lazy\" decoding=\"async\" class=\"wp-image-108369 size-medium\" src=\"https:\/\/www.challenge.ma\/wp-content\/uploads\/2019\/04\/LAF_3504-300x247.jpg\" alt=\"\" width=\"300\" height=\"247\" srcset=\"https:\/\/www.challenge.ma\/wp-content\/uploads\/2019\/04\/LAF_3504-300x247.jpg 300w, https:\/\/www.challenge.ma\/wp-content\/uploads\/2019\/04\/LAF_3504-360x296.jpg 360w, https:\/\/www.challenge.ma\/wp-content\/uploads\/2019\/04\/LAF_3504.jpg 500w\" sizes=\"auto, (max-width: 300px) 100vw, 300px\"\/>Marcio Ferreira Verdi, secr\u00e9taire Ex\u00e9cutif du Centre inter-am\u00e9ricain des administrations fiscales (CIAT)<\/p>\n<p><img loading=\"lazy\" decoding=\"async\" class=\"wp-image-108370 size-medium\" src=\"https:\/\/www.challenge.ma\/wp-content\/uploads\/2019\/04\/ATAF_Wort_Logan-300x156.jpg\" alt=\"\" width=\"300\" height=\"156\" srcset=\"https:\/\/www.challenge.ma\/wp-content\/uploads\/2019\/04\/ATAF_Wort_Logan-300x156.jpg 300w, https:\/\/www.challenge.ma\/wp-content\/uploads\/2019\/04\/ATAF_Wort_Logan-360x187.jpg 360w, https:\/\/www.challenge.ma\/wp-content\/uploads\/2019\/04\/ATAF_Wort_Logan.jpg 750w\" sizes=\"auto, (max-width: 300px) 100vw, 300px\"\/>Logan Wort, secr\u00e9taire \u00e9x\u00e9cutif du Forum sur l\u2019administration fiscale africaine (ATAF)<\/p>\n<div class=\"c17\">\n<fieldset class=\"c16\">\n<legend><strong><span class=\"c11\">Challenge<\/span><span class=\"c12\">news<\/span><\/strong><\/legend>\n<div class=\"c15\">Le meilleur de la r\u00e9daction s\u00e9lectionn\u00e9 par Challenge :<\/p>\n<\/div>\n<\/fieldset>\n<\/div>\n<p>Auteur: Adama Sylla<br \/>\n<a href=\"https:\/\/www.challenge.ma\/assises-fiscales-des-guest-speakers-de-renom-108365\/\">Cliquez ici pour lire l&rsquo;article depuis sa source.<\/a><\/p>\n","protected":false},"excerpt":{"rendered":"<p>C\u2019est l\u2019\u00e9v\u00e9nement majeur du milieu des affaires, la semaine prochaine. Les Assises de la fiscalit\u00e9 se tiendront les 3 et 4 mai. Outre les personnalit\u00e9s marocaines, des guest speakers de renom seront pr\u00e9sents. Parmi eux on peut citer\u00a0Pierre Moscovici, Commissaire europ\u00e9en aux affaires \u00e9conomiques et mon\u00e9taires, \u00e0 la fiscalit\u00e9 et \u00e0 l\u2019Union europ\u00e9enne,\u00a0Marcio Ferreira Verdi, [&hellip;]<\/p>\n","protected":false},"author":1787,"featured_media":30501,"comment_status":"closed","ping_status":"closed","sticky":false,"template":"","format":"standard","meta":{"fifu_image_url":"","fifu_image_alt":"","footnotes":""},"categories":[78,54],"tags":[],"class_list":["post-30500","post","type-post","status-publish","format-standard","has-post-thumbnail","hentry","category-economie","category-maroc"],"_links":{"self":[{"href":"https:\/\/linitiative.ca\/International\/wp-json\/wp\/v2\/posts\/30500","targetHints":{"allow":["GET"]}}],"collection":[{"href":"https:\/\/linitiative.ca\/International\/wp-json\/wp\/v2\/posts"}],"about":[{"href":"https:\/\/linitiative.ca\/International\/wp-json\/wp\/v2\/types\/post"}],"author":[{"embeddable":true,"href":"https:\/\/linitiative.ca\/International\/wp-json\/wp\/v2\/users\/1787"}],"replies":[{"embeddable":true,"href":"https:\/\/linitiative.ca\/International\/wp-json\/wp\/v2\/comments?post=30500"}],"version-history":[{"count":0,"href":"https:\/\/linitiative.ca\/International\/wp-json\/wp\/v2\/posts\/30500\/revisions"}],"wp:featuredmedia":[{"embeddable":true,"href":"https:\/\/linitiative.ca\/International\/wp-json\/"}],"wp:attachment":[{"href":"https:\/\/linitiative.ca\/International\/wp-json\/wp\/v2\/media?parent=30500"}],"wp:term":[{"taxonomy":"category","embeddable":true,"href":"https:\/\/linitiative.ca\/International\/wp-json\/wp\/v2\/categories?post=30500"},{"taxonomy":"post_tag","embeddable":true,"href":"https:\/\/linitiative.ca\/International\/wp-json\/wp\/v2\/tags?post=30500"}],"curies":[{"name":"wp","href":"https:\/\/api.w.org\/{rel}","templated":true}]}}