{"id":30502,"date":"2019-04-26T13:54:03","date_gmt":"2019-04-26T17:54:03","guid":{"rendered":"https:\/\/linitiative.ca\/International\/carres-des-innovateurs-la-nouvelle-generation-de-prestations-de-service-des-ccis-labellisees-par-lompic\/"},"modified":"2019-04-26T13:54:03","modified_gmt":"2019-04-26T17:54:03","slug":"carres-des-innovateurs-la-nouvelle-generation-de-prestations-de-service-des-ccis-labellisees-par-lompic","status":"publish","type":"post","link":"https:\/\/linitiative.ca\/International\/carres-des-innovateurs-la-nouvelle-generation-de-prestations-de-service-des-ccis-labellisees-par-lompic\/","title":{"rendered":"\u00ab Carr\u00e9s des innovateurs \u00bb, la nouvelle g\u00e9n\u00e9ration de prestations de service des CCIS labellis\u00e9es par l\u2019OMPIC"},"content":{"rendered":"<p>Les chambres de commerces, d\u2019industrie et de service (CCIS) veulent r\u00e9ussir leur transformation globale et int\u00e9gr\u00e9e\u00a0qui les implique davantage dans l\u2019investissement, la cr\u00e9ation d\u2019entreprise et l\u2019entrepreneuriat, l\u2019innovation, la technologie et le d\u00e9veloppement des marques commerciales.<\/p>\n<div class=\"c10\"\/>\n<p>En qu\u00eate d\u2019accompagnement pour mettre en \u0153uvre cette mutation, ces institutions centenaires, longtemps sous l\u2019ombre chambres de commerce \u00e9trang\u00e8res et que certains n\u2019h\u00e9sitent pas \u00e0 qualifier de coquille vide, d\u00e9sirent se r\u00e9approprier les missions qui sont les leurs. Et dans leur vaste op\u00e9ration de restructuration, les CCIS peuvent compter sur sa tutelle, entre le Minist\u00e8re de l\u2019Industrie, de l\u2019Investissement, du Commerce et de l\u2019Economie Num\u00e9rique et l\u2019Office Marocain de la Propri\u00e9t\u00e9 Industrielle et Commerciale (OMPIC).<\/p>\n<p>Mieux encore, le contexte s\u2019y pr\u00eate avec le renforcement de la prise de conscience politique de la logique d\u2019investissement dans l\u2019innovation et la propri\u00e9t\u00e9 industrielle et commerciale en tant qu\u2019outils de croissance \u00e9conomique. Ainsi, sous la houlette de Moulay Hafid Elalamy, ministre de l\u2019Industrie, de l\u2019Investissement, du Commerce et de l\u2019Economie num\u00e9rique, une convention-cadre de partenariat pour le d\u00e9veloppement de nouveaux services pour accompagner les porteurs de projets, les investisseurs et les entreprises dans les domaines de l\u2019entrepreneuriat, l\u2019innovation, la technologie et le d\u00e9veloppement des marques commerciales, a \u00e9t\u00e9 sign\u00e9e jeudi 25 avril 2019, \u00e0 Marrakech, entre le minist\u00e8re de l\u2019Industrie et du Commerce, la F\u00e9d\u00e9ration des Chambres Marocaines de Commerce, d\u2019Industrie et de Services du Maroc (FCMCIS) et l\u2019OMPIC. Une initiative qui intervient \u00e9galement \u00e0 la veille de la journ\u00e9e mondiale de la cr\u00e9ativit\u00e9, l\u2019innovation et la propri\u00e9t\u00e9 intellectuelle, le 26 avril.<\/p>\n<p>Sign\u00e9e par Moulay Hafid Elalamy, Omar Moro, le pr\u00e9sident de la FCMCIS, et Larbi Benrazzouk, directeur g\u00e9n\u00e9ral de l\u2019OMPIC, en marge du Forum marocain du commerce, cette convention vise la mise en place d\u2019une nouvelle g\u00e9n\u00e9ration de prestations de service au niveau des chambres de commerce, d\u2019industrie et de services autour d\u2019un r\u00e9seau d\u2019espaces d\u00e9nomm\u00e9s \u00ab Carr\u00e9s des innovateurs \u00bb labellis\u00e9s par l\u2019OMPIC. De quoi renforcer le r\u00f4le des CCIS dans la dynamique entrepreneuriale nationale en tant qu\u2019acteur d\u2019accompagnement actif et de proximit\u00e9.<\/p>\n<p>En d\u00e9tails, il s\u2019agit de plateforme multi-service physique et digitalis\u00e9e autour de la cr\u00e9ation d\u2019entreprise, la promotion de la cr\u00e9ativit\u00e9, le d\u00e9veloppement de l\u2019innovation et la protection de la propri\u00e9t\u00e9 industrielle.<strong><br \/><\/strong><\/p>\n<p><span class=\"c11\">Des objectifs strat\u00e9giques<\/span><\/p>\n<p>Ainsi, ce concept de \u00ab Carr\u00e9 des innovateurs \u00bb, sera d\u00e9ploy\u00e9 dans les r\u00e9gions par l\u2019OMPIC dans le cadre d\u2019un processus de labellisation progressive des espaces d\u00e9di\u00e9s au niveau des chambres de Commerce, d\u2019Industrie et de Services, y compris leurs antennes.<\/p>\n<p>Pour son d\u00e9ploiement, la d\u00e9marche sera bas\u00e9e sur l\u2019exp\u00e9rimentation afin de d\u00e9velopper un mod\u00e8le \u00e9conomique p\u00e9renne avec\u00a0 des prestations de service \u00e0 valeur ajout\u00e9e de proximit\u00e9 et avec une mont\u00e9e en charge des activit\u00e9s d\u00e9di\u00e9es \u00e0 l\u2019assistance des cr\u00e9ateurs d\u2019entreprises et des investisseurs, la promotion de la cr\u00e9ativit\u00e9 et de l\u2019innovation, la promotion de la propri\u00e9t\u00e9 industrielle et commerciale, et la valorisation des innovations et du savoir-faire des r\u00e9gions.<\/p>\n<p>Il faut dire que cette approche novatrice vient en quelque sorte compl\u00e9ter l\u2019offre actuelle d\u2019accompagnement en faveur des entreprises et des autres acteurs institutionnels \u00e0 travers le r\u00e9seau des CCIS au niveau local, ciblant les talents et les entreprises \u00e0 potentiel de croissance, d\u2019une part, et d\u00e9veloppant des prestations de qualit\u00e9 et int\u00e9gr\u00e9es pour r\u00e9pondre aux besoins quotidiens des entrepreneurs et des investisseurs.<\/p>\n<p><span class=\"c11\">Les chantiers phares et leurs retomb\u00e9es<\/span><\/p>\n<p>Pour atteindre ces objectifs strat\u00e9giques, trois chantiers cl\u00e9s seront lanc\u00e9s. Le premier concerne la mise en place par l\u2019OMPIC d\u2019une plateforme pour la cr\u00e9ation et l\u2019accompagnement de l\u2019entreprise, une \u00e9tape cruciale dans l\u2019am\u00e9lioration de l\u2019environnement des affaires d\u00e8s lors qu\u2019elle permettra de\u00a0doter le pays d\u2019une interface nationale unique et d\u00e9mat\u00e9rialis\u00e9e, d\u2019acc\u00e9l\u00e9rer la convergence des bases de donn\u00e9es des parties prenantes pour une meilleure exploitation des donn\u00e9es, et de mettre aussi en place un portail de l\u2019entrepreneuriat avec l\u2019opportunit\u00e9 de d\u00e9veloppement de services \u00e0 forte valeur ajout\u00e9e.<\/p>\n<p>Les b\u00e9n\u00e9fices attendus d\u2019un tel chantier sont la facilitation de l\u2019acte d\u2019entreprendre, la d\u00e9marche op\u00e9rationnelle digitalis\u00e9e, harmonis\u00e9e et transparente, ou encore l\u2019obtention de donn\u00e9es fiabilis\u00e9es et enrichies pour accro\u00eetre la valeur \u00e9conomique des informations fournies.<\/p>\n<p>Li\u00e9 \u00e0 la d\u00e9livrance des titres de propri\u00e9t\u00e9 industrielle et commerciale de qualit\u00e9 et dans les meilleurs d\u00e9lais, le deuxi\u00e8me chantier permettra, entre autres, de \u00ab\u00a0pr\u00e9server efficacement les droits des cr\u00e9ateurs et s\u00e9curiser leurs investissements, d\u2019offrir des services de propri\u00e9t\u00e9 industrielle et commerciale simples, transparents et accessibles, r\u00e9pondant aux attentes des clients et aux besoins du march\u00e9\u00a0\u00bb et d\u2019octroyer des droits de propri\u00e9t\u00e9 industrielle et commerciale et tenir les registres correspondant conforment aux exigences l\u00e9gales et aux bonnes pratiques.<\/p>\n<p>Les attentes pour ce chantier sont \u00ab\u00a0l\u2019efficacit\u00e9 et la transparence des proc\u00e9dures pour la protection et l\u2019application des droits de propri\u00e9t\u00e9 industrielle et commerciale qui renforcera la confiance des utilisateurs du syst\u00e8me marocain de la PIC, la s\u00e9curisation des actifs immat\u00e9riels gr\u00e2ce \u00e0 la certitude juridique, et la part des actifs immat\u00e9riels dans l\u2019activit\u00e9 \u00e9conomique et la cr\u00e9ation des richesses.<\/p>\n<p>Dernier chantier, la promotion de la cr\u00e9ativit\u00e9 et valorisation des actifs immat\u00e9riels. Il consistera en la conception et la mise en \u0153uvre d\u2019une nouvelle offre d\u2019accompagnement pour aider les entreprises \u00e0 valoriser leurs actifs de propri\u00e9t\u00e9 industriels et ainsi se d\u00e9velopper et cr\u00e9er de la valeur.<\/p>\n<p>En effet, les actions de ce chantier permettront, entre autres, d\u2019acc\u00e9l\u00e9rer la cr\u00e9ation des jeunes entreprises innovantes et de valoriser les projets innovants et collaboratifs, de d\u00e9velopper et valoriser les marques marocaines et les syst\u00e8mes de labellisation. Objectif\u00a0: une meilleure int\u00e9gration industrielle, l\u2019acc\u00e9l\u00e9ration du d\u00e9veloppement du march\u00e9 technologique marocain et le renforcement du syst\u00e8me de transfert des technologies, \u00a0la mont\u00e9e en gamme et un meilleur taux d\u2019int\u00e9gration aux cha\u00eenes de valeurs mondiales,\u2026<\/p>\n<p>Globalement,\u00a0 la mise en \u0153uvre de cette d\u00e9marche se fera en deux phases. La phase pilote du programme n\u00e9cessitera\u00a0 18 mois. Elle concerne la mise en place du \u00ab\u00a0Carr\u00e9 des Innovateurs\u00a0\u00bb au niveau des CCIS pilotes d\u00e9sign\u00e9es par la FCCIS, pour capitalisation sur les r\u00e9sultats et adaptation du concept avant g\u00e9n\u00e9ralisation au niveau des autres CCIS.<\/p>\n<p>A noter que pendant cette \u00e9tape, \u00ab\u00a0la mise en service des d\u00e9marches de protection de la propri\u00e9t\u00e9 industrielle et commerciale sera \u00e9tendue \u00e0 toutes les CCIS, conform\u00e9ment aux conventions en vigueur\u00a0\u00bb.<\/p>\n<p>La deuxi\u00e8me phase, l\u2019\u00e9tape du d\u00e9ploiement r\u00e9gional, consistera en la mise en place progressive du \u00ab\u00a0Carr\u00e9 des Innovateurs\u00a0\u00bb au niveau des CCIS qui manifestent l\u2019int\u00e9r\u00eat.<\/p>\n<p>Au-del\u00e0 des simples formalit\u00e9s \u00e0 accomplir par les entreprises, l\u2019ambition commune des trois parties signataires est de faire de la propri\u00e9t\u00e9 industrielle un levier de d\u00e9veloppement et de comp\u00e9titivit\u00e9 qui favorise la mont\u00e9e en gamme de l\u2019offre marocaine, notamment \u00e0 l\u2019export et la consolidation de son int\u00e9gration dans les cha\u00eenes de valeurs mondiales.<\/p>\n<p>C\u2019est dire que ce nouveau n\u00e9 \u00ab Carr\u00e9s des innovateurs \u00bb, va aborder la promotion de la cr\u00e9ativit\u00e9 et de l\u2019innovation autrement. Il est bien parti pour \u00eatre un \u00e9l\u00e9ment f\u00e9d\u00e9rateur des acteurs de l\u2019\u00e9cosyst\u00e8me d\u2019innovation (les jeunes, les universit\u00e9s, centres de recherches, industriels\u2026).<\/p>\n<p>La r\u00e9ussite d\u2019un tel projet pourra ouvrir la voie \u00e0 diss\u00e9miner ce concept en Afrique. Les bailleurs de fonds \u00e9trangers ne manqueront pas de soutenir cette initiative nationale. Du c\u00f4t\u00e9 de la F\u00e9d\u00e9ration des Chambres Marocaines de Commerce, d\u2019Industrie et de Services du Maroc, l\u2019on amorce une nouvelle \u00e8re au service d\u2019une nouvelle g\u00e9n\u00e9ration d\u2019entreprises, une voie \u00e9galement pour permettant aux CCIS d\u2019assumer leur r\u00f4le constitutionnel.<\/p>\n<div class=\"c18\">\n<fieldset class=\"c17\">\n<legend><strong><span class=\"c12\">Challenge<\/span><span class=\"c13\">news<\/span><\/strong><\/legend>\n<div class=\"c16\">Le meilleur de la r\u00e9daction s\u00e9lectionn\u00e9 par Challenge :<\/p>\n<\/div>\n<\/fieldset>\n<\/div>\n<p>Auteur: Hassan Manyani<br \/>\n<a href=\"https:\/\/www.challenge.ma\/carres-des-innovateurs-la-nouvelle-generation-de-prestations-de-service-des-ccis-labellisees-par-lompic-108372\/\">Cliquez ici pour lire l&rsquo;article depuis sa source.<\/a><\/p>\n","protected":false},"excerpt":{"rendered":"<p>Les chambres de commerces, d\u2019industrie et de service (CCIS) veulent r\u00e9ussir leur transformation globale et int\u00e9gr\u00e9e\u00a0qui les implique davantage dans l\u2019investissement, la cr\u00e9ation d\u2019entreprise et l\u2019entrepreneuriat, l\u2019innovation, la technologie et le d\u00e9veloppement des marques commerciales. En qu\u00eate d\u2019accompagnement pour mettre en \u0153uvre cette mutation, ces institutions centenaires, longtemps sous l\u2019ombre chambres de commerce \u00e9trang\u00e8res et [&hellip;]<\/p>\n","protected":false},"author":1787,"featured_media":0,"comment_status":"closed","ping_status":"closed","sticky":false,"template":"","format":"standard","meta":{"fifu_image_url":"","fifu_image_alt":"","footnotes":""},"categories":[78,54],"tags":[],"class_list":["post-30502","post","type-post","status-publish","format-standard","hentry","category-economie","category-maroc"],"_links":{"self":[{"href":"https:\/\/linitiative.ca\/International\/wp-json\/wp\/v2\/posts\/30502","targetHints":{"allow":["GET"]}}],"collection":[{"href":"https:\/\/linitiative.ca\/International\/wp-json\/wp\/v2\/posts"}],"about":[{"href":"https:\/\/linitiative.ca\/International\/wp-json\/wp\/v2\/types\/post"}],"author":[{"embeddable":true,"href":"https:\/\/linitiative.ca\/International\/wp-json\/wp\/v2\/users\/1787"}],"replies":[{"embeddable":true,"href":"https:\/\/linitiative.ca\/International\/wp-json\/wp\/v2\/comments?post=30502"}],"version-history":[{"count":0,"href":"https:\/\/linitiative.ca\/International\/wp-json\/wp\/v2\/posts\/30502\/revisions"}],"wp:attachment":[{"href":"https:\/\/linitiative.ca\/International\/wp-json\/wp\/v2\/media?parent=30502"}],"wp:term":[{"taxonomy":"category","embeddable":true,"href":"https:\/\/linitiative.ca\/International\/wp-json\/wp\/v2\/categories?post=30502"},{"taxonomy":"post_tag","embeddable":true,"href":"https:\/\/linitiative.ca\/International\/wp-json\/wp\/v2\/tags?post=30502"}],"curies":[{"name":"wp","href":"https:\/\/api.w.org\/{rel}","templated":true}]}}