{"id":30503,"date":"2019-04-26T09:44:31","date_gmt":"2019-04-26T13:44:31","guid":{"rendered":"https:\/\/linitiative.ca\/International\/tunisie-limogeage-dun-imam-pour-avoir-incite-a-la-haine-contre-les-securitaires\/"},"modified":"2019-04-26T09:44:31","modified_gmt":"2019-04-26T13:44:31","slug":"tunisie-limogeage-dun-imam-pour-avoir-incite-a-la-haine-contre-les-securitaires","status":"publish","type":"post","link":"https:\/\/linitiative.ca\/International\/tunisie-limogeage-dun-imam-pour-avoir-incite-a-la-haine-contre-les-securitaires\/","title":{"rendered":"Tunisie: Limogeage d\u2019un imam pour avoir incit\u00e9 \u00e0 la haine contre les s\u00e9curitaires"},"content":{"rendered":"<div class=\"post-cont-in left relative\">\n<p>Le minist\u00e8re des Affaires Religieuses a annonc\u00e9 le limogeage d\u2019un Imam de la mosqu\u00e9e Al-Ikhlas \u00e0 la Mornaguia dans le gouvernorat de Nabeul, apr\u00e8s son attaque contre les forces de s\u00e9curit\u00e9, lors du sermon de vendredi.<\/p>\n<p>Le minist\u00e8re a mis en garde \u00e0 plusieurs reprises l\u2019incrimin\u00e9 \u00e0 cause de ses sermons qui sortent des sentiers religieux, les consid\u00e9rant comme des\u00a0discours\u00a0politiques incitant la violence et induisant\u00a0la haine et la confrontation.<\/p>\n<div class=\"code-block code-block-1 c3\"><ins class=\"adsbygoogle c2\" data-ad-layout=\"in-article\" data-ad-format=\"fluid\" data-ad-client=\"ca-pub-2102118777505746\" data-ad-slot=\"7301775417\"\/> <\/div>\n<div class=\"mvp-org-wrap mvp-org-logo\" itemprop=\"publisher\" itemscope=\"\" itemtype=\"https:\/\/schema.org\/Organization\"><img decoding=\"async\" src=\"https:\/\/www.tunisienumerique.com\/wp-content\/uploads\/2017\/02\/logo_tunisie_numerique.png\"\/><\/div>\n<div class=\"mvp-related-posts left relative\">\n<h4 class=\"post-header\"><span class=\"post-header\">Lire aussi<\/span><\/h4>\n<\/div>\n<\/div>\n<p>Auteur: Mourad S<br \/>\n<a href=\"https:\/\/www.tunisienumerique.com\/tunisie-limogeage-dun-imam-pour-avoir-incite-a-la-haine-contre-les-securitaires\/\">Cliquez ici pour lire l&rsquo;article depuis sa source.<\/a><\/p>\n","protected":false},"excerpt":{"rendered":"<p>Le minist\u00e8re des Affaires Religieuses a annonc\u00e9 le limogeage d\u2019un Imam de la mosqu\u00e9e Al-Ikhlas \u00e0 la Mornaguia dans le gouvernorat de Nabeul, apr\u00e8s son attaque contre les forces de s\u00e9curit\u00e9, lors du sermon de vendredi. Le minist\u00e8re a mis en garde \u00e0 plusieurs reprises l\u2019incrimin\u00e9 \u00e0 cause de ses sermons qui sortent des sentiers [&hellip;]<\/p>\n","protected":false},"author":1789,"featured_media":30504,"comment_status":"closed","ping_status":"closed","sticky":false,"template":"","format":"standard","meta":{"fifu_image_url":"","fifu_image_alt":"","footnotes":""},"categories":[73,55],"tags":[],"class_list":["post-30503","post","type-post","status-publish","format-standard","has-post-thumbnail","hentry","category-actualite","category-tunisie"],"_links":{"self":[{"href":"https:\/\/linitiative.ca\/International\/wp-json\/wp\/v2\/posts\/30503","targetHints":{"allow":["GET"]}}],"collection":[{"href":"https:\/\/linitiative.ca\/International\/wp-json\/wp\/v2\/posts"}],"about":[{"href":"https:\/\/linitiative.ca\/International\/wp-json\/wp\/v2\/types\/post"}],"author":[{"embeddable":true,"href":"https:\/\/linitiative.ca\/International\/wp-json\/wp\/v2\/users\/1789"}],"replies":[{"embeddable":true,"href":"https:\/\/linitiative.ca\/International\/wp-json\/wp\/v2\/comments?post=30503"}],"version-history":[{"count":0,"href":"https:\/\/linitiative.ca\/International\/wp-json\/wp\/v2\/posts\/30503\/revisions"}],"wp:featuredmedia":[{"embeddable":true,"href":"https:\/\/linitiative.ca\/International\/wp-json\/"}],"wp:attachment":[{"href":"https:\/\/linitiative.ca\/International\/wp-json\/wp\/v2\/media?parent=30503"}],"wp:term":[{"taxonomy":"category","embeddable":true,"href":"https:\/\/linitiative.ca\/International\/wp-json\/wp\/v2\/categories?post=30503"},{"taxonomy":"post_tag","embeddable":true,"href":"https:\/\/linitiative.ca\/International\/wp-json\/wp\/v2\/tags?post=30503"}],"curies":[{"name":"wp","href":"https:\/\/api.w.org\/{rel}","templated":true}]}}