{"id":30517,"date":"2019-04-26T16:04:47","date_gmt":"2019-04-26T20:04:47","guid":{"rendered":"https:\/\/linitiative.ca\/International\/lettre-ouverte-a-blaise-compaore-vous-ne-meritez-plus-la-confiance-du-peuple-burkinabe-selon-ibrahim-ouedraogo\/"},"modified":"2019-04-26T16:04:47","modified_gmt":"2019-04-26T20:04:47","slug":"lettre-ouverte-a-blaise-compaore-vous-ne-meritez-plus-la-confiance-du-peuple-burkinabe-selon-ibrahim-ouedraogo","status":"publish","type":"post","link":"https:\/\/linitiative.ca\/International\/lettre-ouverte-a-blaise-compaore-vous-ne-meritez-plus-la-confiance-du-peuple-burkinabe-selon-ibrahim-ouedraogo\/","title":{"rendered":"LETTRE OUVERTE A BLAISE COMPAORE\u00a0: \u00ab\u00a0Vous ne m\u00e9ritez plus la confiance du peuple burkinab\u00e8\u00a0\u00bb, selon Ibrahim Ou\u00e9draogo"},"content":{"rendered":"<p><img decoding=\"async\" class=\"post_layout_5_img\" src=\"http:\/\/lepays.bf\/wp-content\/uploads\/2017\/07\/lepaysresponsive.png\" alt=\"LETTRE OUVERTE A BLAISE COMPAORE\u00a0: \u00ab\u00a0Vous ne m\u00e9ritez plus la confiance du peuple burkinab\u00e8\u00a0\u00bb, selon Ibrahim Ou\u00e9draogo\"\/><\/p>\n<p><strong>L\u2019auteur de la lettre ouverte adress\u00e9e \u00e0 l\u2019ex-pr\u00e9sident Blaise Compaor\u00e9, estime que ce dernier ne m\u00e9rite plus la confiance du peuple burkinab\u00e8. Selon lui, le message qu\u2019il a adress\u00e9 aux autorit\u00e9s actuelles rel\u00e8ve d\u2019un simple calcul politique. Lisez\u00a0!<\/strong><\/p>\n<p><strong>\u00a0<\/strong><\/p>\n<p class=\"c4\"><em>Du contenu de votre correspondance adress\u00e9e au chef de l\u2019Etat actuel, M. Roch Marc Christian Kabor\u00e9, qui est d\u2019exprimer votre solidarit\u00e9 et votre compassion au peuple burkinab\u00e8 en lui apportant aide et assistance dans sa lutte contre le terrorisme, information relay\u00e9e dans un premier temps par les r\u00e9seaux sociaux \u00a0et confirm\u00e9e ensuite par notre gouvernement \u00e0 travers la voix de son porte-parole, je voudrais, dans un premier temps, vous dire merci \u00a0pour cette main tendue.<\/em><\/p>\n<p class=\"c4\"><em>Ayant \u00e9t\u00e9 observateur de l\u2019histoire politique de mon pays, plus d\u2019un quart de si\u00e8cle, je voudrais tout de m\u00eame relever quelques observations quant \u00e0 la sinc\u00e9rit\u00e9 de votre offre. Personnellement, je vous comprends difficilement pour ne pas dire que je ne vous comprends pas. Ceci \u00e9tant, pour me rassurer et \u00e9clairer l\u2019opinion burkinab\u00e8, j\u2019ai formul\u00e9 un certain nombre de questions dont je vous sollicite humblement des r\u00e9ponses que voici\u00a0:<\/em><\/p>\n<p class=\"c4\"><em>1 &#8211; Combien de temps s\u2019est \u00e9coul\u00e9 du 31 octobre 2014 au 31 mars 2019\u00a0?<\/em><\/p>\n<p class=\"c4\"><em>2 &#8211; Quelle est la cause de l\u2019insurrection populaire\u00a0?<\/em><\/p>\n<p class=\"c4\"><em>3 &#8211; Quel but avait votre obstination \u00e0 r\u00e9viser l\u2019article 37 malgr\u00e9\u00a0 la volont\u00e9 contraire de votre peuple dans sa majorit\u00e9 ?<\/em><\/p>\n<p class=\"c4\"><em>4 &#8211; Combien de familles ont-elles \u00e9t\u00e9 endeuill\u00e9es par le coup d\u2019Etat fantoche et b\u00e2tard de vos hommes de main\u00a0?<\/em><\/p>\n<p class=\"c4\"><em>5 &#8211; Combien de fils de ce pays, militaires comme civils, ont-elle perdu la vie dans les attaques terroristes de 2015 \u00e0 2019\u00a0?<\/em><\/p>\n<p class=\"c4\"><em>Au vu de ces questions, j\u2019ose croire qu\u2019en vous regardant dans la glace et en toute \u00e2me et conscience, ces r\u00e9ponses vous troubleront la conscience si toutefois la sinc\u00e9rit\u00e9 vous habite toujours.<\/em><\/p>\n<p class=\"c4\"><em>Votre c\u0153ur vous dira tout simplement ceci\u00a0:<\/em><\/p>\n<p class=\"c4\"><em>Cela aurait pu \u00eatre \u00e9vit\u00e9 si j\u2019avais pu contenir ma boulimie du pouvoir et si j\u2019avais eu l\u2019amour vrai et du respect pour mon peuple\u2026\u2026<\/em><\/p>\n<p class=\"c4\"><em>Personnellement, en tant que citoyen \u00e9pris de paix et de justice, je ne comprends pas, comme la plupart de mes concitoyens, que c\u2019est \u00a0maintenant, apr\u00e8s tant de haine cultiv\u00e9e en vous, que vous venez d\u2019avoir subitement un c\u0153ur d\u2019agneau. La p\u00e9riode est si mal plac\u00e9e.<\/em><\/p>\n<p class=\"c4\"><em>\u00a0Un adage de chez nous dit\u00a0: \u00ab\u00a0celui qui se trouve dans une cachette voit venir \u00a0son ravisseur\u00a0\u00bb.<\/em><\/p>\n<p class=\"c4\"><em>N\u2019est-ce pas un divertissement ou un test \u00e0 la maturit\u00e9 de notre peuple \u00e0 diss\u00e9quer les enjeux politiques\u00a0?<\/em><\/p>\n<p class=\"c4\"><em>Aujourd\u2019hui, j\u2019ose affirmer que la plupart des Burkinab\u00e8 sont politiques et comprennent facilement le langage des politiciens sourds-muets.\u00a0\u00a0 \u00a0<\/em><\/p>\n<p class=\"c4\"><em>Sans haine ni ranc\u0153ur, voil\u00e0 ce que je fais de la lecture de votre correspondance en cette p\u00e9riode bien pr\u00e9cise.<\/em><\/p>\n<p class=\"c4\"><em>C\u2019est au moment o\u00f9 une crise in\u00e9gal\u00e9e vient de s\u2019installer entre leaders politiques en C\u00f4te d\u2019Ivoire et ne sachant pas si votre prot\u00e9g\u00e9, \u00a0M. Alassane Dramane Ouattara sera r\u00e9\u00e9lu en 2020, et que vous vous voyez d\u00e9j\u00e0 un avenir incertain dans ce\u00a0 pays h\u00f4te\u00a0!<\/em><\/p>\n<p class=\"c4\"><em>\u00a0<\/em><\/p>\n<p class=\"c4\"><em>1 &#8211; N\u2019est-ce pas parce que le proc\u00e8s du putsch manqu\u00e9 tire \u00e0 sa fin et que la plupart des \u00e9l\u00e9ments de ton ancienne \u00a0garde pr\u00e9torienne seront \u00e9crou\u00e9s et que les cendres de l\u2019ex-RSP sur lesquels vous comptiez toujours seront dispers\u00e9es \u00e0 jamais ?<\/em><\/p>\n<p class=\"c4\"><em>\u00a0<\/em><\/p>\n<p class=\"c4\"><em>2 &#8211; N\u2019est-ce pas que c\u2019est pour les \u00e9ch\u00e9ances \u00e9lectorales de 2020 au Burkina que vous inventiez ce stratag\u00e8me pour pouvoir rentrer au pays et porter secours \u00e0 votre parti qui ne s\u2019y trouve pas un candidat id\u00e9al dans la coh\u00e9sion\u00a0?<\/em><\/p>\n<p class=\"c4\"><em>\u00a0<\/em><\/p>\n<p class=\"c4\"><em>3 &#8211; N\u2019est-ce pas aussi pour galvaniser vos troupes pour l\u2019\u00e9lection d\u2019un Pr\u00e9sident du Faso \u2018\u2019CDP\u2019\u2019 qui vous soustrairait de la justice o\u00f9 vous \u00eates attendu\u00a0?<\/em><\/p>\n<p class=\"c4\"><em>\u00a0<\/em><\/p>\n<p class=\"c4\"><em>4 &#8211; Bref, le constat final est que\u00a0 c\u2019est au moment o\u00f9 nos autorit\u00e9s et nos Forces de d\u00e9fense \u00a0et de\u00a0 s\u00e9curit\u00e9 sont en train de prendre le dessus et viennent inexorablement \u00e0 bout de l\u2019an\u00e9antissement de ces chiens galeux, que vous vous pr\u00e9sentez comme un h\u00e9ros salvateur.<\/em><\/p>\n<p class=\"c4\"><em>\u00a0<\/em><\/p>\n<p class=\"c4\"><em>Une chose est claire, vous \u00eates \u00e0 bout de forces de vos intrigues et votre arnaque de l\u2019histoire ne passera pas.<\/em><\/p>\n<p class=\"c4\"><em>\u00a0Avec l\u2019op\u00e9ration Otapuanu et d\u2019autres qui suivront, nous croyons \u00e0 la victoire\u00a0 finale de la v\u00e9rit\u00e9 sur le mensonge. Votre cause est perdue \u00e0 jamais et la victoire de nos braves FDS n\u2019est pas marchandable et r\u00e9cup\u00e9rable.<\/em><\/p>\n<p class=\"c4\"><em>Vous n\u2019avez aucune exp\u00e9rience salvatrice pour le Burkina, si ce n\u2019est\u00a0 que des exp\u00e9riences am\u00e8res de rejet et de regret. Vous ne m\u00e9ritez plus la confiance du peuple burkinab\u00e8 car vous n\u2019avez aucun \u00a0respect de la parole donn\u00e9e et vous dormiez \u00e0 chaque fois qu\u2019un \u00e9v\u00e9nement malheureux survenait au Burkina Faso sauf que \u00e7a n\u2019a pas \u00e9t\u00e9 le cas les 30 et 31 octobre 2014.<\/em><\/p>\n<p class=\"c4\"><em>Peut-on\u00a0 faire confiance \u00e0 un r\u00e9cidiviste notoire de crime de sang comme nous le d\u00e9montre le cas du Capitaine Henri Zongo, du Commandant Boukary Lingani et bien d\u2019autres apr\u00e8s le carnage du 15 octobre 1987 qui a emport\u00e9 le Capitaine Thomas Sankara et ses 12 compagnons\u00a0?<\/em><\/p>\n<p><strong>\u00a0<\/strong><\/p>\n<p><strong>L\u2019histoire rattrape toujours ses concepteurs<\/strong><\/p>\n<p><strong>\u00a0<\/strong><\/p>\n<p class=\"c4\">Pour terminer, cher pr\u00e9sident, cher pompier de la 25<sup>e<\/sup> heure, apprenez, tout comme vos irr\u00e9ductibles lieutenants et valets locaux, que ce ne seront pas au nom d\u2019une quelconque r\u00e9conciliation et d\u2019une paix sociale taill\u00e9es sur mesure que nous allons passer par pertes et profits vos centaines de morts, de bless\u00e9s de l\u2019insurrection \u00a0populaire et du coup d\u2019Etat manqu\u00e9 en passant par les victimes li\u00e9es \u00a0au terrorisme.Le <em>\u00ab\u00a0Plus rien ne sera comme avant\u00a0\u00bb<\/em> est d\u2019actualit\u00e9 et tous ceux qui sont impliqu\u00e9s d\u2019une mani\u00e8re ou d\u2019une autre, doivent passer devant les juridictions avant une quelconque r\u00e9conciliation et un quelconque \u00a0pardon.Je profite mettre en garde toute personne physique ou morale, autorit\u00e9 quelconque, f\u00fbt-elle de l\u2019Etat, qui va tenter de vous soustraire des juridictions au vu des crimes de sang qui p\u00e8sent sur vous pendant que des petits voleurs de poulets et de cabris croupissent en prison. N\u2019oubliez pas que la cause principale de toute cette trag\u00e9die est votre ent\u00eatement \u00e0 demeurer pr\u00e9sident \u00e0 vie.\u00a0 Alors, j\u2019en appelle aux forces progressistes, aux organisations de masse, de la soci\u00e9t\u00e9 civile int\u00e8gre et consciente de se mobiliser pour contrecarrer vos projets sordides et machiav\u00e9liques pour ramener notre peuple en arri\u00e8re dans sa marche radieuse pour le d\u00e9veloppement et la d\u00e9mocratie.<\/p>\n<p><strong>\u00a0<\/strong><\/p>\n<p><strong>TINDAOGO Ibrahim OUEDRAOGO\u00a0<\/strong><\/p>\n<p><strong>Un militant de la soci\u00e9t\u00e9 civile<\/strong><\/p>\n<p><strong>\u00a0<\/strong><\/p>\n<p>Auteur: Le Pays<br \/>\n<a href=\"http:\/\/lepays.bf\/lettre-ouverte-a-blaise-compaore-vous-ne-meritez-plus-la-confiance-du-peuple-burkinabe-selon-ibrahim-ouedraogo\/\">Cliquez ici pour lire l&rsquo;article depuis sa source.<\/a><\/p>\n","protected":false},"excerpt":{"rendered":"<p>L\u2019auteur de la lettre ouverte adress\u00e9e \u00e0 l\u2019ex-pr\u00e9sident Blaise Compaor\u00e9, estime que ce dernier ne m\u00e9rite plus la confiance du peuple burkinab\u00e8. Selon lui, le message qu\u2019il a adress\u00e9 aux autorit\u00e9s actuelles rel\u00e8ve d\u2019un simple calcul politique. Lisez\u00a0! \u00a0 Du contenu de votre correspondance adress\u00e9e au chef de l\u2019Etat actuel, M. Roch Marc Christian Kabor\u00e9, [&hellip;]<\/p>\n","protected":false},"author":1813,"featured_media":30518,"comment_status":"closed","ping_status":"closed","sticky":false,"template":"","format":"standard","meta":{"fifu_image_url":"","fifu_image_alt":"","footnotes":""},"categories":[73,81],"tags":[],"class_list":["post-30517","post","type-post","status-publish","format-standard","has-post-thumbnail","hentry","category-actualite","category-burkina-faso"],"_links":{"self":[{"href":"https:\/\/linitiative.ca\/International\/wp-json\/wp\/v2\/posts\/30517","targetHints":{"allow":["GET"]}}],"collection":[{"href":"https:\/\/linitiative.ca\/International\/wp-json\/wp\/v2\/posts"}],"about":[{"href":"https:\/\/linitiative.ca\/International\/wp-json\/wp\/v2\/types\/post"}],"author":[{"embeddable":true,"href":"https:\/\/linitiative.ca\/International\/wp-json\/wp\/v2\/users\/1813"}],"replies":[{"embeddable":true,"href":"https:\/\/linitiative.ca\/International\/wp-json\/wp\/v2\/comments?post=30517"}],"version-history":[{"count":0,"href":"https:\/\/linitiative.ca\/International\/wp-json\/wp\/v2\/posts\/30517\/revisions"}],"wp:featuredmedia":[{"embeddable":true,"href":"https:\/\/linitiative.ca\/International\/wp-json\/"}],"wp:attachment":[{"href":"https:\/\/linitiative.ca\/International\/wp-json\/wp\/v2\/media?parent=30517"}],"wp:term":[{"taxonomy":"category","embeddable":true,"href":"https:\/\/linitiative.ca\/International\/wp-json\/wp\/v2\/categories?post=30517"},{"taxonomy":"post_tag","embeddable":true,"href":"https:\/\/linitiative.ca\/International\/wp-json\/wp\/v2\/tags?post=30517"}],"curies":[{"name":"wp","href":"https:\/\/api.w.org\/{rel}","templated":true}]}}