{"id":30521,"date":"2019-04-26T16:15:17","date_gmt":"2019-04-26T20:15:17","guid":{"rendered":"https:\/\/linitiative.ca\/International\/bassiaka-dao-president-de-la-cpf-pour-quun-peuple-vive-il-faut-quil-arrive-a-se-nourrir-de-sa-propre-production\/"},"modified":"2019-04-26T16:15:17","modified_gmt":"2019-04-26T20:15:17","slug":"bassiaka-dao-president-de-la-cpf-pour-quun-peuple-vive-il-faut-quil-arrive-a-se-nourrir-de-sa-propre-production","status":"publish","type":"post","link":"https:\/\/linitiative.ca\/International\/bassiaka-dao-president-de-la-cpf-pour-quun-peuple-vive-il-faut-quil-arrive-a-se-nourrir-de-sa-propre-production\/","title":{"rendered":"BASSIAKA DAO, PRESIDENT DE LA CPF:  \u00a0\u00ab\u00a0Pour qu\u2019un peuple vive, il faut qu\u2019il arrive \u00e0 se nourrir de sa propre production \u00bb"},"content":{"rendered":"<p><img decoding=\"async\" class=\"post_layout_5_img\" src=\"http:\/\/lepays.bf\/wp-content\/uploads\/2019\/04\/01-6-5.jpg\" alt=\"BASSIAKA DAO, PRESIDENT DE LA CPF: \u00a0\u00ab\u00a0Pour qu\u2019un peuple vive, il faut qu\u2019il arrive \u00e0 se nourrir de sa propre production \u00bb\"\/><\/p>\n<p><strong>Les activit\u00e9s entrant dans le cadre de la 21<sup>e<\/sup> \u00e9dition de la Journ\u00e9e nationale du paysan (JNP) ont d\u00e9but\u00e9 hier 25 avril 2019 \u00e0 Gaoua, chef-lieu de la r\u00e9gion du Sud-Ouest. Pendant 72 heures, paysans, \u00a0autorit\u00e9s administratives et d\u00e9cideurs politiques \u00e9changeront \u00e0 b\u00e2tons rompus autour des probl\u00e8mes de l\u2019agriculture burkinab\u00e8.\u00a0 Cette \u00e9dition qui a pour th\u00e8me : <em>\u00ab\u00a0\u00a0 D\u00e9fi de la s\u00e9curit\u00e9 alimentaire dans un contexte d\u2019ins\u00e9curit\u00e9 : Quelles strat\u00e9gies d\u2019accompagnement des exploitations agro-sylvo-pastorales, halieutiques et fauniques\u00a0\u00bb<\/em>, est plac\u00e9e sous le patronage du pr\u00e9sident du Faso, Roch Marc Christian Kabor\u00e9, \u00e0 qui les paysans vont exposer directement leurs pr\u00e9occupations, le 27 avril prochain.<\/strong><\/p>\n<p><strong>\u00a0<\/strong><\/p>\n<p class=\"c4\">La 21<sup>e<\/sup> \u00e9dition de la JNP bat son plein depuis le 25 avril dernier \u00e0 Gaoua, chef-lieu de la r\u00e9gion du Sud-Ouest. \u00a0En attendant de rencontrer le pr\u00e9sident du Faso, les participants venus des 13 r\u00e9gions du Burkina Faso apportent leurs contributions dans le cadre d\u2019un forum et des ateliers sectoriels organis\u00e9s \u00e0 cet effet. \u00a0Pour eux, les choses commencent \u00e0 bouger dans la mesure o\u00f9 certains cris du c\u0153ur des paysans ont \u00e9t\u00e9 entendus par les d\u00e9cideurs. \u00ab <em>Depuis 21 ans, nous r\u00e9fl\u00e9chissons et mettons ensemble des actions concr\u00e8tes. \u00a0Cela veut dire que l\u2019appr\u00e9ciation que nous avons de la JNP, est positive.\u00a0 Si nous continuons \u00e0 organiser la JNP, cela veut dire que la performance et la durabilit\u00e9 dans la concertation entre les d\u00e9cideurs politiques et les acteurs de terrain que nous sommes, est positive. \u00a0C\u2019est en ce sens que j\u2019appr\u00e9cie cette journ\u00e9e qui permet aux sans- voix de s\u2019exprimer devant les d\u00e9cideurs politiques et de leur proposer des solutions idoines, qui peuvent nous sortir de cette orni\u00e8re dans laquelle nous sommes embourb\u00e9s. Assurer la s\u00e9curit\u00e9 alimentaire dans un contexte d\u2019ins\u00e9curit\u00e9, c\u2019est une r\u00e9alit\u00e9 que le Burkina vit. (\u00a0\u2026) Des recommandations formul\u00e9es au cours des pr\u00e9c\u00e9dentes JNP, nous avons quelques r\u00e9sultats.\u00a0 Nous avons recommand\u00e9 au gouvernement d\u2019accompagner et de cr\u00e9er la Banque agricole du Faso. Aujourd\u2019hui, c\u2019est une r\u00e9alit\u00e9 parce que la banque est fonctionnelle. Nous avons demand\u00e9 l\u2019\u00e9laboration d\u2019une loi d\u2019orientation agro-sylvo-pastorale et halieutique avec les d\u00e9crets d\u2019application. Ce sont des recommandations qui ont \u00e9t\u00e9 mises en \u0153uvre. \u00a0\u00a0Comment assurer la s\u00e9curit\u00e9 alimentaire dans un contexte d\u2019ins\u00e9curit\u00e9 parce que\u00a0\u00a0 pour qu\u2019un peuple vive, il faut qu\u2019il arrive \u00e0 se nourrir de sa propre production<\/em>\u00a0\u00bb, a d\u00e9clar\u00e9 Bassiaka Dao, pr\u00e9sident de la Conf\u00e9d\u00e9ration paysanne du Faso (CPF).Cette premi\u00e8re journ\u00e9e sera marqu\u00e9e par un forum et des ateliers sectoriels. Il s\u2019agit des ateliers des sous-secteurs environnement, agriculture, \u00e9levage, eau et p\u00e8che. Ces cadres de r\u00e9flexion permettront aux participants de discuter \u00e0 b\u00e2tons rompus en vue de formuler des recommandations.Signalons que le ministre de l\u2019Eau et de l\u2019assainissement, Niouga Ambroise Ou\u00e9draogo, \u00e9tait aux c\u00f4t\u00e9s de celui de l\u2019Agriculture et des am\u00e9nagements Hydro-agricoles, Salif Ou\u00e9draogo, \u00e0 la c\u00e9r\u00e9monie d\u2019ouverture des travaux. Malgr\u00e9 ses potentialit\u00e9s, a-t-il relev\u00e9, l\u2019agriculture burkinab\u00e8 est handicap\u00e9e par de nombreux facteurs. \u00a0Il s\u2019agit, entre autres, des al\u00e9as climatiques, de la volatilit\u00e9 des prix des produits agricoles, des attaques parasitaires, de la non-ma\u00eetrise des itin\u00e9raires techniques de production, de la faible m\u00e9canisation, de l\u2019insuffisance des financements. \u00a0Et ces pr\u00e9occupations seront d\u00e9battues au cours de cette 21<sup>e<\/sup> \u00e9dition de la JNP. Mais qu\u2019\u00e0 cela ne tienne, a rassur\u00e9 le ministre Salif Ou\u00e9draogo, le gouvernement burkinab\u00e8 travaillera \u00e0 trouver des solutions aux pr\u00e9occupations des producteurs. \u00a0Et des actions ont d\u00e9j\u00e0 \u00e9t\u00e9 men\u00e9es dans ce sens. \u00a0\u00ab <em>Les pistes de transformation structurelle de l\u2019\u00e9conomie agricole burkinab\u00e8 sont trac\u00e9es par le Plan national de d\u00e9veloppement \u00e9conomique et social (PNDES) qui entend \u00ab d\u00e9velopper durablement un secteur agro-sylvo-pastoral, halieutique et faunique productif et r\u00e9silient, davantage orient\u00e9 vers le march\u00e9 et bas\u00e9 sur les principes de d\u00e9veloppement durable<\/em>\u00bb, a-t-il dit avant d\u2019ajouter\u00a0: <em>\u00ab\u00a0 Dans cette dynamique, les principales actions men\u00e9es portent sur la mise \u00e0 disposition d\u2019intrants et \u00e9quipements de production, l\u2019appui \u00e0 la structuration des producteurs en soci\u00e9t\u00e9s coop\u00e9ratives, la mise en place des Services fonciers ruraux (SFR), l\u2019am\u00e9nagement de p\u00e9rim\u00e8tres irrigu\u00e9s, d\u2019espaces pastoraux, halieutiques et forestiers, ainsi que l\u2019appui-conseil aux producteurs. Le lancement de la Banque agricole du Faso par Roch Marc Christian Kabor\u00e9, pr\u00e9sident du Faso, en fin mars dernier, r\u00e9pond au souci de garantir le financement des activit\u00e9s agro-sylvo-pastorales, halieutiques et fauniques. L\u2019adoption du Code des investissements agro-sylvo-pastoraux, halieutiques et fauniques s\u2019explique par la n\u00e9cessit\u00e9 de cr\u00e9er des conditions favorables \u00e0 l\u2019entrepreneuriat rural. Plusieurs projets et programmes de d\u00e9veloppement sont \u00e9labor\u00e9s et mis en \u0153uvre par l\u2019Etat et ses partenaires dans le domaine agricole, pastoral, forestier et hydraulique avec pour ambitions l\u2019am\u00e9lioration de la s\u00e9curit\u00e9 alimentaire et nutritionnelle, le renforcement de la r\u00e9silience des populations et l\u2019accroissement des revenus des m\u00e9nages\u00bb.<\/em><\/p>\n<p><strong>\u00a0<\/strong><\/p>\n<p><strong>Issa SIGUIRE<\/strong><\/p>\n<p><strong>\u00a0<\/strong><\/p>\n<p><strong>\u00a0<\/strong><\/p>\n<p><strong>\u00a0<\/strong><\/p>\n<p><strong>\u00a0<\/strong><\/p>\n<p><strong>\u00a0<\/strong><\/p>\n<p><strong>\u00a0<\/strong><\/p>\n<p><strong>\u00a0\u00a0\u00a0\u00a0\u00a0\u00a0\u00a0\u00a0\u00a0\u00a0\u00a0\u00a0\u00a0\u00a0\u00a0<\/strong><\/p>\n<p>Auteur: Le Pays<br \/>\n<a href=\"http:\/\/lepays.bf\/bassiaka-dao-president-de-la-cpf-pour-quun-peuple-vive-il-faut-quil-arrive-a-se-nourrir-de-sa-propre-production\/\">Cliquez ici pour lire l&rsquo;article depuis sa source.<\/a><\/p>\n","protected":false},"excerpt":{"rendered":"<p>Les activit\u00e9s entrant dans le cadre de la 21e \u00e9dition de la Journ\u00e9e nationale du paysan (JNP) ont d\u00e9but\u00e9 hier 25 avril 2019 \u00e0 Gaoua, chef-lieu de la r\u00e9gion du Sud-Ouest. Pendant 72 heures, paysans, \u00a0autorit\u00e9s administratives et d\u00e9cideurs politiques \u00e9changeront \u00e0 b\u00e2tons rompus autour des probl\u00e8mes de l\u2019agriculture burkinab\u00e8.\u00a0 Cette \u00e9dition qui a pour [&hellip;]<\/p>\n","protected":false},"author":1813,"featured_media":30522,"comment_status":"closed","ping_status":"closed","sticky":false,"template":"","format":"standard","meta":{"fifu_image_url":"","fifu_image_alt":"","footnotes":""},"categories":[73,81],"tags":[],"class_list":["post-30521","post","type-post","status-publish","format-standard","has-post-thumbnail","hentry","category-actualite","category-burkina-faso"],"_links":{"self":[{"href":"https:\/\/linitiative.ca\/International\/wp-json\/wp\/v2\/posts\/30521","targetHints":{"allow":["GET"]}}],"collection":[{"href":"https:\/\/linitiative.ca\/International\/wp-json\/wp\/v2\/posts"}],"about":[{"href":"https:\/\/linitiative.ca\/International\/wp-json\/wp\/v2\/types\/post"}],"author":[{"embeddable":true,"href":"https:\/\/linitiative.ca\/International\/wp-json\/wp\/v2\/users\/1813"}],"replies":[{"embeddable":true,"href":"https:\/\/linitiative.ca\/International\/wp-json\/wp\/v2\/comments?post=30521"}],"version-history":[{"count":0,"href":"https:\/\/linitiative.ca\/International\/wp-json\/wp\/v2\/posts\/30521\/revisions"}],"wp:featuredmedia":[{"embeddable":true,"href":"https:\/\/linitiative.ca\/International\/wp-json\/"}],"wp:attachment":[{"href":"https:\/\/linitiative.ca\/International\/wp-json\/wp\/v2\/media?parent=30521"}],"wp:term":[{"taxonomy":"category","embeddable":true,"href":"https:\/\/linitiative.ca\/International\/wp-json\/wp\/v2\/categories?post=30521"},{"taxonomy":"post_tag","embeddable":true,"href":"https:\/\/linitiative.ca\/International\/wp-json\/wp\/v2\/tags?post=30521"}],"curies":[{"name":"wp","href":"https:\/\/api.w.org\/{rel}","templated":true}]}}