{"id":30523,"date":"2019-04-26T16:21:54","date_gmt":"2019-04-26T20:21:54","guid":{"rendered":"https:\/\/linitiative.ca\/International\/clement-sawadogo-2e-vice-president-du-mpp-notre-pays-est-a-la-croisee-des-chemins-et-ses-leaders-politiques-tous-bords-confondus-nont-pas-droit-a-lerreur\/"},"modified":"2019-04-26T16:21:54","modified_gmt":"2019-04-26T20:21:54","slug":"clement-sawadogo-2e-vice-president-du-mpp-notre-pays-est-a-la-croisee-des-chemins-et-ses-leaders-politiques-tous-bords-confondus-nont-pas-droit-a-lerreur","status":"publish","type":"post","link":"https:\/\/linitiative.ca\/International\/clement-sawadogo-2e-vice-president-du-mpp-notre-pays-est-a-la-croisee-des-chemins-et-ses-leaders-politiques-tous-bords-confondus-nont-pas-droit-a-lerreur\/","title":{"rendered":"CLEMENT SAWADOGO, 2e \u00a0VICE-PRESIDENT DU MPP\u00a0\u00ab\u00a0Notre pays est \u00e0 la crois\u00e9e des chemins et ses leaders politiques, tous bords confondus, n\u2019ont pas droit \u00e0 l\u2019erreur\u00bb"},"content":{"rendered":"<p><img decoding=\"async\" class=\"post_layout_5_img\" src=\"http:\/\/lepays.bf\/wp-content\/uploads\/2019\/04\/01-5-8.jpg\" alt=\"CLEMENT SAWADOGO, 2e \u00a0VICE-PRESIDENT DU MPP\u00a0\u00ab\u00a0Notre pays est \u00e0 la crois\u00e9e des chemins et ses leaders politiques, tous bords confondus, n\u2019ont pas droit \u00e0 l\u2019erreur\u00bb\"\/><\/p>\n<p><strong>Le pr\u00e9sident Roch Marc Christian Kabor\u00e9 a initi\u00e9 un dialogue politique dont les dates fix\u00e9es, initialement, sont les 27 et 28 avril 2019. A la veille de ce rendez-vous, nous avons \u00e9chang\u00e9 sur le sujet avec la majorit\u00e9 pr\u00e9sidentielle. C\u2019est Cl\u00e9ment P. Sawadogo, 2<sup>e<\/sup> vice-pr\u00e9sident du Mouvement du peuple pour le progr\u00e8s (MPP), qui r\u00e9pond, ici, \u00e0 nos questions.<\/strong><\/p>\n<p><strong><em>\u00a0<\/em><\/strong><\/p>\n<p><strong><em>\u00ab\u00a0Le Pays\u00a0\u00bb\u00a0: Un dialogue politique est pr\u00e9vu pour se tenir dans les prochains jours au Burkina Faso. Quels sont, d\u2019apr\u00e8s vous, les enjeux de ce dialogue\u00a0?<\/em><\/strong><\/p>\n<p><strong>\u00a0<\/strong><\/p>\n<p class=\"c4\"><em>Cl\u00e9ment P. Sawadogo<\/em> : Nous saluons l\u2019av\u00e8nement de ce dialogue annonc\u00e9 par le Chef de l\u2019Etat dans le cadre de l\u2019exercice normal de ses pr\u00e9rogatives constitutionnelles. Le contexte national actuel est fortement marqu\u00e9 par la crise s\u00e9curitaire r\u00e9sultant de la menace terroriste. Il est \u00e9vident que seule une unit\u00e9 sacr\u00e9e des fils et filles de la Nation peut venir \u00e0 bout de ce fl\u00e9au. En dehors de la question s\u00e9curitaire, notre pays abordera plusieurs \u00e9ch\u00e9ances \u00e9lectorales en 2020 et 2021, et m\u00eame peut-\u00eatre en 2019 si le r\u00e9f\u00e9rendum devrait se tenir cette ann\u00e9e. Quoi de plus normal que le pr\u00e9sident du Faso se donne les moyens politiques de g\u00e9rer ces diff\u00e9rentes consultations dans un climat apais\u00e9, serein et rassurant pour tous les acteurs\u00a0! Voil\u00e0, nous semble-t-il, autant de raisons qui rendent opportune la tenue de cette concertation au sein de la classe politique.<\/p>\n<p><strong><em>L\u2019opposition politique dit avoir pos\u00e9 des pr\u00e9alables avant son \u00e9ventuelle participation aux discussions avec le pouvoir. Quels sont ces pr\u00e9alables\u00a0?<\/em><\/strong><\/p>\n<p><strong><em>\u00a0<\/em><\/strong><\/p>\n<p class=\"c4\">En tant que parti de la Majorit\u00e9, nous n\u2019avons pas \u00e9t\u00e9 saisi d\u2019un quelconque pr\u00e9alable \u00e9manant des partis d\u2019opposition. Il nous sera donc difficile d\u2019\u00e9mettre une opinion sur ce dont nous ne sommes pas au courant. Pour notre part, nous serons pr\u00e9sents \u00e0 ce dialogue qui est forc\u00e9ment utile et d\u2019ailleurs r\u00e9guli\u00e8rement souhait\u00e9 par l\u2019Opposition.<\/p>\n<p><strong>\u00a0<\/strong><\/p>\n<p><strong><em>L\u2019Opposition demande notamment que ce dialogue aborde \u00e9galement les questions de s\u00e9curit\u00e9, d\u2019\u00e9conomie, de soci\u00e9t\u00e9,\u2026Quel est l\u2019avis du MPP sur cette revendication\u00a0?<\/em><\/strong><\/p>\n<p><strong><em>\u00a0<\/em><\/strong><\/p>\n<p class=\"c4\"><em>Si telle est la revendication de l\u2019Opposition, on pourrait tout simplement dire qu\u2019elle enfonce une porte d\u00e9j\u00e0 ouverte. En effet, le pr\u00e9sident du Faso nous a dit, lors de ses audiences, qu\u2019il reste ouvert \u00e0 l\u2019inscription de toute pr\u00e9occupation \u00e0 ce dialogue.<\/em><\/p>\n<p><strong>\u00a0<\/strong><\/p>\n<p><strong><em>Que comptent faire le MPP et ses alli\u00e9s qui g\u00e8rent le pouvoir, si l\u2019opposition refuse finalement de participer \u00e0 ce dialogue\u00a0?<\/em><\/strong><\/p>\n<p><strong>\u00a0<\/strong><\/p>\n<p class=\"c4\"><em>Nous l\u2019avons d\u00e9j\u00e0 dit, nous r\u00e9pondrons pr\u00e9sents \u00e0 ce dialogue sans aucun pr\u00e9alable et avec la meilleure pr\u00e9disposition d\u2019esprit dans la recherche de solutions concert\u00e9es et consensuelles aux pr\u00e9occupations des Burkinab\u00e8. Nous ne voyons pas dans quel int\u00e9r\u00eat l\u2019Opposition qui souhaite \u00eatre r\u00e9guli\u00e8rement consult\u00e9e et qui, par ailleurs, \u00e9voque r\u00e9guli\u00e8rement voire instamment les questions de r\u00e9conciliation nationale, chercherait \u00e0 se r\u00e9tracter devant une offre de dialogue que lui offre le chef de l\u2019Etat. Tout au plus voudra-t-elle en am\u00e9liorer l\u2019ordre du jour que cela para\u00eetrait normal. Mais comme dit plus haut, nous n\u2019en savons pas grand-chose.<\/em><\/p>\n<p><strong>\u00a0<\/strong><\/p>\n<p><strong><em>Dans votre entendement, comment les diff\u00e9rentes parties prenantes doivent-elles aborder ce dialogue politique\u00a0?<\/em><\/strong><\/p>\n<p><strong>\u00a0<\/strong><\/p>\n<p class=\"c4\">Notre pays est \u00e0 la crois\u00e9e des chemins et ses leaders politiques, tous bords confondus, n\u2019ont pas droit \u00e0 l\u2019erreur. Il est grand temps que nous nous mettions tous au s\u00e9rieux pour traiter les questions qui nous concernent tous\u00a0: questions li\u00e9es \u00e0 la s\u00e9curit\u00e9 et aux probl\u00e8mes communautaires, \u00e9volution vers la V<sup>e<\/sup> R\u00e9publique, n\u00e9cessit\u00e9 de la tr\u00eave sociale avec les partenaires sociaux, etc. Dans un tel contexte, la politique de la fuite en avant ou de la surench\u00e8re dans les d\u00e9bats ne sert \u00e0 rien. Notre pays sera ce que nous voulons qu\u2019il soit et nous devons nous atteler \u00e0 parfaire sa marche vers un avenir meilleur, et pas \u00e0 autre chose.<\/p>\n<p><strong>\u00a0<\/strong><\/p>\n<p><strong><em>Pourquoi avoir attendu trois ans apr\u00e8s votre arriv\u00e9e au pouvoir avant d\u2019initier un dialogue politique\u00a0? Est-ce parce que le pouvoir se sent coinc\u00e9 ? O\u00f9 cherche-t-il une porte de sortie\u00a0?<\/em><\/strong><\/p>\n<p><strong>\u00a0<\/strong><\/p>\n<p class=\"c4\">Le Pr\u00e9sident du Faso, Roch Marc Christian Kabor\u00e9, n\u2019est pas \u00e0 sa premi\u00e8re initiative en mati\u00e8re de consultation des acteurs politiques \u00e0 titre officiel. Nous disons bien \u00e0 titre officiel, parce que chaque jour que Dieu donne, le Pr\u00e9sident Kabor\u00e9 dont nous connaissons toutes les qualit\u00e9s en la mati\u00e8re, \u00e9change r\u00e9guli\u00e8rement avec les acteurs politiques. Il faut par ailleurs sortir de l\u2019id\u00e9e selon laquelle un dialogue politique de cette nature vient toujours dans le cadre d\u2019une crise ou d\u2019un blocage institutionnel. Non, notre pays ne traverse pas une crise institutionnelle. Qu\u2019il y ait des probl\u00e8mes \u00e0 r\u00e9soudre, qui n\u00e9cessitent des concertations, ne signifie nullement qu\u2019il y a un blocage. \u00a0Le Burkina Faso est aujourd\u2019hui un bel exemple de d\u00e9mocratie et il est loisible \u00e0 qui que ce soit de constater que les institutions fonctionnent bien et dans les r\u00e8gles prescrites. Le dialogue politique fait partie du fonctionnement de la d\u00e9mocratie et son exercice renforce celle-ci. C\u2019est plut\u00f4t dans ce sens qu\u2019il faut voir les choses.<\/p>\n<p><strong>\u00a0<\/strong><\/p>\n<p><strong><em>D\u2019aucuns estiment qu\u2019en r\u00e9alit\u00e9, ce dialogue est motiv\u00e9 par des intentions cach\u00e9es. Il semble que vous avez des vis\u00e9es \u00e9lectoralistes. Qu\u2019en dites-vous\u00a0?<\/em><\/strong><\/p>\n<p><strong>\u00a0<\/strong><\/p>\n<p class=\"c4\">Ce sont des supputations inutiles, parce que sans fondement. Nous ne voyons aucune n\u00e9cessit\u00e9 d\u2019un tel m\u00e9canisme en tant que strat\u00e9gie \u00e9lectorale pour nous. Bien au contraire, toute la classe politique et l\u2019ensemble de la soci\u00e9t\u00e9 burkinab\u00e8 y gagneraient si l\u2019union sacr\u00e9e de la Nation tant recherch\u00e9e, \u00e9tait au rendez-vous \u00e0 l\u2019issue de ce dialogue, en faveur du retour \u00e0 la paix, \u00e0 la coh\u00e9sion politique et avec un avenir politique serein. A titre d\u2019exemple, quel leader politique ne se r\u00e9jouirait-il pas de pouvoir battre campagne dans la qui\u00e9tude totale dans toutes les r\u00e9gions du pays y compris le Sahel et l\u2019Est\u00a0?<\/p>\n<p><strong>\u00a0<\/strong><\/p>\n<p><strong><em>Qu\u2019est-ce qui prouve que le pouvoir est sinc\u00e8re en engageant ce dialogue politique\u00a0?<\/em><\/strong><\/p>\n<p><strong><em>\u00a0<\/em><\/strong><\/p>\n<p class=\"c4\">Rien ne prouve non plus le contraire! Allons-y et on reconna\u00eetra l\u2019arbre \u00e0 ses fruits\u00a0!<\/p>\n<p><strong>\u00a0<\/strong><\/p>\n<p><strong><em>Quel appel avez-vous \u00e0 lancer aux Burkinab\u00e8 qui suivront de pr\u00e8s, les discussions entre acteurs politiques\u00a0?<\/em><\/strong><\/p>\n<p><strong>\u00a0<\/strong><\/p>\n<p class=\"c4\">M\u00eame si tous les Burkinab\u00e8 n\u2019y seront pas, ils y seront repr\u00e9sent\u00e9s d\u2019une mani\u00e8re ou d\u2019une autre. Nous souhaitons qu\u2019ils aient tous l\u2019oreille tendue vers ces \u00e9changes\u00a0; ce qui est, du reste, d\u00e9j\u00e0 grav\u00e9 dans les habitudes citoyennes dans le contexte de la communication \u00e0 outrance. Nous dirons, de plus, que les citoyens ayant le droit de contr\u00f4le sur leurs mandants politiques, ils ont toujours la possibilit\u00e9 de leur exiger des prises de position conformes \u00e0 leurs aspirations.<\/p>\n<p><strong>\u00a0<\/strong><\/p>\n<p><strong><em>Pour terminer et en divers, des publications dans la presse, ces derniers temps, indiquent que le pr\u00e9sident Roch n\u00e9gocierait avec les terroristes. Si cela est vrai, faut-il comprendre que le pouvoir a chang\u00e9 de strat\u00e9gie dans la lutte antiterroriste\u00a0?<\/em><\/strong><\/p>\n<p><strong>\u00a0<\/strong><\/p>\n<p class=\"c4\">En tant que Majorit\u00e9 pr\u00e9sidentielle, nous ne saurions confirmer cette information. Le Pr\u00e9sident Kabor\u00e9 a jusque-l\u00e0 observ\u00e9 une d\u00e9marche de fermet\u00e9 vis-\u00e0-vis des djihadistes avec leurs calculs diaboliques. Nous ne voyons pas de raison de changer de strat\u00e9gie, celle en cours ayant d\u00e9j\u00e0 commenc\u00e9 \u00e0 produire ses effets b\u00e9n\u00e9fiques.<\/p>\n<p><strong>Interview r\u00e9alis\u00e9e par Michel NANA<\/strong><\/p>\n<p><strong>\u00a0<\/strong><\/p>\n<p>Auteur: Le Pays<br \/>\n<a href=\"http:\/\/lepays.bf\/clement-sawadogo-2e-vice-president-du-mpp-notre-pays-est-a-la-croisee-des-chemins-et-ses-leaders-politiques-tous-bords-confondus-nont-pas-droit-a-lerreur\/\">Cliquez ici pour lire l&rsquo;article depuis sa source.<\/a><\/p>\n","protected":false},"excerpt":{"rendered":"<p>Le pr\u00e9sident Roch Marc Christian Kabor\u00e9 a initi\u00e9 un dialogue politique dont les dates fix\u00e9es, initialement, sont les 27 et 28 avril 2019. A la veille de ce rendez-vous, nous avons \u00e9chang\u00e9 sur le sujet avec la majorit\u00e9 pr\u00e9sidentielle. C\u2019est Cl\u00e9ment P. Sawadogo, 2e vice-pr\u00e9sident du Mouvement du peuple pour le progr\u00e8s (MPP), qui r\u00e9pond, [&hellip;]<\/p>\n","protected":false},"author":1813,"featured_media":30524,"comment_status":"closed","ping_status":"closed","sticky":false,"template":"","format":"standard","meta":{"fifu_image_url":"","fifu_image_alt":"","footnotes":""},"categories":[73,81],"tags":[],"class_list":["post-30523","post","type-post","status-publish","format-standard","has-post-thumbnail","hentry","category-actualite","category-burkina-faso"],"_links":{"self":[{"href":"https:\/\/linitiative.ca\/International\/wp-json\/wp\/v2\/posts\/30523","targetHints":{"allow":["GET"]}}],"collection":[{"href":"https:\/\/linitiative.ca\/International\/wp-json\/wp\/v2\/posts"}],"about":[{"href":"https:\/\/linitiative.ca\/International\/wp-json\/wp\/v2\/types\/post"}],"author":[{"embeddable":true,"href":"https:\/\/linitiative.ca\/International\/wp-json\/wp\/v2\/users\/1813"}],"replies":[{"embeddable":true,"href":"https:\/\/linitiative.ca\/International\/wp-json\/wp\/v2\/comments?post=30523"}],"version-history":[{"count":0,"href":"https:\/\/linitiative.ca\/International\/wp-json\/wp\/v2\/posts\/30523\/revisions"}],"wp:featuredmedia":[{"embeddable":true,"href":"https:\/\/linitiative.ca\/International\/wp-json\/"}],"wp:attachment":[{"href":"https:\/\/linitiative.ca\/International\/wp-json\/wp\/v2\/media?parent=30523"}],"wp:term":[{"taxonomy":"category","embeddable":true,"href":"https:\/\/linitiative.ca\/International\/wp-json\/wp\/v2\/categories?post=30523"},{"taxonomy":"post_tag","embeddable":true,"href":"https:\/\/linitiative.ca\/International\/wp-json\/wp\/v2\/tags?post=30523"}],"curies":[{"name":"wp","href":"https:\/\/api.w.org\/{rel}","templated":true}]}}