{"id":30534,"date":"2019-04-26T09:30:04","date_gmt":"2019-04-26T13:30:04","guid":{"rendered":"https:\/\/linitiative.ca\/International\/jnp-2019-bassiaka-dao-icone-du-monde-paysan\/"},"modified":"2019-04-26T09:30:04","modified_gmt":"2019-04-26T13:30:04","slug":"jnp-2019-bassiaka-dao-icone-du-monde-paysan","status":"publish","type":"post","link":"https:\/\/linitiative.ca\/International\/jnp-2019-bassiaka-dao-icone-du-monde-paysan\/","title":{"rendered":"JNP 2019: Bassiaka Dao, ic\u00f4ne\u00a0 du monde paysan"},"content":{"rendered":"<div class=\"td-post-featured-image\"><a href=\"https:\/\/i1.wp.com\/www.sidwaya.info\/wp-content\/uploads\/2019\/04\/DSC_3510.jpg?fit=640%2C427&#038;ssl=1\" data-caption=\"?????????\"><img loading=\"lazy\" decoding=\"async\" width=\"640\" height=\"427\" class=\"entry-thumb td-modal-image\" src=\"https:\/\/i1.wp.com\/www.sidwaya.info\/wp-content\/uploads\/2019\/04\/DSC_3510.jpg?resize=640%2C427&#038;ssl=1\" srcset=\"https:\/\/i1.wp.com\/www.sidwaya.info\/wp-content\/uploads\/2019\/04\/DSC_3510.jpg?w=640&#038;ssl=1 640w, https:\/\/i1.wp.com\/www.sidwaya.info\/wp-content\/uploads\/2019\/04\/DSC_3510.jpg?resize=300%2C200&#038;ssl=1 300w, https:\/\/i1.wp.com\/www.sidwaya.info\/wp-content\/uploads\/2019\/04\/DSC_3510.jpg?resize=630%2C420&#038;ssl=1 630w\" sizes=\"auto, (max-width: 640px) 100vw, 640px\" alt=\"\" title=\"DSC_3510\"\/><\/a>?????????<\/div>\n<div class=\"td-a-rec td-a-rec-id-content_top td_uid_30_5cc37bb778af9_rand td_block_template_1\"><img loading=\"lazy\" decoding=\"async\" class=\"aligncenter size-full wp-image-4463\" src=\"https:\/\/www.sidwaya.info\/wp-content\/uploads\/2019\/02\/FESPACO-TOUR-2019-Bannie%CC%80re-728x90-1.jpg\" alt=\"\" width=\"728\" height=\"90\"\/><\/div>\n<p><strong>Le pr\u00e9sident de la Conf\u00e9d\u00e9ration paysanne du Faso (CPF)\u00a0 Bassiaka Dao\u00a0 est un\u00a0\u00a0 producteur mod\u00e8le qui d\u00e9fend les int\u00e9r\u00eats \u00a0des siens \u00e0 chaque Journ\u00e9e nationale du paysan (JNP). Portrait\u00a0 d\u2019un acteur qui a consacr\u00e9 toute son existence \u00e0 l\u2019\u00e9panouissement du monde rural. \u00a0<\/strong><\/p>\n<p>Agriculteur passionn\u00e9 et engag\u00e9, Bassiaka Dao\u00a0 est un natif \u00a0\u00a0de Bobo-Dioulasso o\u00f9 il a fait l\u2019\u00e9cole primaire et le coll\u00e8ge. Son \u00a0engagement et sa passion sont \u00a0reconnus par sa famille et ses pairs. Ainsi \u00a0pour\u00a0 le Coordonnateur national \u00a0des programmes de la f\u00e9d\u00e9ration des professionnels agricoles du Burkina\u00a0 Athanase Birba, il est un acteur dynamique et aime son domaine\u00a0 qu\u2019est l\u2019agriculture. D\u00e8s l\u2019\u00e2ge de \u00a016 ans, M Dao\u00a0 a obtenu\u00a0\u00a0 son BEPEC et \u00a0a \u00a0d\u00e9cid\u00e9\u00a0 en 1966 d\u2019abandonner\u00a0 les \u00e9tudes \u00a0pour s\u2019installer comme son p\u00e8re en tant\u00a0 que producteur. \u00a0C\u2019est aux c\u00f4t\u00e9s de son g\u00e9niteur \u00e9galement\u00a0 qu\u2019il s\u2019engage dans le monde des organisations\u00a0 paysannes en devenant secr\u00e9taire au sein\u00a0 de l\u2019Union r\u00e9gionale des coop\u00e9ratives agricoles et maraich\u00e8res du Burkina Faso. En 1968 il b\u00e9n\u00e9ficie\u00a0 d\u2019une formation sur les cultures maraich\u00e8res en France. De nouvelles comp\u00e9tences qu\u2019il mettra au service de la coop\u00e9rative\u00a0 en acceptant le poste d\u2019administrateur dans les ann\u00e9es 1990 marqu\u00e9es par\u00a0 le d\u00e9sengagement\u00a0 de l\u2019Etat vis-\u00e0-vis\u00a0 du monde paysan. C\u2019est en ce moment que \u00a0les acteurs du secteur agricole prennent conscience de la n\u00e9cessit\u00e9 de mieux\u00a0 s\u2019organiser pour relever les d\u00e9fis qui se pr\u00e9sentent \u00e0 leur domaine d\u2019activit\u00e9. Bassiaka Dao et ses pairs vont alors mettre en place plusieurs structures dont la F\u00e9d\u00e9ration des professionnels agricoles du Burkina (FPAB). Cette F\u00e9d\u00e9ration\u00a0 cr\u00e9\u00e9e en 1997 avait pour\u00a0 ambition de professionnaliser \u00a0les producteurs en les fournissant entre autre la formation, le conseil et l\u2019approvisionnement\u00a0 en intrants. Des fonctions qui \u00e9taient auparavant assur\u00e9es \u00a0par l\u2019Etat. En 1998 plusieurs organisations paysannes mettent en place un cadre\u00a0 de concertation des organisations faiti\u00e8res afin d\u2019avoir un interface privil\u00e9gi\u00e9e\u00a0 avec les diff\u00e9rents partenaires que sont l\u2019Etat et les bailleurs de fonds. A l\u2019issue d\u2019un congr\u00e8s paysan \u00e0, Bobo-Dioulasso en 2002 le cadre de concertation des organisations faiti\u00e8res\u00a0 va \u00e9voluer pour aboutir \u00e0 la cr\u00e9ation de la Conf\u00e9d\u00e9ration paysanne du Faso(CPF) qui \u00a0se veut un cadre formel d\u2019\u00e9changes entre structures paysannes et une organisation repr\u00e9sentative aupr\u00e8s\u00a0 de l\u2019Etat. Elle est \u00a0pr\u00e9sid\u00e9e par Bassiaka Dao. Ce dernier\u00a0 est \u00e9galement\u00a0 membre du Conseil d\u2019administration du R\u00e9seau des organisations paysannes et des producteurs de l\u2019Afrique de l\u2019ouest. Bassiaka Dao sillonne le Burkina \u00a0Faso et\u00a0 le monde pour d\u00e9fendre la cause et\u00a0 les int\u00e9r\u00eats des producteurs. Pour cela Il a \u00a0pris part \u00e0 plusieurs rencontres\u00a0 internationales parmi lesquelles on peut citer\u00a0 la 4<sup>e<\/sup> \u00e9dition de la semaine\u00a0 mondiale des Sols en 2017 \u00e0 Berlin en Allemagne, le S\u00e9minaire soci\u00e9t\u00e9 civile, ONG sur l\u2019initiative Agir\u00a0 et\u00a0 la r\u00e9silience au sahel\u00a0 et en Afrique de l\u2019ouest \u00e0 Milan en Italie. Et la COP 21 \u00a0sur les changements climatiques \u00e0 Paris en France\u00a0 en 2015. Absorb\u00e9 par\u00a0 cette mission de repr\u00e9sentation\u00a0 de sa communaut\u00e9, Basiaka Dao est un homme \u00e0\u00a0 l\u2019agenda charg\u00e9 mais il trouve le temps de s\u2019occuper avec ses quelques 18 enfants de son exploitation agricole de 40 hectares. \u00a0La famille Dao produit essentiellement du ma\u00efs\u00a0\u00a0 et pratique la culture maraich\u00e8re.<\/p>\n<p><strong>Evariste \u00a0YODA<\/strong><\/p>\n<div class=\"td-a-rec td-a-rec-id-content_bottom td_uid_31_5cc37bb778d77_rand td_block_template_1\"><img loading=\"lazy\" decoding=\"async\" class=\"alignright size-full wp-image-1724\" src=\"https:\/\/www.sidwaya.info\/wp-content\/uploads\/2018\/12\/sidwaya-pub.jpg\" alt=\"\" width=\"720\" height=\"90\"\/><\/div>\n<p>Auteur: BS. Sidwaya<br \/>\n<a href=\"https:\/\/www.sidwaya.info\/blog\/2019\/04\/26\/jnp-2019bassiaka-dao-icone-du-monde-paysan\/\">Cliquez ici pour lire l&rsquo;article depuis sa source.<\/a><\/p>\n","protected":false},"excerpt":{"rendered":"<p>????????? Le pr\u00e9sident de la Conf\u00e9d\u00e9ration paysanne du Faso (CPF)\u00a0 Bassiaka Dao\u00a0 est un\u00a0\u00a0 producteur mod\u00e8le qui d\u00e9fend les int\u00e9r\u00eats \u00a0des siens \u00e0 chaque Journ\u00e9e nationale du paysan (JNP). Portrait\u00a0 d\u2019un acteur qui a consacr\u00e9 toute son existence \u00e0 l\u2019\u00e9panouissement du monde rural. \u00a0 Agriculteur passionn\u00e9 et engag\u00e9, Bassiaka Dao\u00a0 est un natif \u00a0\u00a0de Bobo-Dioulasso [&hellip;]<\/p>\n","protected":false},"author":1816,"featured_media":0,"comment_status":"closed","ping_status":"closed","sticky":false,"template":"","format":"standard","meta":{"fifu_image_url":"","fifu_image_alt":"","footnotes":""},"categories":[73,81],"tags":[],"class_list":["post-30534","post","type-post","status-publish","format-standard","hentry","category-actualite","category-burkina-faso"],"_links":{"self":[{"href":"https:\/\/linitiative.ca\/International\/wp-json\/wp\/v2\/posts\/30534","targetHints":{"allow":["GET"]}}],"collection":[{"href":"https:\/\/linitiative.ca\/International\/wp-json\/wp\/v2\/posts"}],"about":[{"href":"https:\/\/linitiative.ca\/International\/wp-json\/wp\/v2\/types\/post"}],"author":[{"embeddable":true,"href":"https:\/\/linitiative.ca\/International\/wp-json\/wp\/v2\/users\/1816"}],"replies":[{"embeddable":true,"href":"https:\/\/linitiative.ca\/International\/wp-json\/wp\/v2\/comments?post=30534"}],"version-history":[{"count":0,"href":"https:\/\/linitiative.ca\/International\/wp-json\/wp\/v2\/posts\/30534\/revisions"}],"wp:attachment":[{"href":"https:\/\/linitiative.ca\/International\/wp-json\/wp\/v2\/media?parent=30534"}],"wp:term":[{"taxonomy":"category","embeddable":true,"href":"https:\/\/linitiative.ca\/International\/wp-json\/wp\/v2\/categories?post=30534"},{"taxonomy":"post_tag","embeddable":true,"href":"https:\/\/linitiative.ca\/International\/wp-json\/wp\/v2\/tags?post=30534"}],"curies":[{"name":"wp","href":"https:\/\/api.w.org\/{rel}","templated":true}]}}