{"id":30537,"date":"2019-04-26T15:18:05","date_gmt":"2019-04-26T19:18:05","guid":{"rendered":"https:\/\/linitiative.ca\/International\/le-mozambique-frappe-par-un-nouveau-cyclone\/"},"modified":"2019-04-26T15:18:05","modified_gmt":"2019-04-26T19:18:05","slug":"le-mozambique-frappe-par-un-nouveau-cyclone","status":"publish","type":"post","link":"https:\/\/linitiative.ca\/International\/le-mozambique-frappe-par-un-nouveau-cyclone\/","title":{"rendered":"Le Mozambique frapp\u00e9 par un nouveau cyclone"},"content":{"rendered":"<div readability=\"32\">\n<p>Publi\u00e9 le 26.04.2019 \u00e0 20h18 par APA News<\/p>\n<\/div>\n<div readability=\"56\">\n<p>Le Mozambique est de nouveau frapp\u00e9 par un cyclone d\u00e9nomm\u00e9 Kenneth qui a fait d\u2019\u00e9normes d\u00e9g\u00e2ts dans certaines villes et communaut\u00e9s, selon les \u00e9quipes de la Croix-Rouge dans le nord du pays.Cela fait tout juste un mois apr\u00e8s que le cyclone Idai a d\u00e9truit une grande partie du Mozambique et caus\u00e9 la mort d\u2019un millier de personnes.<\/p>\n<p>Kenneth a touch\u00e9 terre avec une vitesse de vent pouvant atteignant 231 km\/heure, correspondant \u00e0 un ouragan de cat\u00e9gorie 4.<\/p>\n<p>La Croix-Rouge, citant des rapports de Quissanga, fait \u00e9tat d\u2019importants d\u00e9g\u00e2ts dont des maisons d\u00e9truites et des lignes de communication entre Macomia et Muidumbe en panne.<\/p>\n<p><ins data-revive-zoneid=\"9\" data-revive-id=\"10111e19d28d19d031742ee3b0b33eb0\"\/> <\/p>\n<p>Antonio Carabante, secouriste \u00e0 la F\u00e9d\u00e9ration internationale des soci\u00e9t\u00e9s de la Croix-Rouge et du Croissant-Rouge (FICR) \u00e0 Nampula a d\u00e9clar\u00e9 : \u00ab La situation est tr\u00e8s pr\u00e9occupante. On nous dit que le vent a caus\u00e9 beaucoup de d\u00e9g\u00e2ts. Nous sommes inquiets, en particulier pour les personnes vivant dans des communaut\u00e9s dont nous n\u2019avons pas encore entendu parler. Nous travaillons \u00e0 l\u2019ouverture des lignes de communication. \u00bb<\/p>\n<p>Selon Carabante, la situation pourrait s\u2019aggraver dans les prochains jours en raison des fortes pluies annonc\u00e9es par la m\u00e9t\u00e9o.<\/p>\n<\/div>\n<p>Auteur: APA News<br \/>\n<a href=\"https:\/\/www.journalducameroun.com\/fr\/le-mozambique-frappe-par-un-nouveau-cyclone\/\">Cliquez ici pour lire l&rsquo;article depuis sa source.<\/a><\/p>\n","protected":false},"excerpt":{"rendered":"<p>Publi\u00e9 le 26.04.2019 \u00e0 20h18 par APA News Le Mozambique est de nouveau frapp\u00e9 par un cyclone d\u00e9nomm\u00e9 Kenneth qui a fait d\u2019\u00e9normes d\u00e9g\u00e2ts dans certaines villes et communaut\u00e9s, selon les \u00e9quipes de la Croix-Rouge dans le nord du pays.Cela fait tout juste un mois apr\u00e8s que le cyclone Idai a d\u00e9truit une grande partie [&hellip;]<\/p>\n","protected":false},"author":1965,"featured_media":0,"comment_status":"closed","ping_status":"closed","sticky":false,"template":"","format":"standard","meta":{"fifu_image_url":"","fifu_image_alt":"","footnotes":""},"categories":[73,82],"tags":[],"class_list":["post-30537","post","type-post","status-publish","format-standard","hentry","category-actualite","category-cameroun"],"_links":{"self":[{"href":"https:\/\/linitiative.ca\/International\/wp-json\/wp\/v2\/posts\/30537","targetHints":{"allow":["GET"]}}],"collection":[{"href":"https:\/\/linitiative.ca\/International\/wp-json\/wp\/v2\/posts"}],"about":[{"href":"https:\/\/linitiative.ca\/International\/wp-json\/wp\/v2\/types\/post"}],"author":[{"embeddable":true,"href":"https:\/\/linitiative.ca\/International\/wp-json\/wp\/v2\/users\/1965"}],"replies":[{"embeddable":true,"href":"https:\/\/linitiative.ca\/International\/wp-json\/wp\/v2\/comments?post=30537"}],"version-history":[{"count":0,"href":"https:\/\/linitiative.ca\/International\/wp-json\/wp\/v2\/posts\/30537\/revisions"}],"wp:attachment":[{"href":"https:\/\/linitiative.ca\/International\/wp-json\/wp\/v2\/media?parent=30537"}],"wp:term":[{"taxonomy":"category","embeddable":true,"href":"https:\/\/linitiative.ca\/International\/wp-json\/wp\/v2\/categories?post=30537"},{"taxonomy":"post_tag","embeddable":true,"href":"https:\/\/linitiative.ca\/International\/wp-json\/wp\/v2\/tags?post=30537"}],"curies":[{"name":"wp","href":"https:\/\/api.w.org\/{rel}","templated":true}]}}