{"id":30538,"date":"2019-04-26T15:50:01","date_gmt":"2019-04-26T19:50:01","guid":{"rendered":"https:\/\/linitiative.ca\/International\/trump-insiste-un-homme-arme-aurait-pu-sauver-de-nombreuses-vies-au-bataclan\/"},"modified":"2019-04-26T15:50:01","modified_gmt":"2019-04-26T19:50:01","slug":"trump-insiste-un-homme-arme-aurait-pu-sauver-de-nombreuses-vies-au-bataclan","status":"publish","type":"post","link":"https:\/\/linitiative.ca\/International\/trump-insiste-un-homme-arme-aurait-pu-sauver-de-nombreuses-vies-au-bataclan\/","title":{"rendered":"Trump insiste: un homme arm\u00e9 aurait pu sauver de nombreuses vies au Bataclan"},"content":{"rendered":"<div readability=\"32\">\n<p>Publi\u00e9 le 26.04.2019 \u00e0 20h50 par AFP<\/p>\n<\/div>\n<div readability=\"80\">\n<p>Le pr\u00e9sident am\u00e9ricain Donald Trump a une nouvelle fois affirm\u00e9 vendredi que de nombreuses vies auraient pu \u00eatre sauv\u00e9es lors des attentats du 13 novembre 2015 \u00e0 Paris si la r\u00e8glementation fran\u00e7aise sur les armes \u00e9tait moins stricte.<\/p>\n<p>130 personnes \u00e9taient mortes et plusieurs centaines avaient \u00e9t\u00e9 bless\u00e9es dans une s\u00e9rie d\u2019attentats \u00e0 Paris et Saint-Denis revendiqu\u00e9s par le groupe Etat islamique (EI). Un des commandos a tu\u00e9 90 personnes dans la salle de concert du Bataclan.<\/p>\n<p>\u00ab\u00a0Paris, il disent qu\u2019ils ont l\u00e0-bas les lois les plus s\u00e9v\u00e8res au monde sur les armes\u00a0\u00bb, a lanc\u00e9 M. Trump lors d\u2019un discours \u00e0 Indianapolis devant la National Rifle Association (NRA), puissant lobby des armes \u00e0 feu.<\/p>\n<p>Comme il l\u2019avait fait il y a un an, presque jour pour jour, devant la m\u00eame audience, le milliardaire r\u00e9publicain est longuement revenu sur cette sombre journ\u00e9e du 13 novembre.<\/p>\n<p>\u00ab\u00a0Ils ont tu\u00e9 une personne, une autre, une autre, une autre.. Des centaines de personnes ont \u00e9t\u00e9 tu\u00e9es et bless\u00e9es ce jour-l\u00e0\u00a0\u00bb.<\/p>\n<p><ins data-revive-zoneid=\"9\" data-revive-id=\"10111e19d28d19d031742ee3b0b33eb0\"\/> <\/p>\n<p>\u00ab\u00a0La fusillade a dur\u00e9 si longtemps et il n\u2019y avait rien \u00e0 faire (\u2026). Si une personne avait eu une arme de l\u2019autre c\u00f4t\u00e9, le bilan aurait tr\u00e8s bien pu \u00eatre compl\u00e8tement diff\u00e9rent\u00a0\u00bb, a-t-il poursuivi.<\/p>\n<p>Le locataire de la Maison Blanche a encore ajout\u00e9 que l\u2019attaque n\u2019aurait \u00ab\u00a0probablement pas eu lieu\u00a0\u00bb si la r\u00e9glementation sur les armes \u00e9tait moins stricte \u00ab\u00a0car ces l\u00e2ches auraient su qu\u2019il y aurait des gens avec des armes\u00a0\u00bb sur place.<\/p>\n<p>Lors de son long discours devant la NRA, M. Trump a martel\u00e9 que \u00ab\u00a0pr\u00e9server les libert\u00e9s acquises par nos anc\u00eatres au prix de leur vie\u00a0\u00bb \u00e9tait un devoir absolu. Et d\u00e9nonc\u00e9 ses adversaires d\u00e9mocrates qui, selon lui, veulent remettre en cause les fondamentaux de la Constitution am\u00e9ricaine.<\/p>\n<p>En 2018, les d\u00e9clarations de M. Trump avaient provoqu\u00e9 une vive r\u00e9action du gouvernement fran\u00e7ais. Le ministre de l\u2019Economie Bruno Le Maire avait d\u00e9nonc\u00e9 des propos \u00ab\u00a0choquants\u00a0\u00bb et \u00ab\u00a0pas dignes du pr\u00e9sident de la premi\u00e8re puissance mondiale\u00a0\u00bb.<\/p>\n<\/div>\n<p>Auteur: AFP<br \/>\n<a href=\"https:\/\/www.journalducameroun.com\/fr\/trump-insiste-un-homme-arme-aurait-pu-sauver-de-nombreuses-vies-au-bataclan\/\">Cliquez ici pour lire l&rsquo;article depuis sa source.<\/a><\/p>\n","protected":false},"excerpt":{"rendered":"<p>Publi\u00e9 le 26.04.2019 \u00e0 20h50 par AFP Le pr\u00e9sident am\u00e9ricain Donald Trump a une nouvelle fois affirm\u00e9 vendredi que de nombreuses vies auraient pu \u00eatre sauv\u00e9es lors des attentats du 13 novembre 2015 \u00e0 Paris si la r\u00e8glementation fran\u00e7aise sur les armes \u00e9tait moins stricte. 130 personnes \u00e9taient mortes et plusieurs centaines avaient \u00e9t\u00e9 bless\u00e9es [&hellip;]<\/p>\n","protected":false},"author":1965,"featured_media":0,"comment_status":"closed","ping_status":"closed","sticky":false,"template":"","format":"standard","meta":{"fifu_image_url":"","fifu_image_alt":"","footnotes":""},"categories":[73,82],"tags":[],"class_list":["post-30538","post","type-post","status-publish","format-standard","hentry","category-actualite","category-cameroun"],"_links":{"self":[{"href":"https:\/\/linitiative.ca\/International\/wp-json\/wp\/v2\/posts\/30538","targetHints":{"allow":["GET"]}}],"collection":[{"href":"https:\/\/linitiative.ca\/International\/wp-json\/wp\/v2\/posts"}],"about":[{"href":"https:\/\/linitiative.ca\/International\/wp-json\/wp\/v2\/types\/post"}],"author":[{"embeddable":true,"href":"https:\/\/linitiative.ca\/International\/wp-json\/wp\/v2\/users\/1965"}],"replies":[{"embeddable":true,"href":"https:\/\/linitiative.ca\/International\/wp-json\/wp\/v2\/comments?post=30538"}],"version-history":[{"count":0,"href":"https:\/\/linitiative.ca\/International\/wp-json\/wp\/v2\/posts\/30538\/revisions"}],"wp:attachment":[{"href":"https:\/\/linitiative.ca\/International\/wp-json\/wp\/v2\/media?parent=30538"}],"wp:term":[{"taxonomy":"category","embeddable":true,"href":"https:\/\/linitiative.ca\/International\/wp-json\/wp\/v2\/categories?post=30538"},{"taxonomy":"post_tag","embeddable":true,"href":"https:\/\/linitiative.ca\/International\/wp-json\/wp\/v2\/tags?post=30538"}],"curies":[{"name":"wp","href":"https:\/\/api.w.org\/{rel}","templated":true}]}}