{"id":30539,"date":"2019-04-26T15:50:03","date_gmt":"2019-04-26T19:50:03","guid":{"rendered":"https:\/\/linitiative.ca\/International\/espagne-les-femen-perturbent-le-dernier-meeting-du-parti-dextreme-droite-vox\/"},"modified":"2019-04-26T15:50:03","modified_gmt":"2019-04-26T19:50:03","slug":"espagne-les-femen-perturbent-le-dernier-meeting-du-parti-dextreme-droite-vox","status":"publish","type":"post","link":"https:\/\/linitiative.ca\/International\/espagne-les-femen-perturbent-le-dernier-meeting-du-parti-dextreme-droite-vox\/","title":{"rendered":"Espagne: les Femen perturbent le dernier meeting du parti d\u2019extr\u00eame droite Vox"},"content":{"rendered":"<div readability=\"32\">\n<p>Publi\u00e9 le 26.04.2019 \u00e0 20h50 par AFP<\/p>\n<\/div>\n<div readability=\"75\">\n<p>Le dernier meeting du parti d\u2019extr\u00eame droite espagnol Vox a \u00e9t\u00e9 perturb\u00e9 vendredi \u00e0 Madrid par des militantes des Femen, \u00e0 deux jours des \u00e9lections l\u00e9gislatives, a constat\u00e9 l\u2019AFP.<\/p>\n<p>Avec le slogan anti-franquiste \u00ab\u00a0No pasar\u00e1n\u00a0\u00bb (\u00ab\u00a0Ils ne passeront pas\u00a0\u00bb) inscrit sur leurs poitrines nues, trois militantes f\u00e9ministes ont r\u00e9ussi \u00e0 monter sur la sc\u00e8ne de la place Colomb de la capitale, avant l\u2019arriv\u00e9e du leader de Vox, Santiago Abascal, pour son dernier rendez-vous \u00e9lectoral avec ses soutiens.<\/p>\n<p>Les Femen, qui criaient \u00ab\u00a0Ce n\u2019est pas du patriotisme, c\u2019est du fascisme\u00a0\u00bb, message \u00e9galement inscrit sur leurs corps, ont \u00e9t\u00e9 interpell\u00e9es par la police et emmen\u00e9es hors de la sc\u00e8ne sous les hu\u00e9es des partisans de Vox, en d\u00e9but de soir\u00e9e.<\/p>\n<p>Encore confidentiel il y a un an, Vox a fait irruption sur la sc\u00e8ne politique espagnole en d\u00e9cembre lors d\u2019\u00e9lections r\u00e9gionales en Andalousie (sud), obtenant pr\u00e8s de 11% des voix et 12 si\u00e8ges au parlement r\u00e9gional.<\/p>\n<p><ins data-revive-zoneid=\"9\" data-revive-id=\"10111e19d28d19d031742ee3b0b33eb0\"\/> <\/p>\n<p>Vox pourrait entrer en force \u00e0 la chambre des d\u00e9put\u00e9s dimanche. Il est cr\u00e9dit\u00e9 d\u2019une trentaine de si\u00e8ges et d\u2019environ 10% des voix dans les sondages.<\/p>\n<p>Anti-immigration et ultranationaliste, Vox a \u00e9galement marqu\u00e9 la campagne par ses positions virulentes contre le f\u00e9minisme, rompant un consensus politique en Espagne autour de la loi contre les violences sexistes en affirmant qu\u2019elle \u00ab\u00a0criminalise\u00a0\u00bb les hommes.<\/p>\n<p>La formation populiste, qui compte parmi ses candidats des g\u00e9n\u00e9raux \u00e0 la retraite d\u00e9fenseurs du franquisme, s\u2019oppose notamment \u00e0 l\u2019avortement, au mariage entre personnes du m\u00eame sexe et \u00e0 l\u2019euthanasie.<\/p>\n<\/div>\n<p>Auteur: AFP<br \/>\n<a href=\"https:\/\/www.journalducameroun.com\/fr\/espagne-les-femen-perturbent-le-dernier-meeting-du-parti-dextreme-droite-vox\/\">Cliquez ici pour lire l&rsquo;article depuis sa source.<\/a><\/p>\n","protected":false},"excerpt":{"rendered":"<p>Publi\u00e9 le 26.04.2019 \u00e0 20h50 par AFP Le dernier meeting du parti d\u2019extr\u00eame droite espagnol Vox a \u00e9t\u00e9 perturb\u00e9 vendredi \u00e0 Madrid par des militantes des Femen, \u00e0 deux jours des \u00e9lections l\u00e9gislatives, a constat\u00e9 l\u2019AFP. Avec le slogan anti-franquiste \u00ab\u00a0No pasar\u00e1n\u00a0\u00bb (\u00ab\u00a0Ils ne passeront pas\u00a0\u00bb) inscrit sur leurs poitrines nues, trois militantes f\u00e9ministes ont [&hellip;]<\/p>\n","protected":false},"author":1965,"featured_media":0,"comment_status":"closed","ping_status":"closed","sticky":false,"template":"","format":"standard","meta":{"fifu_image_url":"","fifu_image_alt":"","footnotes":""},"categories":[73,82],"tags":[],"class_list":["post-30539","post","type-post","status-publish","format-standard","hentry","category-actualite","category-cameroun"],"_links":{"self":[{"href":"https:\/\/linitiative.ca\/International\/wp-json\/wp\/v2\/posts\/30539","targetHints":{"allow":["GET"]}}],"collection":[{"href":"https:\/\/linitiative.ca\/International\/wp-json\/wp\/v2\/posts"}],"about":[{"href":"https:\/\/linitiative.ca\/International\/wp-json\/wp\/v2\/types\/post"}],"author":[{"embeddable":true,"href":"https:\/\/linitiative.ca\/International\/wp-json\/wp\/v2\/users\/1965"}],"replies":[{"embeddable":true,"href":"https:\/\/linitiative.ca\/International\/wp-json\/wp\/v2\/comments?post=30539"}],"version-history":[{"count":0,"href":"https:\/\/linitiative.ca\/International\/wp-json\/wp\/v2\/posts\/30539\/revisions"}],"wp:attachment":[{"href":"https:\/\/linitiative.ca\/International\/wp-json\/wp\/v2\/media?parent=30539"}],"wp:term":[{"taxonomy":"category","embeddable":true,"href":"https:\/\/linitiative.ca\/International\/wp-json\/wp\/v2\/categories?post=30539"},{"taxonomy":"post_tag","embeddable":true,"href":"https:\/\/linitiative.ca\/International\/wp-json\/wp\/v2\/tags?post=30539"}],"curies":[{"name":"wp","href":"https:\/\/api.w.org\/{rel}","templated":true}]}}