{"id":30540,"date":"2019-04-26T15:50:05","date_gmt":"2019-04-26T19:50:05","guid":{"rendered":"https:\/\/linitiative.ca\/International\/son-age-les-femmes-biden-sur-la-defensive-au-premier-jour-de-sa-campagne\/"},"modified":"2019-04-26T15:50:05","modified_gmt":"2019-04-26T19:50:05","slug":"son-age-les-femmes-biden-sur-la-defensive-au-premier-jour-de-sa-campagne","status":"publish","type":"post","link":"https:\/\/linitiative.ca\/International\/son-age-les-femmes-biden-sur-la-defensive-au-premier-jour-de-sa-campagne\/","title":{"rendered":"Son \u00e2ge, les femmes: Biden sur la d\u00e9fensive au premier jour de sa campagne"},"content":{"rendered":"<p>Dans un duel entre septuag\u00e9naires, le d\u00e9mocrate Joe Biden a rejet\u00e9 vendredi les moqueries de Donald Trump sur son \u00e2ge, puis s\u2019est excus\u00e9 d\u2019avoir g\u00ean\u00e9 des femmes avec des gestes trop pressants, entamant sur la d\u00e9fensive sa premi\u00e8re journ\u00e9e de candidat \u00e0 la Maison Blanche.<\/p>\n<p>En versant des larmes au souvenir de son fils d\u00e9c\u00e9d\u00e9 d\u2019un cancer, l\u2019ancien vice-pr\u00e9sident de Barack Obama a toutefois suscit\u00e9 l\u2019\u00e9motion sur le plateau de l\u2019\u00e9mission \u00ab\u00a0The View\u00a0\u00bb, anim\u00e9e sur ABC par des femmes, devant un public majoritairement f\u00e9minin.<\/p>\n<p>Dominant les sondages pour la primaire d\u00e9mocrate, Joe Biden est l\u2019une des figures les plus connues, et \u00e0 la plus longue carri\u00e8re, parmi les 20 candidats \u00e0 l\u2019investiture du parti.<\/p>\n<p>Il a r\u00e9colt\u00e9 6,3 millions de dollars de dons en \u00e0 peine 24 heures, le maximum enregistr\u00e9 dans le camp d\u00e9mocrate jusqu\u2019ici.<\/p>\n<p>Mais sa pole position l\u2019a aussi expos\u00e9 \u00e0 un grand niveau de critiques sur des \u00e9pisodes pass\u00e9s parfois embarrassants, avant m\u00eame qu\u2019il ne se lance dans la course jeudi.<\/p>\n<p>Parmi ces voix, le pr\u00e9sident r\u00e9publicain Donald Trump, 72 ans, se d\u00e9lecte en d\u00e9peignant un Joe Biden, 76 ans, en manque d\u2019\u00e9nergie \u2013\u00ab\u00a0Joe l\u2019endormi\u00a0\u00bb, comme il aime le surnommer.<\/p>\n<p>\u00ab\u00a0C\u2019est la premi\u00e8re fois qu\u2019on m\u2019appelle comme cela. D\u2019habitude c\u2019est plut\u00f4t l\u2019inverse, +Joe la forme+\u00a0\u00bb, a r\u00e9torqu\u00e9 Joe Biden lors de sa premi\u00e8re interview de candidat.<\/p>\n<p>Si Donald Trump \u00ab\u00a0a l\u2019air jeune et dynamique compar\u00e9 \u00e0 moi, je devrais probablement rentrer chez moi\u00a0\u00bb, a-t-il ironis\u00e9.<\/p>\n<p>Il a de nouveau reconnu que les questions sur son \u00e2ge \u00e9taient \u00ab\u00a0l\u00e9gitimes\u00a0\u00bb, tout en rejetant l\u2019id\u00e9e de ne s\u2019engager \u00e0 n\u2019exercer qu\u2019un seul mandat de quatre ans.<\/p>\n<p>\u00ab\u00a0J\u2019esp\u00e8re pouvoir d\u00e9montrer qu\u2019avec l\u2019\u00e2ge vient la sagesse et l\u2019exp\u00e9rience\u00a0\u00bb, a-t-il ajout\u00e9.<\/p>\n<p>S\u2019il \u00e9tait \u00e9lu, Joe Biden arracherait \u00e0 Donald Trump le titre de pr\u00e9sident le plus vieux de l\u2019histoire am\u00e9ricaine.<\/p>\n<p>A 77 ans, le deuxi\u00e8me dans la course \u00e0 l\u2019investiture d\u00e9mocrate, Bernie Sanders, est aussi en lice pour ce titre.<\/p>\n<p>Briguant un deuxi\u00e8me mandat en novembre 2020, le pr\u00e9sident r\u00e9publicain avait soulign\u00e9 plus t\u00f4t \u00e0 quel point il se sentait \u00ab\u00a0plein de vie\u00a0\u00bb, apr\u00e8s l\u2019annonce de la candidature de Joe Biden.<\/p>\n<p>\u00ab\u00a0Je ne dirais jamais que qui que ce soit est trop vieux, mais ce que je sais c\u2019est qu\u2019ils me font tous para\u00eetre tr\u00e8s jeune\u00a0\u00bb, a-t-il lanc\u00e9.<\/p>\n<p><ins data-revive-zoneid=\"9\" data-revive-id=\"10111e19d28d19d031742ee3b0b33eb0\"\/> <\/p>\n<p>Et d\u2019affirmer, sans h\u00e9sitation, qu\u2019il battrait \u00ab\u00a0facilement\u00a0\u00bb Joe Biden s\u2019il devait l\u2019affronter \u00e0 l\u2019issue de la primaire d\u00e9mocrate.<\/p>\n<p>Donald Trump avait aussi mis en doute l\u2019intelligence de Joe Biden, \u00e0 l\u2019annonce de sa candidature.<\/p>\n<p>\u00ab\u00a0Les insultes de Trump masquaient en fait du respect, et une v\u00e9ritable inqui\u00e9tude \u00e0 propos des chances de Biden de gagner\u00a0\u00bb, \u00e9crivait vendredi le site Politico, citant des conseillers anonymes de Donald Trump.<\/p>\n<p>Rappelant \u00e0 l\u2019envi ses origines modestes dans une Pennsylvanie au pass\u00e9 industriel, Joe Biden pourrait en effet menacer le milliardaire Donald Trump aupr\u00e8s de l\u2019\u00e9lectorat ouvrier blanc qui avait \u00e9t\u00e9 crucial pour sa victoire contre Hillary Clinton en 2016.<\/p>\n<p>\u2013 \u00ab\u00a0Je suis d\u00e9sol\u00e9\u00a0\u00bb \u2013<\/p>\n<p>Mais s\u2019il reste tr\u00e8s populaire parmi la base d\u00e9mocrate, Joe Biden pourrait toutefois p\u00e2tir, face \u00e0 ses concurrents d\u00e9mocrates plus jeunes, de ses plus de 45 ans de carri\u00e8re politique.<\/p>\n<p>Une longue trajectoire jalonn\u00e9e d\u2019\u00e9pisodes qui ont pris un relief parfois embarrassant avec le changement des mentalit\u00e9s, et sur lesquels les animatrices de \u00ab\u00a0The View\u00a0\u00bb l\u2019ont interrog\u00e9.<\/p>\n<p>Aux femmes qui se sont dites r\u00e9cemment g\u00ean\u00e9es par ses marques d\u2019affection parfois pouss\u00e9es, il s\u2019est dit \u00ab\u00a0d\u00e9sol\u00e9 d\u2019avoir envahi\u00a0\u00bb leur espace.<\/p>\n<p>\u00ab\u00a0Je suis d\u00e9sol\u00e9 que cela soit arriv\u00e9. Je ne suis pas d\u00e9sol\u00e9 dans le sens o\u00f9 je penserais que j\u2019ai fait quelque chose de mal intentionnellement\u00a0\u00bb, a nuanc\u00e9 Joe Biden.<\/p>\n<p>Il a \u00e9galement d\u00fb revenir sur un \u00e9pisode de sa longue carri\u00e8re de s\u00e9nateur: l\u2019audition tendue en 1991 de Anita Hill, qui accusait un candidat \u00e0 la Cour supr\u00eame, Clarence Thomas, de harc\u00e8lement sexuel.<\/p>\n<p>Joe Biden pr\u00e9sidait la commission, compos\u00e9e uniquement d\u2019hommes blancs, qui avait men\u00e9 l\u2019audition de cette femme noire.<\/p>\n<p>\u00ab\u00a0Je ne pense pas l\u2019avoir mal trait\u00e9e\u00a0\u00bb, a d\u00e9clar\u00e9 Joe Biden, soulignant qu\u2019il l\u2019avait \u00ab\u00a0crue d\u00e8s le d\u00e9part\u00a0\u00bb et l\u2019avoir dit publiquement.<\/p>\n<p>\u00ab\u00a0Mais je suis d\u00e9sol\u00e9 de la fa\u00e7on dont elle a \u00e9t\u00e9 trait\u00e9e\u00a0\u00bb.<\/p>\n<p>Auteur: AFP<br \/>\n<a href=\"https:\/\/www.journalducameroun.com\/fr\/son-age-les-femmes-biden-sur-la-defensive-au-premier-jour-de-sa-campagne\/\">Cliquez ici pour lire l&rsquo;article depuis sa source.<\/a><\/p>\n","protected":false},"excerpt":{"rendered":"<p>Dans un duel entre septuag\u00e9naires, le d\u00e9mocrate Joe Biden a rejet\u00e9 vendredi les moqueries de Donald Trump sur son \u00e2ge, puis s\u2019est excus\u00e9 d\u2019avoir g\u00ean\u00e9 des femmes avec des gestes trop pressants, entamant sur la d\u00e9fensive sa premi\u00e8re journ\u00e9e de candidat \u00e0 la Maison Blanche. En versant des larmes au souvenir de son fils d\u00e9c\u00e9d\u00e9 [&hellip;]<\/p>\n","protected":false},"author":1965,"featured_media":0,"comment_status":"closed","ping_status":"closed","sticky":false,"template":"","format":"standard","meta":{"fifu_image_url":"","fifu_image_alt":"","footnotes":""},"categories":[73,82],"tags":[],"class_list":["post-30540","post","type-post","status-publish","format-standard","hentry","category-actualite","category-cameroun"],"_links":{"self":[{"href":"https:\/\/linitiative.ca\/International\/wp-json\/wp\/v2\/posts\/30540","targetHints":{"allow":["GET"]}}],"collection":[{"href":"https:\/\/linitiative.ca\/International\/wp-json\/wp\/v2\/posts"}],"about":[{"href":"https:\/\/linitiative.ca\/International\/wp-json\/wp\/v2\/types\/post"}],"author":[{"embeddable":true,"href":"https:\/\/linitiative.ca\/International\/wp-json\/wp\/v2\/users\/1965"}],"replies":[{"embeddable":true,"href":"https:\/\/linitiative.ca\/International\/wp-json\/wp\/v2\/comments?post=30540"}],"version-history":[{"count":0,"href":"https:\/\/linitiative.ca\/International\/wp-json\/wp\/v2\/posts\/30540\/revisions"}],"wp:attachment":[{"href":"https:\/\/linitiative.ca\/International\/wp-json\/wp\/v2\/media?parent=30540"}],"wp:term":[{"taxonomy":"category","embeddable":true,"href":"https:\/\/linitiative.ca\/International\/wp-json\/wp\/v2\/categories?post=30540"},{"taxonomy":"post_tag","embeddable":true,"href":"https:\/\/linitiative.ca\/International\/wp-json\/wp\/v2\/tags?post=30540"}],"curies":[{"name":"wp","href":"https:\/\/api.w.org\/{rel}","templated":true}]}}