{"id":30541,"date":"2019-04-26T15:50:07","date_gmt":"2019-04-26T19:50:07","guid":{"rendered":"https:\/\/linitiative.ca\/International\/libye-la-situation-des-migrants-pris-au-milieu-des-combats-inquiete-les-humanitaires\/"},"modified":"2019-04-26T15:50:07","modified_gmt":"2019-04-26T19:50:07","slug":"libye-la-situation-des-migrants-pris-au-milieu-des-combats-inquiete-les-humanitaires","status":"publish","type":"post","link":"https:\/\/linitiative.ca\/International\/libye-la-situation-des-migrants-pris-au-milieu-des-combats-inquiete-les-humanitaires\/","title":{"rendered":"Libye: la situation des migrants, pris au milieu des combats, inqui\u00e8te les humanitaires"},"content":{"rendered":"<div readability=\"32\">\n<p>Publi\u00e9 le 26.04.2019 \u00e0 20h50 par AFP<\/p>\n<\/div>\n<div readability=\"149\">\n<p>Organisations humanitaires et institutions internationales s\u2019alarment de la situation de milliers de migrants en Libye, pris au pi\u00e8ge des combats qui font rage depuis trois semaines entre les forces loyales au Gouvernement d\u2019union nationale (GNA) et celles du mar\u00e9chal Haftar.<\/p>\n<p>Aucune donn\u00e9e officielle n\u2019est disponible sur le nombre de migrants, souvent clandestins, pr\u00e9sents dans ce pays grand comme trois fois la France, carrefour des routes d\u2019Afrique de l\u2019est et d\u2019Afrique subsaharienne menant vers l\u2019Europe. Il est estim\u00e9 \u00e0 plusieurs centaines de milliers.<\/p>\n<p>Parmi eux, l\u2019Organisation internationale de la migration (OIM) en recense 5.933 retenus dans des \u00ab\u00a0centres de d\u00e9tention\u00a0\u00bb officiels. D\u2019autres centaines sont d\u00e9tenus par des groupes arm\u00e9s dans d\u2019autres installations \u00e9chappant \u00e0 tout contr\u00f4le.<\/p>\n<p>Les conditions dans ces centres suscitent r\u00e9guli\u00e8rement l\u2019indignation des ONG, qui d\u00e9noncent l\u2019arbitraire, les violences (torture, violence sexuelle\u2026), le manque de nourriture et de soins m\u00e9dicaux ou le travail forc\u00e9.<\/p>\n<p>Dans un point lundi sur la situation humanitaire dans le pays, l\u2019adjointe \u00e0 l\u2019\u00e9missaire de l\u2019ONU en Libye, Maria do Valle Ribeiro, avait dit sa \u00ab\u00a0pr\u00e9occupation\u00a0\u00bb sur la situation des \u00ab\u00a0migrants, demandeurs d\u2019asile et r\u00e9fugi\u00e9s\u00a0\u00bb, dont \u00ab\u00a03.600 se trouvent dans des centres de d\u00e9tention dans des zones proches des lignes de front\u00a0\u00bb.<\/p>\n<p>Les centres situ\u00e9s dans la r\u00e9gion de Tripoli -et leurs d\u00e9tenus- se sont retrouv\u00e9s au coeur des combats de l\u2019offensive surprise lanc\u00e9e le 4 avril par Khalifa Haftar, l\u2019homme fort de l\u2019est du pays, pour conqu\u00e9rir Tripoli, si\u00e8ge du GNA, reconnu par la communaut\u00e9 internationale.<\/p>\n<p>Mardi, les inqui\u00e9tudes se sont concr\u00e9tis\u00e9es.<\/p>\n<p>A Gasr ben Ghachir (au sud de Tripoli), un des plus importants centres de d\u00e9tention situ\u00e9 dans une zone sous contr\u00f4le des forces du mar\u00e9chal Haftar, plusieurs migrants ont \u00e9t\u00e9 bless\u00e9s dans des circonstances encore floues.<\/p>\n<p>L\u2019OIM affirmait mardi soir que \u00ab\u00a0des migrants sans d\u00e9fense auraient \u00e9t\u00e9 la cible de tirs aveugles\u00a0\u00bb et que \u00ab\u00a0plusieurs d\u2019entre eux ont \u00e9t\u00e9 s\u00e9rieusement bless\u00e9s\u00a0\u00bb.<\/p>\n<p>\u2013 Boucliers humains \u2013<\/p>\n<p>Mercredi, le HCR annon\u00e7ait l\u2019\u00e9vacuation de 325 personnes de ce centre, au lendemain de cas \u00ab\u00a0de violence arm\u00e9e contre des d\u00e9tenus qui protestaient contre leurs conditions de d\u00e9tention\u00a0\u00bb. \u00ab\u00a0Il n\u2019y a eu aucune blessure par balles\u00a0\u00bb, affirmait l\u2019organisme, \u00ab\u00a0mais douze r\u00e9fugi\u00e9s ont subi des attaques physiques qui ont n\u00e9cessit\u00e9 un traitement \u00e0 l\u2019h\u00f4pital\u00a0\u00bb.<\/p>\n<p><ins data-revive-zoneid=\"9\" data-revive-id=\"10111e19d28d19d031742ee3b0b33eb0\"\/> <\/p>\n<p>Mais vendredi, MSF a diffus\u00e9 une vid\u00e9o montrant des migrants bless\u00e9s par balles.<\/p>\n<p>\u00ab\u00a0Une analyse des preuves photographiques et vid\u00e9o par des m\u00e9decins de MSF montrent que les blessures visibles correspondent \u00e0 des blessures par balles\u00a0\u00bb, affirme l\u2019ONG dans un communiqu\u00e9. \u00ab\u00a0Ces observations sont appuy\u00e9es par de nombreux t\u00e9moignages de migrants et r\u00e9fugi\u00e9s t\u00e9moins de ces \u00e9v\u00e9nements et qui ont rapport\u00e9 avoir \u00e9t\u00e9 attaqu\u00e9s de mani\u00e8re brutale et indiscrimin\u00e9e avec des armes \u00e0 feu\u00a0\u00bb, ajoute-t-elle.<\/p>\n<p>L\u2019identit\u00e9 des assaillants est toujours inconnue. Amnesty International a demand\u00e9 une enqu\u00eate sur cette attaque.<\/p>\n<p>L\u2019int\u00e9gralit\u00e9 des migrants restants, soit 650 personnes, a \u00e9t\u00e9 \u00e9vacu\u00e9e jeudi soir vers Zawiya, \u00e0 l\u2019ouest de Tripoli, a annonc\u00e9 le HCR.<\/p>\n<p>D\u2019autres cas d\u2019abus ont \u00e9t\u00e9 recens\u00e9s par des ONG.<\/p>\n<p>Human Rights Watch (HRW) affirme avoir recueilli les t\u00e9moignages de deux d\u00e9tenus d\u2019un centre de d\u00e9tention \u00e0 Tajoura (banlieue est de Tripoli) disant que \u00ab\u00a0des hommes arm\u00e9s les ont forc\u00e9s \u00e0 r\u00e9parer des v\u00e9hicules militaires\u00a0\u00bb, \u00ab\u00a0charger, d\u00e9charger et nettoyer des armes\u00a0\u00bb. L\u2019un deux dit avoir \u00e9t\u00e9 emmen\u00e9 avec d\u2019autres \u00ab\u00a0dans une zone qui a connu de nombreux combats depuis le 4 avril\u00a0\u00bb.<\/p>\n<p>Un d\u00e9tenu d\u2019un autre centre, celui de Tarik al-Sikka (centre de Tripoli), a racont\u00e9 que \u00ab\u00a0des membres de milices ont stock\u00e9 des armes et des munitions, dont des lance-roquettes, grenades \u00e0 main et des balles \u00e0 proximit\u00e9 de l\u00e0 o\u00f9 des migrants sont log\u00e9s, et ont oblig\u00e9 les d\u00e9tenus \u00e0 les aider \u00e0 les d\u00e9placer\u00a0\u00bb, affirme HRW.<\/p>\n<p>Les ONG appellent les parties en conflit, les puissances \u00e9trang\u00e8res et les institutions internationales \u00e0 prot\u00e9ger les migrants, cibles vuln\u00e9rables aux abus ou potentiels boucliers humains.<\/p>\n<p>\u00ab\u00a0Les condamnations de la violence contre les migrants et les r\u00e9fugi\u00e9s n\u2019ont aucun sens si elles ne s\u2019accompagnent pas de l\u2019\u00e9vacuation imm\u00e9diate de ces milliers de personnes en lieu s\u00fbr\u00a0\u00bb, estime Karline Kleijer, la directrice des programmes d\u2019urgence de MSF, qui r\u00e9clame leur \u00ab\u00a0\u00e9vacuation imm\u00e9diate hors du pays\u00a0\u00bb.<\/p>\n<\/div>\n<p>Auteur: AFP<br \/>\n<a href=\"https:\/\/www.journalducameroun.com\/fr\/libye-la-situation-des-migrants-pris-au-milieu-des-combats-inquiete-les-humanitaires\/\">Cliquez ici pour lire l&rsquo;article depuis sa source.<\/a><\/p>\n","protected":false},"excerpt":{"rendered":"<p>Publi\u00e9 le 26.04.2019 \u00e0 20h50 par AFP Organisations humanitaires et institutions internationales s\u2019alarment de la situation de milliers de migrants en Libye, pris au pi\u00e8ge des combats qui font rage depuis trois semaines entre les forces loyales au Gouvernement d\u2019union nationale (GNA) et celles du mar\u00e9chal Haftar. Aucune donn\u00e9e officielle n\u2019est disponible sur le nombre [&hellip;]<\/p>\n","protected":false},"author":1965,"featured_media":0,"comment_status":"closed","ping_status":"closed","sticky":false,"template":"","format":"standard","meta":{"fifu_image_url":"","fifu_image_alt":"","footnotes":""},"categories":[73,82],"tags":[],"class_list":["post-30541","post","type-post","status-publish","format-standard","hentry","category-actualite","category-cameroun"],"_links":{"self":[{"href":"https:\/\/linitiative.ca\/International\/wp-json\/wp\/v2\/posts\/30541","targetHints":{"allow":["GET"]}}],"collection":[{"href":"https:\/\/linitiative.ca\/International\/wp-json\/wp\/v2\/posts"}],"about":[{"href":"https:\/\/linitiative.ca\/International\/wp-json\/wp\/v2\/types\/post"}],"author":[{"embeddable":true,"href":"https:\/\/linitiative.ca\/International\/wp-json\/wp\/v2\/users\/1965"}],"replies":[{"embeddable":true,"href":"https:\/\/linitiative.ca\/International\/wp-json\/wp\/v2\/comments?post=30541"}],"version-history":[{"count":0,"href":"https:\/\/linitiative.ca\/International\/wp-json\/wp\/v2\/posts\/30541\/revisions"}],"wp:attachment":[{"href":"https:\/\/linitiative.ca\/International\/wp-json\/wp\/v2\/media?parent=30541"}],"wp:term":[{"taxonomy":"category","embeddable":true,"href":"https:\/\/linitiative.ca\/International\/wp-json\/wp\/v2\/categories?post=30541"},{"taxonomy":"post_tag","embeddable":true,"href":"https:\/\/linitiative.ca\/International\/wp-json\/wp\/v2\/tags?post=30541"}],"curies":[{"name":"wp","href":"https:\/\/api.w.org\/{rel}","templated":true}]}}