{"id":30545,"date":"2019-04-26T16:50:04","date_gmt":"2019-04-26T20:50:04","guid":{"rendered":"https:\/\/linitiative.ca\/International\/libye-nouvelle-manifestation-contre-haftar-et-la-france-avec-des-gilets-jaunes-2\/"},"modified":"2019-04-26T16:50:04","modified_gmt":"2019-04-26T20:50:04","slug":"libye-nouvelle-manifestation-contre-haftar-et-la-france-avec-des-gilets-jaunes-2","status":"publish","type":"post","link":"https:\/\/linitiative.ca\/International\/libye-nouvelle-manifestation-contre-haftar-et-la-france-avec-des-gilets-jaunes-2\/","title":{"rendered":"Libye: nouvelle manifestation contre Haftar et la France avec des gilets jaunes"},"content":{"rendered":"<div readability=\"32\">\n<p>Publi\u00e9 le 26.04.2019 \u00e0 21h50 par AFP<\/p>\n<\/div>\n<div readability=\"101\">\n<p>Plusieurs milliers de Libyens, dont certains arborant un gilet jaune, ont de nouveau manifest\u00e9 vendredi sur la place principale de Tripoli pour d\u00e9noncer l\u2019offensive militaire du mar\u00e9chal Khalifa Haftar et la France qu\u2019ils accusent de le soutenir.<\/p>\n<p>Des rassemblements similaires, reprenant le v\u00eatement devenu le symbole d\u2019une contestation lanc\u00e9e en France depuis mi-novembre contre le gouvernement et le pr\u00e9sident fran\u00e7ais Emmanuel Macron, s\u2019\u00e9taient d\u00e9j\u00e0 tenues mardi et vendredi dernier sur l\u2019embl\u00e9matique place des Martyrs de la capitale libyenne.<\/p>\n<p>Munis de drapeaux libyens rouge-noir-vert et scandant \u00ab\u00a0Libye! Libye!\u00a0\u00bb, les partisans des forces loyales au Gouvernement d\u2019union nationale (GNA), reconnu par la communaut\u00e9 internationale, ont cri\u00e9 leur opposition au mar\u00e9chal Haftar qui a lanc\u00e9 le 4 avril une offensive sur Tripoli.<\/p>\n<p>Depuis cette date, les troupes de M. Haftar affrontent les forces pro-GNA au sud de la ville et les combats ont fait au moins 278 tu\u00e9s, 1.332 bless\u00e9s et 38.900 d\u00e9plac\u00e9s, selon l\u2019ONU.<\/p>\n<p>Les partisans du GNA accusent le mar\u00e9chal Haftar de vouloir instaurer une \u00ab\u00a0dictature militaire\u00a0\u00bb.<\/p>\n<p>Les manifestants ont brandi des portraits du mar\u00e9chal frapp\u00e9s de la mention \u00ab\u00a0Wanted\u00a0\u00bb (\u00ab\u00a0Recherch\u00e9\u00a0\u00bb en anglais) et ceux, barr\u00e9s d\u2019une croix rouge, du pr\u00e9sident \u00e9gyptien Abdel Fattah al-Sissi et du roi Salmane d\u2019Arabie Saoudite qui le soutiennent ouvertement.<\/p>\n<p>Ils ont \u00e9galement pi\u00e9tin\u00e9 et br\u00fbl\u00e9 un portrait d\u2019Emmanuel Macron, ainsi qu\u2019un drapeau fran\u00e7ais en papier, ont constat\u00e9 des journalistes de l\u2019AFP.<\/p>\n<p><ins data-revive-zoneid=\"9\" data-revive-id=\"10111e19d28d19d031742ee3b0b33eb0\"\/> <\/p>\n<p>\u00ab\u00a0Surpris par la conduite de la France face \u00e0 l\u2019attaque de Tripoli\u00a0\u00bb, ont dit certaines pancartes, \u00e9crites en fran\u00e7ais.<\/p>\n<p>Les manifestants accusent la France de cautionner, au moins tacitement, l\u2019offensive du mar\u00e9chal Haftar, ce que Paris d\u00e9ment.<\/p>\n<p>\u00ab\u00a0Je veux dire \u00e0 M. Macron de ne pas toucher \u00e0 la Libye et je demande \u00e0 nos amis en France, amoureux de la libert\u00e9, de nous aider. Macron soutient les milices, il soutient Haftar, et nos enfants meurent tous les jours\u00a0\u00bb, a affirm\u00e9 \u00e0 l\u2019AFP Jamal, un manifestant.<\/p>\n<p>\u00ab\u00a0Nous sommes les fils de Tripoli et ici, ce sont les fils de la Libye, venus pour envoyer un message: dire non \u00e0 un r\u00e9gime militaire, non \u00e0 l\u2019attaque de Haftar. Nous avons fait une r\u00e9volution (en 2011) pour avoir un gouvernement civil\u00a0\u00bb, a ajout\u00e9 Abou Omar.<\/p>\n<p>La Libye est plong\u00e9e dans le chaos depuis la chute en 2011 du r\u00e9gime de Mouammar Kadhafi.<\/p>\n<\/div>\n<p>Auteur: AFP<br \/>\n<a href=\"https:\/\/www.journalducameroun.com\/fr\/libye-nouvelle-manifestation-contre-haftar-et-la-france-avec-des-gilets-jaunes-2\/\">Cliquez ici pour lire l&rsquo;article depuis sa source.<\/a><\/p>\n","protected":false},"excerpt":{"rendered":"<p>Publi\u00e9 le 26.04.2019 \u00e0 21h50 par AFP Plusieurs milliers de Libyens, dont certains arborant un gilet jaune, ont de nouveau manifest\u00e9 vendredi sur la place principale de Tripoli pour d\u00e9noncer l\u2019offensive militaire du mar\u00e9chal Khalifa Haftar et la France qu\u2019ils accusent de le soutenir. Des rassemblements similaires, reprenant le v\u00eatement devenu le symbole d\u2019une contestation [&hellip;]<\/p>\n","protected":false},"author":1965,"featured_media":0,"comment_status":"closed","ping_status":"closed","sticky":false,"template":"","format":"standard","meta":{"fifu_image_url":"","fifu_image_alt":"","footnotes":""},"categories":[73,82],"tags":[],"class_list":["post-30545","post","type-post","status-publish","format-standard","hentry","category-actualite","category-cameroun"],"_links":{"self":[{"href":"https:\/\/linitiative.ca\/International\/wp-json\/wp\/v2\/posts\/30545","targetHints":{"allow":["GET"]}}],"collection":[{"href":"https:\/\/linitiative.ca\/International\/wp-json\/wp\/v2\/posts"}],"about":[{"href":"https:\/\/linitiative.ca\/International\/wp-json\/wp\/v2\/types\/post"}],"author":[{"embeddable":true,"href":"https:\/\/linitiative.ca\/International\/wp-json\/wp\/v2\/users\/1965"}],"replies":[{"embeddable":true,"href":"https:\/\/linitiative.ca\/International\/wp-json\/wp\/v2\/comments?post=30545"}],"version-history":[{"count":0,"href":"https:\/\/linitiative.ca\/International\/wp-json\/wp\/v2\/posts\/30545\/revisions"}],"wp:attachment":[{"href":"https:\/\/linitiative.ca\/International\/wp-json\/wp\/v2\/media?parent=30545"}],"wp:term":[{"taxonomy":"category","embeddable":true,"href":"https:\/\/linitiative.ca\/International\/wp-json\/wp\/v2\/categories?post=30545"},{"taxonomy":"post_tag","embeddable":true,"href":"https:\/\/linitiative.ca\/International\/wp-json\/wp\/v2\/tags?post=30545"}],"curies":[{"name":"wp","href":"https:\/\/api.w.org\/{rel}","templated":true}]}}