{"id":30567,"date":"2019-04-26T09:00:20","date_gmt":"2019-04-26T13:00:20","guid":{"rendered":"https:\/\/linitiative.ca\/International\/affaire-challenger-audit-firm-vers-une-nouvelle-inculpation-dessimi-menye\/"},"modified":"2019-04-26T09:00:20","modified_gmt":"2019-04-26T13:00:20","slug":"affaire-challenger-audit-firm-vers-une-nouvelle-inculpation-dessimi-menye","status":"publish","type":"post","link":"https:\/\/linitiative.ca\/International\/affaire-challenger-audit-firm-vers-une-nouvelle-inculpation-dessimi-menye\/","title":{"rendered":"Affaire Challenger Audit Firm: vers une nouvelle inculpation d\u2019Essimi Menye"},"content":{"rendered":"<div class=\"featured-area featured-area-inner\"><img loading=\"lazy\" decoding=\"async\" width=\"600\" height=\"400\" src=\"https:\/\/i0.wp.com\/ecomatin.net\/wp-content\/uploads\/2019\/04\/ecomatin.net-affaire-challenger-audit-firm-vers-une-nouvelle-inculpation-dessimi-menye-essimi-menye.jpg?resize=600%2C400&#038;ssl=1&#038;is-pending-load=1\" class=\"attachment-jannah-image-post size-jannah-image-post wp-post-image jetpack-lazy-image\" alt=\"\" data-attachment-id=\"7665\" data-permalink=\"https:\/\/ecomatin.net\/affaire-challenger-audit-firm-vers-une-nouvelle-inculpation-dessimi-menye\/essimi-menye\/\" data-orig-file=\"https:\/\/i0.wp.com\/ecomatin.net\/wp-content\/uploads\/2019\/04\/ecomatin.net-affaire-challenger-audit-firm-vers-une-nouvelle-inculpation-dessimi-menye-essimi-menye.jpg?fit=600%2C400&#038;ssl=1\" data-orig-size=\"600,400\" data-comments-opened=\"0\" data-image-meta=\"{\"aperture\":\"0\",\"credit\":\"\",\"camera\":\"\",\"caption\":\"\",\"created_timestamp\":\"0\",\"copyright\":\"\",\"focal_length\":\"0\",\"iso\":\"0\",\"shutter_speed\":\"0\",\"title\":\"\",\"orientation\":\"0\"}\" data-image-title=\"Essimi Menye\" data-image-description=\"\" data-medium-file=\"https:\/\/i0.wp.com\/ecomatin.net\/wp-content\/uploads\/2019\/04\/ecomatin.net-affaire-challenger-audit-firm-vers-une-nouvelle-inculpation-dessimi-menye-essimi-menye.jpg?fit=300%2C200&#038;ssl=1\" data-large-file=\"https:\/\/i0.wp.com\/ecomatin.net\/wp-content\/uploads\/2019\/04\/ecomatin.net-affaire-challenger-audit-firm-vers-une-nouvelle-inculpation-dessimi-menye-essimi-menye.jpg?fit=600%2C400&#038;ssl=1\" data-lazy-srcset=\"https:\/\/i0.wp.com\/ecomatin.net\/wp-content\/uploads\/2019\/04\/ecomatin.net-affaire-challenger-audit-firm-vers-une-nouvelle-inculpation-dessimi-menye-essimi-menye.jpg?w=600&#038;ssl=1 600w, https:\/\/i0.wp.com\/ecomatin.net\/wp-content\/uploads\/2019\/04\/ecomatin.net-affaire-challenger-audit-firm-vers-une-nouvelle-inculpation-dessimi-menye-essimi-menye.jpg?resize=300%2C200&#038;ssl=1 300w\" data-lazy-sizes=\"(max-width: 600px) 100vw, 600px\" srcset=\"data:image\/gif;base64,R0lGODlhAQABAIAAAAAAAP\/\/\/yH5BAEAAAAALAAAAAABAAEAAAIBRAA7\"\/><\/div>\n<div class=\"entry-content entry clearfix\" readability=\"59.134751773\">\n<p class=\"yiv0056285105ydpf7920a13yiv4690125755msonormal c3\"><span class=\"c2\">La t\u00eate d<strong>\u2019Essimi Menye<\/strong>\u00a0tombe de nouveau dans les affaires de\u00a0\u00a0d\u00e9tournement de fonds. Selon les m\u00e9dias locaux,\u00a0\u00a0ce 03 mai 2019, l\u2019ex-ministre des Finances (<strong>Minfi<\/strong>) devrait \u00eatre condamn\u00e9 pour une seconde fois devant le Tribunal criminel sp\u00e9cial (TCS) en raison d\u2019une complicit\u00e9 de transferts d\u2019argent ill\u00e9galement au cabinet\u00a0<strong>Challenger Audit Firm Corporation<\/strong>\u00a0\u00a0soci\u00e9t\u00e9 du d\u00e9funt comptable\u00a0<strong>Fran\u00e7ois Tchakui<\/strong>. La somme est \u00e9valu\u00e9e \u00e0\u00a0<strong>1,7 milliards FCFA<\/strong>.\u00a0\u00a0Le souhait a \u00e9t\u00e9 exprim\u00e9 par le minist\u00e8re public lorsqu\u2019il a pris ses r\u00e9quisitions finales dans l\u2019affaire dite \u00ab\u00a0<em>v\u00e9rification des cautions douani\u00e8res<\/em>\u00a0\u00bb.<\/span><\/p>\n<blockquote readability=\"10\">\n<p>C\u2019est en ex\u00e9cution de ce contrat de convention que l\u2019expert-comptable de Fran\u00e7ois Tchakui (d\u00e9c\u00e9d\u00e9) avait re\u00e7u la mission de v\u00e9rifier, aupr\u00e8s de\u00a0<strong>13 banques commerciales<\/strong>\u00a0\u00a0install\u00e9es au Cameroun, l\u2019effectivit\u00e9 du reversement des cautions douani\u00e8res \u00e9mises par ces banques au tr\u00e9sor public. L\u2019audit avait mis en lumi\u00e8re un vaste scandale financier. Mais les fonds vers\u00e9s \u00e0 l\u2019auteur sont estim\u00e9s frauduleux.<\/p>\n<\/blockquote>\n<p class=\"yiv0056285105ydpf7920a13yiv4690125755msonormal c4\"><span class=\"c2\">Dans les d\u00e9tails, le lien entre Essimi Menye et le cabinet Challenger Audit Firm Corporation\u00a0\u00a0remonte au 28 juillet 2008. Ils avaient\u00a0\u00a0sign\u00e9 une convention portant sur la r\u00e9alisation des\u00a0<em>\u00ab\u00a0travaux confidentiels et sp\u00e9ciaux<\/em>\u00a0\u00bb visant la r\u00e9duction de la d\u00e9pense publique et l\u2019am\u00e9lioration des recettes de l\u2019Etat.\u00a0C\u2019est en ex\u00e9cution de ce contrat de convention que l\u2019expert-comptable de Fran\u00e7ois Tchakui (d\u00e9c\u00e9d\u00e9) avait re\u00e7u la mission de v\u00e9rifier, aupr\u00e8s de\u00a0<strong>13 banques commerciales<\/strong>\u00a0\u00a0install\u00e9es au Cameroun, l\u2019effectivit\u00e9 du reversement des cautions douani\u00e8res \u00e9mises par ces banques au tr\u00e9sor public. L\u2019audit avait mis en lumi\u00e8re un vaste scandale financier. Mais les fonds vers\u00e9s \u00e0 l\u2019auteur sont estim\u00e9s frauduleux.<\/span><\/p>\n<p class=\"yiv0056285105ydpf7920a13yiv4690125755msonormal c4\"><span class=\"c2\">Pour appel, le 28 mars 2019, l\u2019ex-Minfi a\u00a0\u00a0\u00e9t\u00e9 condamn\u00e9 \u00e0 vie pour un d\u00e9tournement de la somme de\u00a0<strong>2,7 milliards FCFA<\/strong>\u00a0en coaction avec le cabinet Challenger Corporation dans le cadre de l\u2019audit effectu\u00e9 sur les activit\u00e9s de l\u2019entreprise suisse\u00a0<strong>Soci\u00e9t\u00e9 G\u00e9n\u00e9rale de Surveillance (SGS).<\/strong>\u00a0Ils ont \u00e9t\u00e9 inculp\u00e9s \u00e0 payer \u00e0 l\u2019\u00c9tat camerounais la somme de\u00a0<strong>2,5 milliards de FCFA\u00a0<\/strong>au titre de dommages et int\u00e9r\u00eats. Ils devront en outre supporter les frais de justice \u00e9valu\u00e9s \u00e0 20 millions de FCFA. L\u2019ancien ministre ne s\u2019est jamais d\u00e9fendu devant le TCS, ayant d\u00e9finitivement quitt\u00e9 le territoire camerounais en 2015 pour probl\u00e8me de sant\u00e9, peu de temps apr\u00e8s sa sortie du gouvernement. Fran\u00e7ois Tchakwi son co-accus\u00e9 a rendu l\u2019\u00e2me le 17 janvier 2019 lors d\u2019une audience devant les juges. La justice l\u2019a bl\u00e2m\u00e9 d\u2019avoir contribution au d\u00e9tournement de biens publics en complicit\u00e9 avec l\u2019ancien haut commis d\u2019\u00c9tat en exil aux USA. Des faits qui remontent \u00e0 2008-2012.<\/span><\/p>\n<div class=\"about-author about-author-box container-wrapper\">\n<div class=\"author-avatar\">\n<p><img decoding=\"async\" src=\"http:\/\/\" alt=\"\"\/><\/p>\n<\/div>\n<p><h4>La R\u00e9daction EcoMatin<\/h4>\n<\/p>\n<\/div>\n<div class=\"awac-wrapper awac widget blog_subscription-2\">\n<h4 class=\"widget-title\">Abonnez-vous \u00e0 notre lettre d&rsquo;information<\/h4>\n<\/div>\n<\/div>\n<div class=\"toggle-post-content clearfix\"><a id=\"toggle-post-button\" class=\"button\" href=\"#\">Afficher plus <\/a><\/div>\n<p>Auteur: EcoMatin<br \/>\n<a href=\"https:\/\/ecomatin.net\/affaire-challenger-audit-firm-vers-une-nouvelle-inculpation-dessimi-menye\/\">Cliquez ici pour lire l&rsquo;article depuis sa source.<\/a><\/p>\n","protected":false},"excerpt":{"rendered":"<p>La t\u00eate d\u2019Essimi Menye\u00a0tombe de nouveau dans les affaires de\u00a0\u00a0d\u00e9tournement de fonds. Selon les m\u00e9dias locaux,\u00a0\u00a0ce 03 mai 2019, l\u2019ex-ministre des Finances (Minfi) devrait \u00eatre condamn\u00e9 pour une seconde fois devant le Tribunal criminel sp\u00e9cial (TCS) en raison d\u2019une complicit\u00e9 de transferts d\u2019argent ill\u00e9galement au cabinet\u00a0Challenger Audit Firm Corporation\u00a0\u00a0soci\u00e9t\u00e9 du d\u00e9funt comptable\u00a0Fran\u00e7ois Tchakui. La somme [&hellip;]<\/p>\n","protected":false},"author":1969,"featured_media":0,"comment_status":"closed","ping_status":"closed","sticky":false,"template":"","format":"standard","meta":{"fifu_image_url":"","fifu_image_alt":"","footnotes":""},"categories":[82,78],"tags":[],"class_list":["post-30567","post","type-post","status-publish","format-standard","hentry","category-cameroun","category-economie"],"_links":{"self":[{"href":"https:\/\/linitiative.ca\/International\/wp-json\/wp\/v2\/posts\/30567","targetHints":{"allow":["GET"]}}],"collection":[{"href":"https:\/\/linitiative.ca\/International\/wp-json\/wp\/v2\/posts"}],"about":[{"href":"https:\/\/linitiative.ca\/International\/wp-json\/wp\/v2\/types\/post"}],"author":[{"embeddable":true,"href":"https:\/\/linitiative.ca\/International\/wp-json\/wp\/v2\/users\/1969"}],"replies":[{"embeddable":true,"href":"https:\/\/linitiative.ca\/International\/wp-json\/wp\/v2\/comments?post=30567"}],"version-history":[{"count":0,"href":"https:\/\/linitiative.ca\/International\/wp-json\/wp\/v2\/posts\/30567\/revisions"}],"wp:attachment":[{"href":"https:\/\/linitiative.ca\/International\/wp-json\/wp\/v2\/media?parent=30567"}],"wp:term":[{"taxonomy":"category","embeddable":true,"href":"https:\/\/linitiative.ca\/International\/wp-json\/wp\/v2\/categories?post=30567"},{"taxonomy":"post_tag","embeddable":true,"href":"https:\/\/linitiative.ca\/International\/wp-json\/wp\/v2\/tags?post=30567"}],"curies":[{"name":"wp","href":"https:\/\/api.w.org\/{rel}","templated":true}]}}