{"id":30568,"date":"2019-04-27T04:00:30","date_gmt":"2019-04-27T08:00:30","guid":{"rendered":"https:\/\/linitiative.ca\/International\/aerien-essaouira-reliee-a-londres-stansted-a-partir-du-29-octobre-prochain\/"},"modified":"2019-04-27T04:00:30","modified_gmt":"2019-04-27T08:00:30","slug":"aerien-essaouira-reliee-a-londres-stansted-a-partir-du-29-octobre-prochain","status":"publish","type":"post","link":"https:\/\/linitiative.ca\/International\/aerien-essaouira-reliee-a-londres-stansted-a-partir-du-29-octobre-prochain\/","title":{"rendered":"A\u00e9rien : Essaouira reli\u00e9e \u00e0 Londres-Stansted \u00e0 partir du 29 octobre prochain"},"content":{"rendered":"<header>\n<\/header>\n<div class=\"entry-content clearfix\" readability=\"60\"><img decoding=\"async\" class=\"post_layout_5_img\" src=\"http:\/\/aujourdhui.ma\/wp-content\/uploads\/2019\/04\/Ryanair.jpg?x29840\" alt=\"A\u00e9rien : Essaouira reli\u00e9e \u00e0 Londres-Stansted \u00e0 partir du 29 octobre prochain\"\/><\/p>\n<p class=\"p1\"><span class=\"c4\"><strong><span class=\"s1\">La compagnie a\u00e9rienne irlandaise low-cost \u00abRyanair\u00bb proc\u00e9dera \u00e0 partir du 29 octobre prochain \u00e0 l\u2019inauguration officielle de la desserte a\u00e9rienne reliant Londres-Stansted \u00e0 la ville d\u2019Essaouira.<\/span><\/strong><\/span><span id=\"more-310011\"\/><\/p>\n<p class=\"p1\"><span class=\"s1\">Cette liaison a\u00e9rienne s\u2019effectuera \u00e0 travers deux vols hebdomadaires directs reliant les deux villes, chaque mardi et samedi, indique un communiqu\u00e9 du Conseil provincial du tourisme d\u2019Essaouira (CPTE). <em>\u00abFruit d\u2019un long effort de plusieurs partenaires, dont l\u2019Office national marocain du tourisme (ONMT), cette nouvelle ligne a\u00e9rienne aura, sans nul doute, un impact positif sur le secteur touristique dans la cit\u00e9 des aliz\u00e9s\u00bb,<\/em> lit-on dans le communiqu\u00e9.<\/span><\/p>\n<p class=\"p1\"><span class=\"s1\"><em>\u00abLes op\u00e9rateurs touristiques de la cit\u00e9 des aliz\u00e9s se f\u00e9licitent de cette initiative qui s\u2019inscrit dans le cadre de la d\u00e9marche de l\u2019ONMT visant le d\u00e9senclavement a\u00e9rien de la ville\u00bb<\/em>, note le CPTE, estimant que cette desserte a\u00e9rienne permettra ainsi \u00e0 la ville d\u2019Essaouira de rester connect\u00e9e \u00e0 un march\u00e9 touristique \u00e0 fort potentiel.<\/span><\/p>\n<p class=\"p1\"><span class=\"s1\">A noter que dans le cadre des efforts visant \u00e0 renforcer la connectivit\u00e9 a\u00e9rienne de la cit\u00e9 des aliz\u00e9s, une nouvelle ligne a\u00e9rienne \u00abBruxelles Zaventem-Essaouira sera \u00e9galement lanc\u00e9e le 28 octobre prochain par la m\u00eame compagnie. Une fois inaugur\u00e9e officiellement, cette ligne a\u00e9rienne sera assur\u00e9e via deux vols hebdomadaires directs (mardi et samedi).<\/span><\/p>\n<\/div>\n<p>Auteur: ALM<br \/>\n<a href=\"http:\/\/aujourdhui.ma\/economie\/aerien-essaouira-reliee-a-londres-stansted-a-partir-du-29-octobre-prochain\">Cliquez ici pour lire l&rsquo;article depuis sa source.<\/a><\/p>\n","protected":false},"excerpt":{"rendered":"<p>La compagnie a\u00e9rienne irlandaise low-cost \u00abRyanair\u00bb proc\u00e9dera \u00e0 partir du 29 octobre prochain \u00e0 l\u2019inauguration officielle de la desserte a\u00e9rienne reliant Londres-Stansted \u00e0 la ville d\u2019Essaouira. Cette liaison a\u00e9rienne s\u2019effectuera \u00e0 travers deux vols hebdomadaires directs reliant les deux villes, chaque mardi et samedi, indique un communiqu\u00e9 du Conseil provincial du tourisme d\u2019Essaouira (CPTE). \u00abFruit [&hellip;]<\/p>\n","protected":false},"author":1759,"featured_media":0,"comment_status":"closed","ping_status":"closed","sticky":false,"template":"","format":"standard","meta":{"fifu_image_url":"","fifu_image_alt":"","footnotes":""},"categories":[73,54],"tags":[],"class_list":["post-30568","post","type-post","status-publish","format-standard","hentry","category-actualite","category-maroc"],"_links":{"self":[{"href":"https:\/\/linitiative.ca\/International\/wp-json\/wp\/v2\/posts\/30568","targetHints":{"allow":["GET"]}}],"collection":[{"href":"https:\/\/linitiative.ca\/International\/wp-json\/wp\/v2\/posts"}],"about":[{"href":"https:\/\/linitiative.ca\/International\/wp-json\/wp\/v2\/types\/post"}],"author":[{"embeddable":true,"href":"https:\/\/linitiative.ca\/International\/wp-json\/wp\/v2\/users\/1759"}],"replies":[{"embeddable":true,"href":"https:\/\/linitiative.ca\/International\/wp-json\/wp\/v2\/comments?post=30568"}],"version-history":[{"count":0,"href":"https:\/\/linitiative.ca\/International\/wp-json\/wp\/v2\/posts\/30568\/revisions"}],"wp:attachment":[{"href":"https:\/\/linitiative.ca\/International\/wp-json\/wp\/v2\/media?parent=30568"}],"wp:term":[{"taxonomy":"category","embeddable":true,"href":"https:\/\/linitiative.ca\/International\/wp-json\/wp\/v2\/categories?post=30568"},{"taxonomy":"post_tag","embeddable":true,"href":"https:\/\/linitiative.ca\/International\/wp-json\/wp\/v2\/tags?post=30568"}],"curies":[{"name":"wp","href":"https:\/\/api.w.org\/{rel}","templated":true}]}}