{"id":30569,"date":"2019-04-27T04:02:38","date_gmt":"2019-04-27T08:02:38","guid":{"rendered":"https:\/\/linitiative.ca\/International\/le-collectif-des-medecins-cliniciens-prives-monte-au-creneau\/"},"modified":"2019-04-27T04:02:38","modified_gmt":"2019-04-27T08:02:38","slug":"le-collectif-des-medecins-cliniciens-prives-monte-au-creneau","status":"publish","type":"post","link":"https:\/\/linitiative.ca\/International\/le-collectif-des-medecins-cliniciens-prives-monte-au-creneau\/","title":{"rendered":"Le collectif des m\u00e9decins cliniciens priv\u00e9s monte au cr\u00e9neau"},"content":{"rendered":"<p><img decoding=\"async\" class=\"post_layout_5_img\" src=\"http:\/\/aujourdhui.ma\/wp-content\/uploads\/2019\/04\/medecin-conseil.jpg?x29840\" alt=\"Le collectif des m\u00e9decins cliniciens priv\u00e9s monte au cr\u00e9neau\"\/><\/p>\n<p class=\"p1\"><span class=\"s1\"><span class=\"c4\"><strong>Au moment o\u00f9 des m\u00e9decins s\u2019enrichissent ind\u00fbment, d\u2019autres triment pour gagner leur vie. C\u2019est le cas de certains m\u00e9decins cliniciens priv\u00e9s regroup\u00e9s r\u00e9cemment dans un collectif.<\/strong><\/span><\/span> <span id=\"more-310064\"\/><\/p>\n<p class=\"p1\"><span class=\"s1\">Mais qu\u2019est-ce qu\u2019un m\u00e9decin clinicien d\u2019abord ? C\u2019est, comme le d\u00e9finit cette structure, celui qui ne consulte que tr\u00e8s exceptionnellement dans une clinique et exerce dans son cabinet dont il assume, seul, les frais et la responsabilit\u00e9 m\u00e9dicale.<\/span><\/p>\n<p class=\"p1\"><span class=\"s1\">En se regroupant en collectif, cette cat\u00e9gorie de m\u00e9decins veut, selon ses dires, \u00e9clairer l\u2019opinion publique sur les r\u00e9alit\u00e9s de ce secteur et reconsolider la relation de confiance m\u00e9decin-patient. <em>\u00abC\u2019est pour ne plus faire d\u2019amalgame entre les m\u00e9decins qui nuisent \u00e0 notre image\u00bb,<\/em> pr\u00e9cise le collectif qui, selon ses dires, r\u00e9unit des m\u00e9decins int\u00e8gres qui ne se sentent absolument pas concern\u00e9s par la pol\u00e9mique qui entoure d\u2019autres.<\/span><\/p>\n<p class=\"p1\"><span class=\"s1\">Pour argumenter sa position, cette structure fait le diagnostic de la situation des m\u00e9decins priv\u00e9s et \u00e9tablit une comparaison avec la m\u00e9decine publique. Le tout en remontant le temps. \u00ab<em>Depuis 2001, des m\u00e9decins de la sant\u00e9 publique, sans autorisations, consultent dans le secteur priv\u00e9, au d\u00e9triment des patients d\u00e9sirant \u00eatre soign\u00e9s \u00e0 l\u2019h\u00f4pital et des \u00e9tudiants en formation. Ceci sans d\u00e9duction de leurs salaires de fonctionnaires et en gardant tous les avantages et toute la s\u00e9curit\u00e9 de leur fonction. Les patients abandonn\u00e9s se r\u00e9signent \u00e0 attendre des mois leur rendez-vous, souvent dans un \u00e9tat de sant\u00e9 tr\u00e8s pr\u00e9caire et venant de villes lointaines\u00bb,<\/em> d\u00e9taille le collectif.<\/span><\/p>\n<p class=\"p1\"><span class=\"s1\">Pire encore, cette intrusion ill\u00e9gale dans le secteur priv\u00e9 a, selon ce collectif, d\u2019autres cons\u00e9quences que de porter pr\u00e9judice aux patients et aux \u00e9tudiants. Elle cr\u00e9e, comme le pr\u00e9cise cette structure, une confusion aupr\u00e8s des patients du moment que certains m\u00e9decins salari\u00e9s de la sant\u00e9 publique se servent de l\u2019h\u00f4pital pour recruter leurs patients, leur donnent des rendez-vous bien plus rapides quand il s\u2019agit de les voir en clinique et, surtout, n\u2019ont pas de dossiers complets de leurs patients, puisqu\u2019aucun secr\u00e9tariat ni logistique n\u2019est pr\u00e9vu \u00e0 cet effet.<\/span><\/p>\n<p class=\"p1\"><span class=\"s1\">La structure, qui s\u2019exprime \u00e9galement sur le b\u00e9n\u00e9fice mensuel net d\u2019un cabinet m\u00e9dical qui est de 10.000 DH, propose m\u00eame une solution. <em>\u00abDu c\u00f4t\u00e9 du secteur lib\u00e9ral, une bonne partie des m\u00e9decins aimerait \u00eatre salari\u00e9e pour garantir un revenu d\u00e9cent, r\u00e9duire son stress, les lourdes charges et la responsabilit\u00e9 morale de son mode d\u2019exercice. Pour combler les manques de l\u2019h\u00f4pital, ce serait probablement une solution \u00e0 envisager si l\u2019Etat n\u2019arrive pas \u00e0 r\u00e9cup\u00e9rer ses fonctionnaires\u00bb,<\/em> exalte le collectif.<\/span><\/p>\n<p>Auteur: ALM<br \/>\n<a href=\"http:\/\/aujourdhui.ma\/societe\/le-collectif-des-medecins-cliniciens-prives-monte-au-creneau\">Cliquez ici pour lire l&rsquo;article depuis sa source.<\/a><\/p>\n","protected":false},"excerpt":{"rendered":"<p>Au moment o\u00f9 des m\u00e9decins s\u2019enrichissent ind\u00fbment, d\u2019autres triment pour gagner leur vie. C\u2019est le cas de certains m\u00e9decins cliniciens priv\u00e9s regroup\u00e9s r\u00e9cemment dans un collectif. Mais qu\u2019est-ce qu\u2019un m\u00e9decin clinicien d\u2019abord ? C\u2019est, comme le d\u00e9finit cette structure, celui qui ne consulte que tr\u00e8s exceptionnellement dans une clinique et exerce dans son cabinet dont [&hellip;]<\/p>\n","protected":false},"author":1759,"featured_media":0,"comment_status":"closed","ping_status":"closed","sticky":false,"template":"","format":"standard","meta":{"fifu_image_url":"","fifu_image_alt":"","footnotes":""},"categories":[73,54],"tags":[],"class_list":["post-30569","post","type-post","status-publish","format-standard","hentry","category-actualite","category-maroc"],"_links":{"self":[{"href":"https:\/\/linitiative.ca\/International\/wp-json\/wp\/v2\/posts\/30569","targetHints":{"allow":["GET"]}}],"collection":[{"href":"https:\/\/linitiative.ca\/International\/wp-json\/wp\/v2\/posts"}],"about":[{"href":"https:\/\/linitiative.ca\/International\/wp-json\/wp\/v2\/types\/post"}],"author":[{"embeddable":true,"href":"https:\/\/linitiative.ca\/International\/wp-json\/wp\/v2\/users\/1759"}],"replies":[{"embeddable":true,"href":"https:\/\/linitiative.ca\/International\/wp-json\/wp\/v2\/comments?post=30569"}],"version-history":[{"count":0,"href":"https:\/\/linitiative.ca\/International\/wp-json\/wp\/v2\/posts\/30569\/revisions"}],"wp:attachment":[{"href":"https:\/\/linitiative.ca\/International\/wp-json\/wp\/v2\/media?parent=30569"}],"wp:term":[{"taxonomy":"category","embeddable":true,"href":"https:\/\/linitiative.ca\/International\/wp-json\/wp\/v2\/categories?post=30569"},{"taxonomy":"post_tag","embeddable":true,"href":"https:\/\/linitiative.ca\/International\/wp-json\/wp\/v2\/tags?post=30569"}],"curies":[{"name":"wp","href":"https:\/\/api.w.org\/{rel}","templated":true}]}}