{"id":30570,"date":"2019-04-27T04:03:50","date_gmt":"2019-04-27T08:03:50","guid":{"rendered":"https:\/\/linitiative.ca\/International\/les-experts-comptables-en-conclave-a-marrakech\/"},"modified":"2019-04-27T04:03:50","modified_gmt":"2019-04-27T08:03:50","slug":"les-experts-comptables-en-conclave-a-marrakech","status":"publish","type":"post","link":"https:\/\/linitiative.ca\/International\/les-experts-comptables-en-conclave-a-marrakech\/","title":{"rendered":"Les experts-comptables en conclave  \u00e0 Marrakech"},"content":{"rendered":"<header>\n<\/header>\n<div class=\"entry-content clearfix\" readability=\"41\"><img decoding=\"async\" class=\"post_layout_5_img\" src=\"http:\/\/aujourdhui.ma\/wp-content\/uploads\/2017\/06\/comptable-Finance.jpg?x29840\" alt=\"Les experts-comptables en conclave \u00e0 Marrakech\"\/><\/p>\n<p class=\"p1\"><span class=\"c4\"><strong>Les pr\u00e9paratifs vont bon train pour le congr\u00e8s ACOA 2019 pr\u00e9vu \u00e0 Marrakech du 19 au 21 juin prochain.<\/strong><\/span><span id=\"more-310039\"\/><\/p>\n<p class=\"p1\">L\u2019ordre des experts-comptables a organis\u00e9 \u00e0 ce propos une conf\u00e9rence de presse pour annoncer les grandes lignes de cette manifestation. La 5\u00e8me \u00e9dition de juin 2019 traitera donc de la relation entre le monde comptable et la performance du secteur public.<\/p>\n<p class=\"p1\">L\u2019objectif \u00e9tant de mettre en exergue l\u2019impact des m\u00e9tiers de la comptabilit\u00e9 et de l\u2019audit sur les performances du secteur public en termes d\u2019efficacit\u00e9 \u00e9conomique pour construire un pont orient\u00e9 vers l\u2019avenir d\u2019une Afrique radieuse.<\/p>\n<\/div>\n<p>Auteur: ALM<br \/>\n<a href=\"http:\/\/aujourdhui.ma\/economie\/les-experts-comptables-en-conclave-a-marrakech\">Cliquez ici pour lire l&rsquo;article depuis sa source.<\/a><\/p>\n","protected":false},"excerpt":{"rendered":"<p>Les pr\u00e9paratifs vont bon train pour le congr\u00e8s ACOA 2019 pr\u00e9vu \u00e0 Marrakech du 19 au 21 juin prochain. L\u2019ordre des experts-comptables a organis\u00e9 \u00e0 ce propos une conf\u00e9rence de presse pour annoncer les grandes lignes de cette manifestation. La 5\u00e8me \u00e9dition de juin 2019 traitera donc de la relation entre le monde comptable et [&hellip;]<\/p>\n","protected":false},"author":1759,"featured_media":0,"comment_status":"closed","ping_status":"closed","sticky":false,"template":"","format":"standard","meta":{"fifu_image_url":"","fifu_image_alt":"","footnotes":""},"categories":[73,54],"tags":[],"class_list":["post-30570","post","type-post","status-publish","format-standard","hentry","category-actualite","category-maroc"],"_links":{"self":[{"href":"https:\/\/linitiative.ca\/International\/wp-json\/wp\/v2\/posts\/30570","targetHints":{"allow":["GET"]}}],"collection":[{"href":"https:\/\/linitiative.ca\/International\/wp-json\/wp\/v2\/posts"}],"about":[{"href":"https:\/\/linitiative.ca\/International\/wp-json\/wp\/v2\/types\/post"}],"author":[{"embeddable":true,"href":"https:\/\/linitiative.ca\/International\/wp-json\/wp\/v2\/users\/1759"}],"replies":[{"embeddable":true,"href":"https:\/\/linitiative.ca\/International\/wp-json\/wp\/v2\/comments?post=30570"}],"version-history":[{"count":0,"href":"https:\/\/linitiative.ca\/International\/wp-json\/wp\/v2\/posts\/30570\/revisions"}],"wp:attachment":[{"href":"https:\/\/linitiative.ca\/International\/wp-json\/wp\/v2\/media?parent=30570"}],"wp:term":[{"taxonomy":"category","embeddable":true,"href":"https:\/\/linitiative.ca\/International\/wp-json\/wp\/v2\/categories?post=30570"},{"taxonomy":"post_tag","embeddable":true,"href":"https:\/\/linitiative.ca\/International\/wp-json\/wp\/v2\/tags?post=30570"}],"curies":[{"name":"wp","href":"https:\/\/api.w.org\/{rel}","templated":true}]}}