{"id":30571,"date":"2019-04-27T04:04:59","date_gmt":"2019-04-27T08:04:59","guid":{"rendered":"https:\/\/linitiative.ca\/International\/concours-le-meilleur-orateur-a-linstitut-francais-de-fes\/"},"modified":"2019-04-27T04:04:59","modified_gmt":"2019-04-27T08:04:59","slug":"concours-le-meilleur-orateur-a-linstitut-francais-de-fes","status":"publish","type":"post","link":"https:\/\/linitiative.ca\/International\/concours-le-meilleur-orateur-a-linstitut-francais-de-fes\/","title":{"rendered":"Concours \u00abLe Meilleur Orateur\u00bb  \u00e0 l\u2019Institut fran\u00e7ais de F\u00e8s"},"content":{"rendered":"<header>\n<\/header>\n<div class=\"entry-content clearfix\" readability=\"43\"><img decoding=\"async\" class=\"post_layout_5_img\" src=\"http:\/\/aujourdhui.ma\/wp-content\/uploads\/2019\/04\/Institut-franc%CC%A7ais-de-Fe%CC%80s-Concours-Le-Meilleur-Orateur.jpg?x29840\" alt=\"Concours \u00abLe Meilleur Orateur\u00bb \u00e0 l\u2019Institut fran\u00e7ais de F\u00e8s\"\/><\/p>\n<p class=\"p1\"><span class=\"s1\"><span class=\"c4\"><strong>L\u2019Institut fran\u00e7ais de F\u00e8s organise pour la 4\u00e8me ann\u00e9e cons\u00e9cutive le concours \u00abLe Meilleur Orateur\u00bb en partenariat avec l\u2019Aref F\u00e8s-Mekn\u00e8s et Air Arabia.<\/strong><\/span><\/span><span id=\"more-309997\"\/><\/p>\n<p class=\"p1\"><span class=\"s1\">Ce concours interscolaire est destin\u00e9 aux classes du tronc commun des sections internationales du baccalaur\u00e9at marocain et vise \u00e0 d\u00e9velopper les comp\u00e9tences orales des lyc\u00e9ens. L\u2019\u00e9dition 2019 a rassembl\u00e9 plus de 120 \u00e9l\u00e8ves des diff\u00e9rents \u00e9tablissements de la ville de F\u00e8s, ces derniers ont particip\u00e9 \u00e0 plusieurs pr\u00e9s\u00e9lections de janvier \u00e0 mars et seuls 10 candidats ont atteint la phase finale.<\/span><\/p>\n<p class=\"p1\"><span class=\"s1\">La finale \u00ab Meilleur Orateur 2019 \u00bb aura lieu le dimanche 28 avril de 14h30 \u00e0 18h, dans les locaux de la grande salle Moulay Slimane de l\u2019AREF F\u00e8s-Mekn\u00e8s.<\/span><\/p>\n<\/div>\n<p>Auteur: ALM<br \/>\n<a href=\"http:\/\/aujourdhui.ma\/culture\/concours-le-meilleur-orateur-a-linstitut-francais-de-fes\">Cliquez ici pour lire l&rsquo;article depuis sa source.<\/a><\/p>\n","protected":false},"excerpt":{"rendered":"<p>L\u2019Institut fran\u00e7ais de F\u00e8s organise pour la 4\u00e8me ann\u00e9e cons\u00e9cutive le concours \u00abLe Meilleur Orateur\u00bb en partenariat avec l\u2019Aref F\u00e8s-Mekn\u00e8s et Air Arabia. Ce concours interscolaire est destin\u00e9 aux classes du tronc commun des sections internationales du baccalaur\u00e9at marocain et vise \u00e0 d\u00e9velopper les comp\u00e9tences orales des lyc\u00e9ens. L\u2019\u00e9dition 2019 a rassembl\u00e9 plus de 120 [&hellip;]<\/p>\n","protected":false},"author":1759,"featured_media":0,"comment_status":"closed","ping_status":"closed","sticky":false,"template":"","format":"standard","meta":{"fifu_image_url":"","fifu_image_alt":"","footnotes":""},"categories":[73,54],"tags":[],"class_list":["post-30571","post","type-post","status-publish","format-standard","hentry","category-actualite","category-maroc"],"_links":{"self":[{"href":"https:\/\/linitiative.ca\/International\/wp-json\/wp\/v2\/posts\/30571","targetHints":{"allow":["GET"]}}],"collection":[{"href":"https:\/\/linitiative.ca\/International\/wp-json\/wp\/v2\/posts"}],"about":[{"href":"https:\/\/linitiative.ca\/International\/wp-json\/wp\/v2\/types\/post"}],"author":[{"embeddable":true,"href":"https:\/\/linitiative.ca\/International\/wp-json\/wp\/v2\/users\/1759"}],"replies":[{"embeddable":true,"href":"https:\/\/linitiative.ca\/International\/wp-json\/wp\/v2\/comments?post=30571"}],"version-history":[{"count":0,"href":"https:\/\/linitiative.ca\/International\/wp-json\/wp\/v2\/posts\/30571\/revisions"}],"wp:attachment":[{"href":"https:\/\/linitiative.ca\/International\/wp-json\/wp\/v2\/media?parent=30571"}],"wp:term":[{"taxonomy":"category","embeddable":true,"href":"https:\/\/linitiative.ca\/International\/wp-json\/wp\/v2\/categories?post=30571"},{"taxonomy":"post_tag","embeddable":true,"href":"https:\/\/linitiative.ca\/International\/wp-json\/wp\/v2\/tags?post=30571"}],"curies":[{"name":"wp","href":"https:\/\/api.w.org\/{rel}","templated":true}]}}