{"id":30572,"date":"2019-04-27T04:06:08","date_gmt":"2019-04-27T08:06:08","guid":{"rendered":"https:\/\/linitiative.ca\/International\/lors-de-la-presentation-de-son-ouvrage-lumieres-marocaines-fouad-laroui-appelle-les-jeunes-a-se-former-en-art\/"},"modified":"2019-04-27T04:06:08","modified_gmt":"2019-04-27T08:06:08","slug":"lors-de-la-presentation-de-son-ouvrage-lumieres-marocaines-fouad-laroui-appelle-les-jeunes-a-se-former-en-art","status":"publish","type":"post","link":"https:\/\/linitiative.ca\/International\/lors-de-la-presentation-de-son-ouvrage-lumieres-marocaines-fouad-laroui-appelle-les-jeunes-a-se-former-en-art\/","title":{"rendered":"Lors de la pr\u00e9sentation de son ouvrage \u00abLumi\u00e8res marocaines\u00bb : Fouad Laroui appelle les jeunes  \u00e0 se former en art"},"content":{"rendered":"<p><img decoding=\"async\" class=\"post_layout_5_img\" src=\"http:\/\/aujourdhui.ma\/wp-content\/uploads\/2019\/04\/Fouad-Laroui-ouvrage-Lumie%CC%80res-marocaines.jpg?x29840\" alt=\"Lors de la pr\u00e9sentation de son ouvrage \u00abLumi\u00e8res marocaines\u00bb : Fouad Laroui appelle les jeunes \u00e0 se former en art\"\/><\/p>\n<p class=\"p1\"><span class=\"c4\"><strong><span class=\"s1\"><em>\u00abLumi\u00e8res marocaines\u00bb offre un tour d\u2019horizon de la cr\u00e9ation contemporaine marocaine \u00e0 travers le travail et les \u0153uvres de 60 cr\u00e9ateurs. Hommes, femmes, photographes, peintres, sculpteurs, plasticiens, tous composent une vision d\u2019aujourd\u2019hui dans toute\u00a0<\/em><\/span><span class=\"s1\"><em>sa diversit\u00e9.<\/em><\/span><\/strong><\/span><span id=\"more-310077\"\/><\/p>\n<p class=\"p1\"><span class=\"s1\"><em><a href=\"http:\/\/aujourdhui.ma\/wp-content\/uploads\/2019\/04\/Fouad-Laroui-ouvrage-Lumie%CC%80res-marocaines-1.jpg?x29840\"><img loading=\"lazy\" decoding=\"async\" class=\"size-full wp-image-310079 alignleft\" src=\"http:\/\/aujourdhui.ma\/wp-content\/uploads\/2019\/04\/Fouad-Laroui-ouvrage-Lumie%CC%80res-marocaines-1.jpg?x29840\" alt=\"\" width=\"426\" height=\"604\" srcset=\"http:\/\/aujourdhui.ma\/wp-content\/uploads\/2019\/04\/Fouad-Laroui-ouvrage-Lumie\u0300res-marocaines-1.jpg 426w, http:\/\/aujourdhui.ma\/wp-content\/uploads\/2019\/04\/Fouad-Laroui-ouvrage-Lumie\u0300res-marocaines-1-212x300.jpg 212w\" sizes=\"auto, (max-width: 426px) 100vw, 426px\"\/><\/a>\u00abLes jeunes doivent acqu\u00e9rir une certaine formation qui consiste \u00e0 r\u00e9fl\u00e9chir sur la notion d\u2019art\u00bb.<\/em> Ce sont les propos de l\u2019\u00e9crivain Fouad Laroui, lors d\u2019une conf\u00e9rence, qu\u2019il a anim\u00e9e mercredi \u00e0 Rabat, autour du th\u00e8me \u00abQue nous dit l\u2019art contemporain marocain ?\u00bb. En effet, cette rencontre, tenue \u00e0 l\u2019occasion de la pr\u00e9sentation de son livre \u00abLumi\u00e8res marocaines\u00bb, \u00e9tait une occasion pour donner son point de vue sur comment on pourrait r\u00e9pondre \u00e0 la question \u00abque nous dit l\u2019art contemporain marocain ?\u00bb. <\/span><\/p>\n<p class=\"p1\"><span class=\"s1\"><em>\u00abQuand je rencontre les gens qui ach\u00e8tent les \u0153uvres d\u2019art, ou les jeunes et moins jeunes fr\u00e9quentant les mus\u00e9es, j\u2019ai l\u2019impression qu\u2019il manque finalement une certaine formation. Celle-ci consiste \u00e0 r\u00e9fl\u00e9chir sur la notion d\u2019art\u00bb,<\/em> indique-t-il en ajoutant : <em>\u00abQuand on rentre dans un mus\u00e9e ou une galerie d\u2019art, il faut se rendre compte qu\u2019il y a toute une th\u00e9orie de l\u2019art\u00bb.<\/em><\/span><\/p>\n<p class=\"p1\"><span class=\"s1\">Durant la m\u00eame soir\u00e9e, au Mus\u00e9e Mohammed VI d\u2019art moderne et contemporain \u00e0 Rabat devant une pl\u00e9iade de personnalit\u00e9s du monde des arts, l\u2019incontournable \u00e9crivain a sign\u00e9 son ouvrage \u00abLumi\u00e8res marocaines\u00bb. Ce beau livre de 160 pages, dernier opus de la collection les Routes de l\u2019Art de la maison d\u2019\u00e9ditions Langages du sud, publi\u00e9 en f\u00e9vrier 2018, rend un vibrant hommage \u00e0 l\u2019art contemporain du Royaume qui puise ses influences dans les couleurs de la nature, le travail de la mati\u00e8re, les traditions artisanales et multiculturelles. Selon Patricia Defever, directrice de la maison d\u2019\u00e9ditions Langages du sud, <em>\u00able livre est n\u00e9 \u00e0 la suite d\u2019une rencontre qui date d\u2019un certain temps. C\u2019est un autre art sur l\u2019art, ce n\u2019est pas un jugement. C\u2019est un regard sur une sensibilit\u00e9, une fa\u00e7on de voir les choses\u00bb.<\/em><\/span><\/p>\n<p class=\"p1\"><span class=\"s1\">Pour sa part, M. Laroui a indiqu\u00e9 que \u00able message de ce livre tient en un seul mot, la diversit\u00e9\u00bb. \u00abLumi\u00e8res marocaines\u00bb offre en effet un tour d\u2019horizon de la cr\u00e9ation contemporaine marocaine \u00e0 travers le travail et les \u0153uvres de 60 cr\u00e9ateurs.<\/span><\/p>\n<p class=\"p1\"><span class=\"s1\">Hommes, femmes, photographes, peintres, sculpteurs, plasticiens, tous composent une vision d\u2019aujourd\u2019hui dans toute sa diversit\u00e9. A ce sujet, M. Laroui a \u00e9crit dans la pr\u00e9face : <em>\u00abAlors non : le livre que vous tenez entre les mains n\u2019est pas \u00abd\u00e9coratif\u00bb, ce n\u2019est pas ce que les Anglais nomment un coffee-table book, c\u2019est bien plus que cela.<\/em><\/span><\/p>\n<p class=\"p1\"><span class=\"s1\"><em>Ce sont des le\u00e7ons de vie, ce sont de poignants commentaires port\u00e9s sur ce monde qui est le n\u00f4tre, c\u2019est la persistance de la m\u00e9moire, c\u2019est cent fois la preuve que la nation est un singulier pluriel et que celle-ci est ouverte \u00e0 tous les vents, ce sont autant de pages qui n\u2019attendent que votre stylet pour que s\u2019y \u00e9crive tout ce que vous voudrez, c\u2019est un suppl\u00e9ment d\u2019\u00e2me qui anime les choses, c\u2019est un catalogue de contradictions f\u00e9condes, c\u2019est un br\u00e9viaire de libert\u00e9\u2026 c\u2019est le Maroc enfin, ce Maroc que le mouvement, l\u2019\u00e9preuve et le questionnement changent sans cesse, mais sans jamais en alt\u00e9rer le c\u0153ur\u00bb.<\/em><\/span><\/p>\n<p>Auteur: Siham Jadraoui<br \/>\n<a href=\"http:\/\/aujourdhui.ma\/culture\/lors-de-la-presentation-de-son-ouvrage-lumieres-marocaines-fouad-laroui-appelle-les-jeunes-a-se-former-en-art\">Cliquez ici pour lire l&rsquo;article depuis sa source.<\/a><\/p>\n","protected":false},"excerpt":{"rendered":"<p>\u00abLumi\u00e8res marocaines\u00bb offre un tour d\u2019horizon de la cr\u00e9ation contemporaine marocaine \u00e0 travers le travail et les \u0153uvres de 60 cr\u00e9ateurs. Hommes, femmes, photographes, peintres, sculpteurs, plasticiens, tous composent une vision d\u2019aujourd\u2019hui dans toute\u00a0sa diversit\u00e9. \u00abLes jeunes doivent acqu\u00e9rir une certaine formation qui consiste \u00e0 r\u00e9fl\u00e9chir sur la notion d\u2019art\u00bb. Ce sont les propos de [&hellip;]<\/p>\n","protected":false},"author":1759,"featured_media":0,"comment_status":"closed","ping_status":"closed","sticky":false,"template":"","format":"standard","meta":{"fifu_image_url":"","fifu_image_alt":"","footnotes":""},"categories":[73,54],"tags":[],"class_list":["post-30572","post","type-post","status-publish","format-standard","hentry","category-actualite","category-maroc"],"_links":{"self":[{"href":"https:\/\/linitiative.ca\/International\/wp-json\/wp\/v2\/posts\/30572","targetHints":{"allow":["GET"]}}],"collection":[{"href":"https:\/\/linitiative.ca\/International\/wp-json\/wp\/v2\/posts"}],"about":[{"href":"https:\/\/linitiative.ca\/International\/wp-json\/wp\/v2\/types\/post"}],"author":[{"embeddable":true,"href":"https:\/\/linitiative.ca\/International\/wp-json\/wp\/v2\/users\/1759"}],"replies":[{"embeddable":true,"href":"https:\/\/linitiative.ca\/International\/wp-json\/wp\/v2\/comments?post=30572"}],"version-history":[{"count":0,"href":"https:\/\/linitiative.ca\/International\/wp-json\/wp\/v2\/posts\/30572\/revisions"}],"wp:attachment":[{"href":"https:\/\/linitiative.ca\/International\/wp-json\/wp\/v2\/media?parent=30572"}],"wp:term":[{"taxonomy":"category","embeddable":true,"href":"https:\/\/linitiative.ca\/International\/wp-json\/wp\/v2\/categories?post=30572"},{"taxonomy":"post_tag","embeddable":true,"href":"https:\/\/linitiative.ca\/International\/wp-json\/wp\/v2\/tags?post=30572"}],"curies":[{"name":"wp","href":"https:\/\/api.w.org\/{rel}","templated":true}]}}