{"id":30585,"date":"2019-04-26T15:38:55","date_gmt":"2019-04-26T19:38:55","guid":{"rendered":"https:\/\/linitiative.ca\/International\/la-gestion-durable-de-leau-au-coeur-de-la-1ere-edition-du-business-dialog-de-coalma-a-marrakech\/"},"modified":"2019-04-26T15:38:55","modified_gmt":"2019-04-26T19:38:55","slug":"la-gestion-durable-de-leau-au-coeur-de-la-1ere-edition-du-business-dialog-de-coalma-a-marrakech","status":"publish","type":"post","link":"https:\/\/linitiative.ca\/International\/la-gestion-durable-de-leau-au-coeur-de-la-1ere-edition-du-business-dialog-de-coalma-a-marrakech\/","title":{"rendered":"La gestion durable de l\u2019eau au coeur de la 1\u00e8re \u00e9dition du \u00ab\u00a0Business Dialog\u00a0\u00bb de COALMA \u00e0 Marrakech"},"content":{"rendered":"<div readability=\"38\">\n<p>Marrakech- \u00ab\u00a0Risques naturels et ressource en eau: Quelle gestion durable dans un contexte de changement climatique ?\u00a0\u00bb est le th\u00e8me de la 1\u00e8re \u00e9dition du \u00ab\u00a0Business Dialog\u00a0\u00bb de la Coalition Marocaine pour l\u2019Eau \u00ab\u00a0COALMA\u00a0\u00bb, dont les travaux ont \u00e9t\u00e9 officiellement ouverts, vendredi \u00e0 Marrakech, au Mus\u00e9e Mohammed VI pour la civilisation de l\u2019eau au Maroc.<\/p>\n<\/div>\n<div readability=\"114\">\n<p>Organis\u00e9 sous le Haut Patronage de SM le Roi Mohammed VI, le \u00ab\u00a0Business Dialog 2019\u00a0\u00bb se veut un espace privil\u00e9gi\u00e9 pour partager des r\u00e9flexions et des retours d\u2019exp\u00e9rience entre parties prenantes sur la th\u00e9matique retenue, et \u00e9laborer des recommandations partag\u00e9es par les participants, permettant d\u2019apporter une contribution significative, tant au niveau des r\u00e9ponses aux engagements pris par le Royaume qu\u2019au niveau de la gouvernance de cet enjeu au Maroc.<\/p>\n<p>Plus sp\u00e9cifiquement, ce conclave devra permettre de sensibiliser les participants aux enjeux li\u00e9s \u00e0 la gestion des risques pour la ressource en eau, dans le cadre des diff\u00e9rents r\u00e9f\u00e9rentiels applicables \u00e0 cet enjeu: objectif de d\u00e9veloppement durable \u00e0 l\u2019\u00e9chelle africaine, strat\u00e9gie nationale de d\u00e9veloppement durable et sa d\u00e9clinaison territoriale et sectorielle dans le Royaume.<\/p>\n<p>Il permettra aussi d\u2019identifier le r\u00f4le, les responsabilit\u00e9s et les moyens des diff\u00e9rents acteurs de la gestion des risques naturels li\u00e9s \u00e0 la ressource en eau, et notamment ceux du secteur priv\u00e9 dans une optique de partenariat public-priv\u00e9 renforc\u00e9, ainsi que de souligner l\u2019importance d\u2019une approche globale de la gestion des risques naturels incluant une gouvernance inclusive de cet enjeu et un renforcement des capacit\u00e9s des diff\u00e9rents acteurs de la question -y compris en termes de citoyennet\u00e9 active.<\/p>\n<p>Plus de 200 repr\u00e9sentants des parties prenantes du domaine seront r\u00e9unis lors de ces deux journ\u00e9es (25 et 26 avril) de \u00ab\u00a0Business Dialog\u00a0\u00bb : institutionnels de haut niveau nationaux, repr\u00e9sentants d\u2019organisations internationales, agences de coop\u00e9ration op\u00e9rant dans ce domaine, entreprises et industriels, coalitions d\u2019acteurs, organismes internationaux, institutions financi\u00e8res, assurances, universitaires, experts et associations partenaires.<\/p>\n<p>Par ailleurs, cette \u00e9dition a \u00e9t\u00e9 l\u2019occasion de r\u00e9unir plus de 25 intervenants et membres du Comit\u00e9 scientifique en pr\u00e9sence de participants externes, avec pour objectif d\u2019amender la d\u00e9claration initiale de COALMA, contribuer \u00e0 son plan d\u2019actions et de pr\u00e9parer les messages cl\u00e9s pour le \u00ab\u00a0livre blanc\u00a0\u00bb et des recommandations pour le colloque.<\/p>\n<p>Deux temps forts marquent cette premi\u00e8re \u00e9dition, en l\u2019occurrence un espace de r\u00e9flexion partag\u00e9e de type pl\u00e9ni\u00e8re permettant de poser les enjeux de la th\u00e9matique: \u00ab\u00a0La gestion des risques naturels li\u00e9e \u00e0 l\u2019eau, opportunit\u00e9 de d\u00e9veloppement dans le cadre d\u2019une gouvernance inclusive\u00a0\u00bb, \u00ab\u00a0Quelles solutions pour faire face aux impacts des changements climatiques sur l\u2019eau?\u00a0\u00bb, \u00ab\u00a0Quelles strat\u00e9gies \u00e0 adopter pour faire face aux risques naturels li\u00e9s \u00e0 l\u2019eau et au changement climatique?\u00a0\u00bb, ainsi que des ateliers th\u00e9matiques ayant pour objectifs d\u2019identifier des recommandations qui seront soumises aux d\u00e9cideurs \u00e0 l\u2019issue du Business Dialog: \u00ab\u00a0Quelle coordination et planification de la gestion des risques naturels?\u00a0\u00bb, \u00ab\u00a0Quels m\u00e9canismes de financements pour pr\u00e9venir et accompagner la gestion des risques naturels?\u00a0\u00bb, et \u00ab\u00a0Quels outils de sensibilisation et de renforcement des capacit\u00e9s des acteurs concern\u00e9s?\u00a0\u00bb.<\/p>\n<p>Initi\u00e9s en 2015 dans le cadre de la pr\u00e9paration de la COP21, les \u00ab\u00a0Business Dialog\u00a0\u00bb consistent en des r\u00e9unions de haut niveau entre repr\u00e9sentants du secteur priv\u00e9 et membres du gouvernement, ayant pour but d\u2019encourager la discussion sur les potentiels engagements propos\u00e9s par le secteur priv\u00e9 lors des prochaines COPs.<\/p>\n<p>L\u2019objectif est notamment d\u2019acc\u00e9l\u00e9rer le d\u00e9veloppement de technologies vertes pour promouvoir la nouvelle \u00e9conomie, favorisant tant l\u2019att\u00e9nuation que l\u2019adaptation au changement climatique.<\/p>\n<p>A signaler que la Coalition Marocaine pour l\u2019Eau \u00ab\u00a0COALMA\u00a0\u00bb est une association \u00e0 but non lucratif de droit marocain, qui se d\u00e9finit comme un espace f\u00e9d\u00e9rateur, de synergie, d\u2019\u00e9change et de partage entre les acteurs publics et priv\u00e9s de l\u2019eau, destin\u00e9 \u00e0 contribuer \u00e0 p\u00e9renniser durablement les ressources en eau et \u00e0 valoriser l\u2019expertise marocaine.<\/p>\n<p>Il s\u2019agit d\u2019une force de proposition aupr\u00e8s des parties prenantes pour la r\u00e9alisation des Objectifs de D\u00e9veloppement Durable (ODD) et un acteur \u0153uvrant \u00e0 pr\u00e9server et \u00e0 valoriser durablement les ressources en eau et \u00e0 les utiliser d\u2019une mani\u00e8re responsable.<\/p>\n<\/div>\n<p>Auteur: Mohammed KOURSI<br \/>\n<a href=\"http:\/\/www.mapmarrakech.ma\/fr\/la-gestion-durable-de-leau-au-coeur-de-la-1ere-edition-du-business-dialog-de-coalma-a-marrakech\/\">Cliquez ici pour lire l&rsquo;article depuis sa source.<\/a><\/p>\n","protected":false},"excerpt":{"rendered":"<p>Marrakech- \u00ab\u00a0Risques naturels et ressource en eau: Quelle gestion durable dans un contexte de changement climatique ?\u00a0\u00bb est le th\u00e8me de la 1\u00e8re \u00e9dition du \u00ab\u00a0Business Dialog\u00a0\u00bb de la Coalition Marocaine pour l\u2019Eau \u00ab\u00a0COALMA\u00a0\u00bb, dont les travaux ont \u00e9t\u00e9 officiellement ouverts, vendredi \u00e0 Marrakech, au Mus\u00e9e Mohammed VI pour la civilisation de l\u2019eau au Maroc. [&hellip;]<\/p>\n","protected":false},"author":1788,"featured_media":0,"comment_status":"closed","ping_status":"closed","sticky":false,"template":"","format":"standard","meta":{"fifu_image_url":"","fifu_image_alt":"","footnotes":""},"categories":[54,76],"tags":[],"class_list":["post-30585","post","type-post","status-publish","format-standard","hentry","category-maroc","category-regions"],"_links":{"self":[{"href":"https:\/\/linitiative.ca\/International\/wp-json\/wp\/v2\/posts\/30585","targetHints":{"allow":["GET"]}}],"collection":[{"href":"https:\/\/linitiative.ca\/International\/wp-json\/wp\/v2\/posts"}],"about":[{"href":"https:\/\/linitiative.ca\/International\/wp-json\/wp\/v2\/types\/post"}],"author":[{"embeddable":true,"href":"https:\/\/linitiative.ca\/International\/wp-json\/wp\/v2\/users\/1788"}],"replies":[{"embeddable":true,"href":"https:\/\/linitiative.ca\/International\/wp-json\/wp\/v2\/comments?post=30585"}],"version-history":[{"count":0,"href":"https:\/\/linitiative.ca\/International\/wp-json\/wp\/v2\/posts\/30585\/revisions"}],"wp:attachment":[{"href":"https:\/\/linitiative.ca\/International\/wp-json\/wp\/v2\/media?parent=30585"}],"wp:term":[{"taxonomy":"category","embeddable":true,"href":"https:\/\/linitiative.ca\/International\/wp-json\/wp\/v2\/categories?post=30585"},{"taxonomy":"post_tag","embeddable":true,"href":"https:\/\/linitiative.ca\/International\/wp-json\/wp\/v2\/tags?post=30585"}],"curies":[{"name":"wp","href":"https:\/\/api.w.org\/{rel}","templated":true}]}}