{"id":30587,"date":"2019-04-26T16:59:37","date_gmt":"2019-04-26T20:59:37","guid":{"rendered":"https:\/\/linitiative.ca\/International\/plaidoyer-a-marrakech-en-faveur-dune-gouvernance-intelligente-et-inclusive-pour-favoriser-une-meilleure-gestion-durable-de-leau\/"},"modified":"2019-04-26T16:59:37","modified_gmt":"2019-04-26T20:59:37","slug":"plaidoyer-a-marrakech-en-faveur-dune-gouvernance-intelligente-et-inclusive-pour-favoriser-une-meilleure-gestion-durable-de-leau","status":"publish","type":"post","link":"https:\/\/linitiative.ca\/International\/plaidoyer-a-marrakech-en-faveur-dune-gouvernance-intelligente-et-inclusive-pour-favoriser-une-meilleure-gestion-durable-de-leau\/","title":{"rendered":"Plaidoyer \u00e0 Marrakech en faveur d\u2019une gouvernance \u00ab\u00a0intelligente\u00a0\u00bb et \u00ab\u00a0inclusive\u00a0\u00bb pour favoriser une meilleure gestion durable de l\u2019eau"},"content":{"rendered":"<p>Intervenant \u00e0 l\u2019ouverture de ce conclave, initi\u00e9 sous le th\u00e8me \u00ab\u00a0Risques naturels et ressource en eau: Quelle gestion durable dans un contexte de changement climatique ?\u00a0\u00bb, ils ont \u00e9galement insist\u00e9 sur l\u2019importance prioritaire de la protection et de la pr\u00e9servation des ressources hydriques pour assurer aussi bien le d\u00e9veloppement de la plan\u00e8te que la sauvegarde des \u00e9cosyst\u00e8mes \u00e9cologiques et naturels.<\/p>\n<p>Dans ce sens, le pr\u00e9sident du Conseil Mondial de l\u2019Eau, Lo\u00efc Fauchon, a indiqu\u00e9 que le monde conna\u00eet aujourd\u2019hui une acc\u00e9l\u00e9ration des crises de toutes sortes, dont celle hydrique, ajoutant que l\u2019\u00e9volution du climat et le d\u00e9r\u00e8glement climatique ne doivent pas \u00eatre le \u00ab\u00a0bouc-\u00e9missaire de nos erreurs\u00a0\u00bb, surtout que le changement climatique est d\u00fb r\u00e9ellement \u00e0 la forte croissance d\u00e9mographique et \u00e0 l\u2019urbanisation sans limites.<\/p>\n<p>\u00ab\u00a0Ind\u00e9pendamment des risques naturels, notre pr\u00e9occupation aujourd\u2019hui \u00e0 l\u2019\u00e9chelle de la plan\u00e8te c\u2019est d\u2019\u00eatre en mesure de fournir suffisamment d\u2019eau douce, d\u2019eau trait\u00e9e et d\u2019eau potable pour faire face \u00e0 la croissance de la population et \u00e0 tous les effets conjugu\u00e9s de cette croissance\u00a0\u00bb, a-t-il dit, soutenant qu\u2019il faut \u00ab\u00a0faire face \u00e0 nos responsabilit\u00e9s qui sont le fruit de l\u2019incons\u00e9quence de nos d\u00e9cisions\u00a0\u00bb, \u00ab\u00a0s\u2019int\u00e9resser \u00e0 l\u2019offre en eau\u00a0\u00bb au profit des g\u00e9n\u00e9rations futures et \u00ab\u00a0veiller \u00e0 l\u2019augmenter et surtout \u00e0 la conserver\u00a0\u00bb.<\/p>\n<p>M. Fauchon, qui a fait remarquer que la plupart des pays dans le monde, y compris les plus d\u00e9velopp\u00e9s, font face aujourd\u2019hui \u00e0 des crises d\u2019eau, essentiellement li\u00e9es \u00e0 la conservation de cette denr\u00e9e vitale, a plaid\u00e9 pour la construction de r\u00e9serves en eau et de barrages, tout en saluant la politique pr\u00f4n\u00e9e par le Maroc dans ce sens depuis plusieurs d\u00e9cennies.<\/p>\n<p>\u00ab\u00a0Le Maroc a eu la chance d\u2019avoir un Roi, Feu Sa Majest\u00e9 Hassan II, qui a men\u00e9 une politique de barrages exemplaire\u00a0\u00bb, a-t-il affirm\u00e9, faisant savoir qu\u2019il faut veiller, dans les d\u00e9cennies \u00e0 venir et partout dans le monde, \u00e0 la construction de plus de capacit\u00e9s de r\u00e9serves d\u2019eau et de barrages, et au respect de la biodiversit\u00e9 et des \u00e9cosyst\u00e8mes ainsi qu\u2019\u00e0 la restauration des milieux naturels.<\/p>\n<p>M. Fauchon a aussi insist\u00e9 sur la n\u00e9cessit\u00e9 de la ma\u00eetrise de l\u2019usage de cette mati\u00e8re vitale en veillant \u00e0 g\u00e9rer les diverses ressources existantes d\u2019une mani\u00e8re correcte, notamment \u00e0 travers la r\u00e9utilisation des eaux us\u00e9es et le dessalement de l\u2019eau de mer, tout en mettant fin au gaspillage de l\u2019eau par les populations agricoles, industrielles et domestiques.<\/p>\n<p>Il a, en outre, appel\u00e9 \u00e0 la conscientisation de la jeunesse quant \u00e0 l\u2019importance de l\u2019eau, de son \u00e9conomie et de sa pr\u00e9servation, tout en soutenant que \u00ab\u00a0cela ne nous exon\u00e8re pas des d\u00e9cisions politiques\u00a0\u00bb, d\u2019o\u00f9 l\u2019importance d\u2019intervenir au niveau des trois piliers de l\u2019action politique de l\u2019eau: \u00ab\u00a0gouvernance, finance et connaissance\u00a0\u00bb.<\/p>\n<p>La gouvernance de l\u2019eau \u00ab\u00a0laisse beaucoup \u00e0 d\u00e9sirer dans le monde\u00a0\u00bb, d\u2019o\u00f9 l\u2019imp\u00e9ratif d\u2019une gouvernance plus \u00ab\u00a0d\u00e9mocratique\u00a0\u00bb pour rapprocher cette denr\u00e9e des populations, tout en assurant le financement \u00ab\u00a0partag\u00e9\u00a0\u00bb des \u00e9normes besoins en eau et de l\u2019assainissement, a-t-il expliqu\u00e9. Quant \u00e0 l\u2019aspect connaissance, M. Fauchon a plaid\u00e9 pour le passage du concept du transfert des connaissances \u00ab\u00a0Nord-Sud\u00a0\u00bb \u00e0 l\u2019\u00e9change harmonieux et pur et simple des capacit\u00e9s et des connaissances, insistant sur la n\u00e9cessit\u00e9 de convaincre les d\u00e9cideurs politiques et \u00e9conomiques de l\u2019importance prioritaire de la gestion durable de l\u2019eau.<\/p>\n<p>De son c\u00f4t\u00e9, le pr\u00e9sident du Conseil Economique, Social et Environnemental (CESE), Ahmed Reda Chami, a pr\u00e9cis\u00e9 que ce genre d\u2019\u00e9v\u00e9nement permet de \u00ab\u00a0remobiliser les \u00e9nergies\u00a0\u00bb autour de la question vitale de l\u2019eau, rappelant que le Conseil a r\u00e9alis\u00e9 deux rapports dans ce sens, le premier sur la gouvernance concernant la gestion des ressources hydriques et le second relatif \u00e0 l\u2019impact du changement climatique sur les politiques publiques. Deux documents, a-t-il dit, qui ont abord\u00e9 les diff\u00e9rentes dimensions de cette probl\u00e9matique et livr\u00e9 des recommandations pertinentes.<\/p>\n<p>Mettant en avant l\u2019importance extr\u00eame de ce sujet qui ne suscite pas assez de mobilisation non seulement des politiques mais aussi de l\u2019opinion publique, M. Chami a soulign\u00e9 que Feu Sa Majest\u00e9 Hassan II a \u00e9t\u00e9 un \u00ab\u00a0grand pr\u00e9curseur\u00a0\u00bb de la politique des barrages.<\/p>\n<p>Apr\u00e8s avoir abord\u00e9 les questions du \u00ab\u00a0stress hydrique\u00a0\u00bb et de la \u00ab\u00a0p\u00e9nurie d\u2019eau\u00a0\u00bb dans le Royaume, il a plaid\u00e9 pour une \u00ab\u00a0vraie vision prospective et directive\u00a0\u00bb des besoins dans ce domaine, \u00e0 travers une vision tr\u00e8s claire des besoins actuels et futurs au niveau national, la rationalisation de la gestion et de la demande en eau par les politiques publiques, la prise en compte des r\u00e9percussions climatiques et territoriales dans la planification de la gestion de l\u2019eau, \u00e0 travers les Plans Directeurs d\u2019Am\u00e9nagement Int\u00e9gr\u00e9 des Ressources en Eau (PDAIRE).<\/p>\n<p>M. Chami a notamment appel\u00e9 \u00e0 \u00e9laborer un programme national d\u2019\u00e9conomie d\u2019eau potable, industrielle et agricole, sachant que l\u2019agriculture demeure le secteur qui consomme le plus d\u2019eau, \u00e0 s\u2019assurer de \u00ab\u00a0l\u2019efficacit\u00e9 hydrique\u00a0\u00bb pour les projets d\u2019investissements, notamment pour l\u2019agriculture, l\u2019industrie et le tourisme, \u00e0 renforcer et moderniser le processus de maintenance et d\u2019entretien des barrages, et \u00e0 mettre en place un vrai programme de d\u00e9veloppement massif des ressources non conventionnelles en eau (dessalement d\u2019eau de mer, traitement et r\u00e9utilisation des eaux us\u00e9es et \u00e9pur\u00e9es, etc).<\/p>\n<p>\u00ab\u00a0Le Partenariat Public-Priv\u00e9 (PPP) est une v\u00e9ritable voie pour le d\u00e9veloppement de beaucoup de pistes dans ce domaine vital\u00a0\u00bb, a-t-il insist\u00e9, plaidant en faveur du transfert entre les bassins hydriques exc\u00e9dentaires et d\u00e9ficitaires, de la pr\u00e9servation des ressources en eau existantes \u00e0 travers l\u2019application du principe \u00ab\u00a0pollueur\/payeur\u00a0\u00bb, du renforcement des attributions, moyens et des capacit\u00e9s de la police de l\u2019eau, de la relance du Conseil sup\u00e9rieur de l\u2019eau et de l\u2019institutionnalisation par d\u00e9cret de la Commission interminist\u00e9rielle de l\u2019eau pour s\u2019assurer une convergence d\u2019actions entre les diff\u00e9rents acteurs concern\u00e9s.<\/p>\n<div readability=\"135\">\n<p>Et M. Chami d\u2019appeler en conclusion \u00e0 une \u00ab\u00a0fiscalit\u00e9 environnementale incitative\u00a0\u00bb pour la pr\u00e9servation et la protection des ressources en eau.<\/p>\n<p>Pour sa part, le pr\u00e9sident du Comit\u00e9 pr\u00e9paratoire du 9\u00e8 Forum Mondial de l\u2019Eau, pr\u00e9vu \u00e0 Dakar (S\u00e9n\u00e9gal), M. Abdoulaye Sene, a lou\u00e9 le leadership embl\u00e9matique, l\u2019engagement historique et surtout les r\u00e9alisations du Royaume qui \u00ab\u00a0nous inspirent les solutions en mati\u00e8re d\u2019eau en Afrique et aussi \u00e0 travers le monde\u00a0\u00bb.<\/p>\n<p>Il a indiqu\u00e9 que cette rencontre intervient \u00e0 un moment o\u00f9 l\u2019inqui\u00e9tude se g\u00e9n\u00e9ralise face \u00e0 la crise de l\u2019eau, exacerb\u00e9e par les risques naturels, dont le changement climatique, qui occasionnent chaque ann\u00e9e des milliers de victimes parmi les populations les plus fragiles et les plus pauvres et des d\u00e9g\u00e2ts pour l\u2019environnement, et font perdre aux \u00e9conomies les biens de productivit\u00e9 et de croissance.<\/p>\n<p>Relevant que les enjeux sont nombreux et \u00e9normes, il a estim\u00e9 que le fait de \u00ab\u00a0mieux conna\u00eetre, de mieux g\u00e9rer ces risques et de les transformer en opportunit\u00e9s\u00a0\u00bb dans le cadre d\u2019une gouvernance \u00ab\u00a0intelligente\u00a0\u00bb pour consolider la r\u00e9silience des communaut\u00e9s sont autant de grands d\u00e9fis que les soci\u00e9t\u00e9s doivent relever pour l\u2019\u00e9mergence de communaut\u00e9s \u00ab\u00a0plus r\u00e9silientes\u00a0\u00bb.<\/p>\n<p>Et de poursuivre que cette gouvernance \u00ab\u00a0inclusive\u00a0\u00bb et \u00ab\u00a0plus intelligente\u00a0\u00bb requiert l\u2019implication de tous les acteurs et intervenants, ce qui permettra de mettre en place des strat\u00e9gies et des solutions d\u2019avenir, tout en mettant l\u2019accent sur la n\u00e9cessit\u00e9 de la f\u00e9d\u00e9ration des \u00e9nergies et des exp\u00e9riences pour parvenir, dans le cadre du processus pr\u00e9paratoire du Forum mondial de l\u2019eau \u00e0 Dakar en 2021, \u00e0 \u00ab\u00a0construire des solutions, mettre en \u0153uvre des r\u00e9ponses et surtout imaginer les initiatives qui nous permettront d\u2019acc\u00e9l\u00e9rer l\u2019acc\u00e8s universel \u00e0 l\u2019eau et garantir la s\u00e9curit\u00e9 de l\u2019eau\u00a0\u00bb.<\/p>\n<p>S\u2019exprimant au nom de la Conf\u00e9d\u00e9ration g\u00e9n\u00e9rale des Entreprises du Maroc (CGEM), le pr\u00e9sident de la Commission CGEM-Nouvelle Economie Climat, M. Sa\u00efd El Hadi a soulign\u00e9 l\u2019importance de la cause de l\u2019eau pour le Maroc, en tant que levier de d\u00e9veloppement extraordinaire, relevant que l\u2019organisation patronale a depuis toujours fait de cette question une \u00ab\u00a0priorit\u00e9\u00a0\u00bb dans son programme et ses actions.<\/p>\n<p>Il a expliqu\u00e9 que la CGEM a accompagn\u00e9, pendant une vingtaine d\u2019ann\u00e9es, les entreprises marocaines pour am\u00e9liorer leur consommation d\u2019eau, rappelant que cette institution a organis\u00e9 le premier Business dialogue en 2016, qui a \u00e9t\u00e9 l\u2019occasion pour la cr\u00e9ation de COALMA \u00e0 l\u2019initiative de la CGEM, en tant que plateforme singuli\u00e8re et extr\u00eamement importante dans la gouvernance nationale de la question de l\u2019eau.<\/p>\n<p>Notant que la probl\u00e9matique de l\u2019eau dans le Royaume est \u00ab\u00a0inqui\u00e9tante\u00a0\u00bb et \u00ab\u00a0aigu\u00eb\u00a0\u00bb, comme en t\u00e9moigne les chiffres, M. El Hadi a indiqu\u00e9 que ce probl\u00e8me existe depuis longtemps mais s\u2019est aggrav\u00e9 en raison des effets du changement climatique, soulignant que les entreprises marocaines doivent ainsi s\u2019inscrire \u00ab\u00a0fortement et r\u00e9solument\u00a0\u00bb dans cet engagement \u00e0 l\u2019\u00e9gard de la question de l\u2019eau.<\/p>\n<p>Il a estim\u00e9 que le concept de l\u2019\u00a0\u00bbefficacit\u00e9 hydrique\u00a0\u00bb doit \u00eatre g\u00e9n\u00e9ralis\u00e9 davantage au sein des entreprises \u00e0 l\u2019instar de celui de l\u2019efficacit\u00e9 \u00e9nerg\u00e9tique, ajoutant que les entreprises sont appel\u00e9es \u00e0 adh\u00e9rer pleinement \u00e0 la cause de l\u2019eau \u00e0 l\u2019\u00e9chelle nationale, en tant que partie prenante essentielle dans le dialogue et la gouvernance nationaux en la mati\u00e8re.<\/p>\n<p>Ces entreprises doivent aussi \u00ab\u00a0porter leur responsabilit\u00e9 citoyenne\u00a0\u00bb \u00e0 l\u2019\u00e9gard de cette question, a-t-il rench\u00e9ri, insistant sur l\u2019imp\u00e9ratif de la mobilisation collective (entreprises, gouvernement, diff\u00e9rentes parties prenantes et soci\u00e9t\u00e9 civile) pour trouver les bonnes solutions \u00e0 cette probl\u00e9matique.<\/p>\n<p>Quant \u00e0 la Pr\u00e9sidente fondatrice de COALMA et Gouverneur au Conseil Mondial de l\u2019Eau, Mme Houria Tazi Sadeq, elle a indiqu\u00e9 que cette rencontre se veut un espace de partage des r\u00e9flexions sur un th\u00e8me majeur qu\u2019est la gestion des risques li\u00e9s \u00e0 l\u2019eau dans une perspective de d\u00e9veloppement durable, ajoutant que les diff\u00e9rents Discours Royaux ont mis l\u2019accent sur l\u2019importance de l\u2019eau et son r\u00f4le cl\u00e9 dans la dynamique de d\u00e9veloppement et dans la pr\u00e9servation de la stabilit\u00e9.<\/p>\n<p>Et d\u2019ajouter que COALMA, consciente de l\u2019impact de la question de l\u2019eau et en ayant int\u00e9gr\u00e9 le paradigme du changement climatique, a opt\u00e9 pour ce th\u00e8me pertinent et souhaite ainsi explorer avec les participants de nouvelles pistes de recherche et d\u2019action pour pr\u00e9senter une proposition de gouvernance am\u00e9lior\u00e9e et de m\u00e9thodologies et approches qui feraient partie du nouveau mod\u00e8le de d\u00e9veloppement auquel aspire le Royaume.<\/p>\n<p>Elle a \u00e9mis le v\u0153u de voir les conclusions de cette rencontre int\u00e9gr\u00e9es dans les travaux pr\u00e9paratoires du prochain Forum mondial sur l\u2019eau \u00e0 Dakar, tout en plaidant pour des recommandations \u00ab\u00a0op\u00e9rationnelles\u00a0\u00bb qui pourraient offrir des pistes concr\u00e8tes d\u2019action qui placent l\u2019\u00e9l\u00e9ment humain au centre de toute strat\u00e9gie d\u2019avenir.<\/p>\n<p>Relevant l\u2019importance de la politique pr\u00e9ventive pour la conservation des ressources en eau et la protection et la restauration des \u00e9cosyst\u00e8mes, Mme Sadeq a insist\u00e9 sur l\u2019urgence de l\u2019action imm\u00e9diate et de la bonne gouvernance et ce, en se dotant d\u2019institutions r\u00e9silientes qui favorisent la coordination en mati\u00e8re de prise de d\u00e9cisions, et qui veillent \u00e0 la mise en place de strat\u00e9gies reproductibles et de m\u00e9thodes et approches inclusives, tout en soulignant l\u2019imp\u00e9ratif du renforcement des capacit\u00e9s pour une meilleure gestion durable des ressources en eau pour le bien-\u00eatre des populations et de la plan\u00e8te.<\/p>\n<p>Organis\u00e9 sous le Haut Patronage de SM le Roi Mohammed VI, le \u00ab\u00a0Business Dialog 2019\u00a0\u00bb se veut un espace privil\u00e9gi\u00e9 pour partager des r\u00e9flexions et des retours d\u2019exp\u00e9rience entre parties prenantes sur la th\u00e9matique retenue, et \u00e9laborer des recommandations partag\u00e9es par les participants, permettant d\u2019apporter une contribution significative, tant au niveau des r\u00e9ponses aux engagements pris par le Royaume qu\u2019au niveau de la gouvernance de cet enjeu au Maroc.<\/p>\n<p>Ce conclave permettra notamment de sensibiliser les participants aux enjeux li\u00e9s \u00e0 la gestion des risques pour la ressource en eau, dans le cadre des diff\u00e9rents r\u00e9f\u00e9rentiels applicables \u00e0 cet enjeu, et d\u2019identifier le r\u00f4le, les responsabilit\u00e9s et les moyens des diff\u00e9rents acteurs de la gestion des risques naturels li\u00e9s \u00e0 la ressource en eau, et notamment ceux du secteur priv\u00e9 dans une optique de partenariat public-priv\u00e9 renforc\u00e9.<\/p>\n<\/div>\n<p>Auteur: Mohammed KOURSI<br \/>\n<a href=\"http:\/\/www.mapmarrakech.ma\/fr\/plaidoyer-a-marrakech-en-faveur-dune-gouvernance-intelligente-et-inclusive-pour-favoriser-une-meilleure-gestion-durable-de-leau\/\">Cliquez ici pour lire l&rsquo;article depuis sa source.<\/a><\/p>\n","protected":false},"excerpt":{"rendered":"<p>Intervenant \u00e0 l\u2019ouverture de ce conclave, initi\u00e9 sous le th\u00e8me \u00ab\u00a0Risques naturels et ressource en eau: Quelle gestion durable dans un contexte de changement climatique ?\u00a0\u00bb, ils ont \u00e9galement insist\u00e9 sur l\u2019importance prioritaire de la protection et de la pr\u00e9servation des ressources hydriques pour assurer aussi bien le d\u00e9veloppement de la plan\u00e8te que la sauvegarde [&hellip;]<\/p>\n","protected":false},"author":1788,"featured_media":0,"comment_status":"closed","ping_status":"closed","sticky":false,"template":"","format":"standard","meta":{"fifu_image_url":"","fifu_image_alt":"","footnotes":""},"categories":[54,76],"tags":[],"class_list":["post-30587","post","type-post","status-publish","format-standard","hentry","category-maroc","category-regions"],"_links":{"self":[{"href":"https:\/\/linitiative.ca\/International\/wp-json\/wp\/v2\/posts\/30587","targetHints":{"allow":["GET"]}}],"collection":[{"href":"https:\/\/linitiative.ca\/International\/wp-json\/wp\/v2\/posts"}],"about":[{"href":"https:\/\/linitiative.ca\/International\/wp-json\/wp\/v2\/types\/post"}],"author":[{"embeddable":true,"href":"https:\/\/linitiative.ca\/International\/wp-json\/wp\/v2\/users\/1788"}],"replies":[{"embeddable":true,"href":"https:\/\/linitiative.ca\/International\/wp-json\/wp\/v2\/comments?post=30587"}],"version-history":[{"count":0,"href":"https:\/\/linitiative.ca\/International\/wp-json\/wp\/v2\/posts\/30587\/revisions"}],"wp:attachment":[{"href":"https:\/\/linitiative.ca\/International\/wp-json\/wp\/v2\/media?parent=30587"}],"wp:term":[{"taxonomy":"category","embeddable":true,"href":"https:\/\/linitiative.ca\/International\/wp-json\/wp\/v2\/categories?post=30587"},{"taxonomy":"post_tag","embeddable":true,"href":"https:\/\/linitiative.ca\/International\/wp-json\/wp\/v2\/tags?post=30587"}],"curies":[{"name":"wp","href":"https:\/\/api.w.org\/{rel}","templated":true}]}}