{"id":30588,"date":"2019-04-27T04:46:38","date_gmt":"2019-04-27T08:46:38","guid":{"rendered":"https:\/\/linitiative.ca\/International\/printemps-musical-des-alizes-vivaldi-mendelssohn-et-schubert-a-lhonneur-pour-le-bonheur-des-melomanes-parmi-les-hotes-dessaouira\/"},"modified":"2019-04-27T04:46:38","modified_gmt":"2019-04-27T08:46:38","slug":"printemps-musical-des-alizes-vivaldi-mendelssohn-et-schubert-a-lhonneur-pour-le-bonheur-des-melomanes-parmi-les-hotes-dessaouira","status":"publish","type":"post","link":"https:\/\/linitiative.ca\/International\/printemps-musical-des-alizes-vivaldi-mendelssohn-et-schubert-a-lhonneur-pour-le-bonheur-des-melomanes-parmi-les-hotes-dessaouira\/","title":{"rendered":"Printemps Musical des Aliz\u00e9s : Vivaldi, Mendelssohn et Schubert \u00e0 l\u2019honneur pour le bonheur des m\u00e9lomanes parmi les h\u00f4tes d\u2019Essaouira"},"content":{"rendered":"<div readability=\"40\">\n<p>Essaouira- Les m\u00e9lomanes de la musique raffin\u00e9e parmi les Souiris et les h\u00f4tes de la cit\u00e9 des Aliz\u00e9s ont \u00e9t\u00e9, vendredi, au rendez-vous avec une s\u00e9rie de concerts si captivants et hallucinants, sign\u00e9s Vivaldi, Mendelssohn et Schubert, et programm\u00e9s dans le cadre de la 19\u00e8 \u00e9dition du Festival \u00a0\u00bbPrintemps Musical des Aliz\u00e9s\u00a0\u00bb.<\/p>\n<\/div>\n<div readability=\"134\">\n<p>A l\u2019espace embl\u00e9matique de Dar Souiri, les festivaliers ont \u00e9t\u00e9 nombreux \u00e0 venir appr\u00e9cier un concert attirant intitul\u00e9 \u00ab\u00a0Vivaldi le Glorieux\u00a0\u00bb, ex\u00e9cut\u00e9 avec un talent des plus confirm\u00e9s, par l\u2019Ensemble Instrumental de Rome (Insieme Strumentale Di Roma).<\/p>\n<p>Dans une ambiance intimiste et conviviale, les musiciens hors pair, Minni Diodati (Soprano), Massimo Di Stefano (Batyton), Giorgio Sasso (violon et direction musicale), Paolo Perrone (violon), Flavia Truppa (Alto), Andrea Fossa (violoncelle), Luca Cola (Contrebasse) et Marco Silvi (Clavecin), ont enchant\u00e9 le public pr\u00e9sent d\u2019un floril\u00e8ge d\u2019opus musicaux parmi les plus c\u00e9l\u00e8bres de Vivaldi.<\/p>\n<p>Pour rappel, l\u2019Ensemble Instrumental de Rome est un groupe \u00e0 la diversit\u00e9 organique active dans l\u2019interpr\u00e9tation de musiques compos\u00e9es au XVII\u00e8 et XVIII\u00e8 si\u00e8cles sur des instruments anciens.<\/p>\n<p>Cette prestation musicale, riche et originale, a \u00e9t\u00e9 rehauss\u00e9e par la pr\u00e9sence de M. Andr\u00e9 Azoulay, Conseiller de Sa Majest\u00e9 le Roi et pr\u00e9sident-fondateur de l\u2019Association Essaouira-Mogador, du Consul G\u00e9n\u00e9ral de France \u00e0 Marrakech, Philippe Casenave, ainsi que d\u2019un ar\u00e9opage d\u2019invit\u00e9s de marque du Festival.<\/p>\n<p>Par la suite, l\u2019assistance a \u00e9t\u00e9 g\u00e9n\u00e9reusement convi\u00e9e \u00e0 changer de cap, le temps de renouer, cette fois-ci, avec les rythmes et sonorit\u00e9s les plus, synchronis\u00e9es, exaltantes et m\u00e9morables de Mendelssohn, livr\u00e9s avec brio, par le Trio Metral et ce, dans le cadre d\u2019un autre concert de toute splendeur intitul\u00e9 \u00a0\u00bbMendelssohn le fi\u00e9vreux\u00a0\u00bb.<\/p>\n<p>Les artistes Joseph Metral au violon, Justine Metral (Violoncelle) et Victor Metral au piano, ont ainsi emport\u00e9 les aficionados dans un passionnant voyage, le temps de revisiter un r\u00e9pertoire tout aussi riche que splendide de Mendelssohn.<\/p>\n<p>R\u00e9unis par un d\u00e9sir commun de partager leur passion pour la musique, les trois jeunes musiciens du Trio Metral sont reconnus pour leur engagement et leur recherche constante d\u2019une riche palette sonore.<\/p>\n<p>Ensemble et individuellement, ils sont laur\u00e9ats de nombreux concours internationaux et ont remport\u00e9 de nombreuses r\u00e9compenses, dont dix premiers prix notamment au concours international Joseph Haydn en 2017 \u00e0 Vienne.<\/p>\n<p>A l\u2019Eglise Notre Dame de l\u2019Assomption, les festivaliers ont \u00e9t\u00e9, encore une fois, chaleureusement accueillis le temps d\u2019appr\u00e9cier, \u00e0 sa juste valeur, la musique originale et subtile de \u00a0\u00bbSchubert le Po\u00e8te\u00a0\u00bb, livr\u00e9e par le Quatuor Hanson, avec Anton Hanson et Jules Dussap aux violons, Gabriel Lafait (Alto), et Simon Dechambre et Bruno Philippe (Violoncelles).<\/p>\n<p>Fond\u00e9 en 2013, ce groupe, gr\u00e2ce \u00e0 une s\u00e9rie de prix remport\u00e9s et aux participations \u00e0 de prestigieux festivals, aspire \u00e0 offrir une exp\u00e9rience de concert au-del\u00e0 de la performance, laissant l\u2019auditeur libre car, c\u2019est peut-\u00eatre vers la libert\u00e9 que convergent toutes les musiques.<\/p>\n<p>Avec un legs musical tout aussi riche qu\u2019original de Beethoven \u00e0 l\u2019ouverture et une douzaine de concerts des plus all\u00e9chants et rarissimes, programm\u00e9s tout au long de ce Festival (25 au 28 avril), ce rendez-vous annuel de la musique de chambre et de l\u2019art lyrique, a tenu toutes ses promesses, celles de permettre \u00e0 Essaouira et au Maroc, d\u2019accueillir dans la convivialit\u00e9, l\u2019hospitalit\u00e9 et le partage, ses illustres h\u00f4tes pour des moments de joie et de qui\u00e9tude qui valent le d\u00e9placement dans cette cit\u00e9 antique du Maroc Atlantique.<\/p>\n<\/div>\n<p>Auteur: Mohammed KOURSI<br \/>\n<a href=\"http:\/\/www.mapmarrakech.ma\/fr\/printemps-musical-des-alizes-vivaldi-mendelssohn-et-schubert-a-lhonneur-pour-le-bonheur-des-melomanes-parmi-les-hotes-dessaouira\/\">Cliquez ici pour lire l&rsquo;article depuis sa source.<\/a><\/p>\n","protected":false},"excerpt":{"rendered":"<p>Essaouira- Les m\u00e9lomanes de la musique raffin\u00e9e parmi les Souiris et les h\u00f4tes de la cit\u00e9 des Aliz\u00e9s ont \u00e9t\u00e9, vendredi, au rendez-vous avec une s\u00e9rie de concerts si captivants et hallucinants, sign\u00e9s Vivaldi, Mendelssohn et Schubert, et programm\u00e9s dans le cadre de la 19\u00e8 \u00e9dition du Festival \u00a0\u00bbPrintemps Musical des Aliz\u00e9s\u00a0\u00bb. A l\u2019espace embl\u00e9matique [&hellip;]<\/p>\n","protected":false},"author":1788,"featured_media":0,"comment_status":"closed","ping_status":"closed","sticky":false,"template":"","format":"standard","meta":{"fifu_image_url":"","fifu_image_alt":"","footnotes":""},"categories":[54,76],"tags":[],"class_list":["post-30588","post","type-post","status-publish","format-standard","hentry","category-maroc","category-regions"],"_links":{"self":[{"href":"https:\/\/linitiative.ca\/International\/wp-json\/wp\/v2\/posts\/30588","targetHints":{"allow":["GET"]}}],"collection":[{"href":"https:\/\/linitiative.ca\/International\/wp-json\/wp\/v2\/posts"}],"about":[{"href":"https:\/\/linitiative.ca\/International\/wp-json\/wp\/v2\/types\/post"}],"author":[{"embeddable":true,"href":"https:\/\/linitiative.ca\/International\/wp-json\/wp\/v2\/users\/1788"}],"replies":[{"embeddable":true,"href":"https:\/\/linitiative.ca\/International\/wp-json\/wp\/v2\/comments?post=30588"}],"version-history":[{"count":0,"href":"https:\/\/linitiative.ca\/International\/wp-json\/wp\/v2\/posts\/30588\/revisions"}],"wp:attachment":[{"href":"https:\/\/linitiative.ca\/International\/wp-json\/wp\/v2\/media?parent=30588"}],"wp:term":[{"taxonomy":"category","embeddable":true,"href":"https:\/\/linitiative.ca\/International\/wp-json\/wp\/v2\/categories?post=30588"},{"taxonomy":"post_tag","embeddable":true,"href":"https:\/\/linitiative.ca\/International\/wp-json\/wp\/v2\/tags?post=30588"}],"curies":[{"name":"wp","href":"https:\/\/api.w.org\/{rel}","templated":true}]}}