{"id":30591,"date":"2019-04-27T06:40:24","date_gmt":"2019-04-27T10:40:24","guid":{"rendered":"https:\/\/linitiative.ca\/International\/lethique-et-la-politique-dans-le-patrimoine-arabo-islamique-au-coeur-des-debats-a-marrakech\/"},"modified":"2019-04-27T06:40:24","modified_gmt":"2019-04-27T10:40:24","slug":"lethique-et-la-politique-dans-le-patrimoine-arabo-islamique-au-coeur-des-debats-a-marrakech","status":"publish","type":"post","link":"https:\/\/linitiative.ca\/International\/lethique-et-la-politique-dans-le-patrimoine-arabo-islamique-au-coeur-des-debats-a-marrakech\/","title":{"rendered":"L\u2019\u00e9thique et la politique dans le patrimoine arabo-islamique au c\u0153ur des d\u00e9bats \u00e0 Marrakech"},"content":{"rendered":"<div readability=\"39\">\n<p>Marrakech- \u00ab\u00a0L\u2019\u00e9thique et la politique dans le patrimoine arabo-islamique: l\u2019influence d\u2019Ibn Rochd lors de son \u00e9poque et celles ult\u00e9rieures\u00a0\u00bb, est le th\u00e8me d\u2019une conf\u00e9rence internationale ouverte, vendredi \u00e0 Marrakech, avec la participation d\u2019un ar\u00e9opage d\u2019intellectuels, de chercheurs et de sp\u00e9cialistes marocains et \u00e9trangers.<\/p>\n<\/div>\n<div readability=\"132\">\n<p>Initi\u00e9e par le centre \u00ab\u00a0Rawafed\u00a0\u00bb\u00a0et\u00a0l\u2019Universit\u00e9 Cadi Ayyad en collaboration avec le conseil de la r\u00e9gion Marrakech-Safi, le conseil communal de Marrakech et la Fondation de la Caisse de D\u00e9p\u00f4t et de Gestion\u00a0(CDG), cette rencontre de deux jours offre l\u2019opportunit\u00e9 de d\u00e9battre des dimensions et aspects de la pens\u00e9e de ce\u00a0grand philosophe et savant arabe\u00a0hors norme.<\/p>\n<p>Elle se veut, en outre, un espace de discussions autour des \u00e9crits d\u2019Ibn Rochd, des textes qu\u2019il a traduits de l\u2019h\u00e9breu vers l\u2019arabe et de son riche patrimoine intellectuel\u00a0ayant su allier\u00a0pens\u00e9es islamique et\u00a0arabe.<\/p>\n<p>Intervenant \u00e0 l\u2019ouverture de cette rencontre, le secr\u00e9taire d\u2019Etat charg\u00e9 de l\u2019Enseignement sup\u00e9rieur et de la Recherche scientifique, Khalid Samadi, a indiqu\u00e9 que cette conf\u00e9rence intervient dans le sillage du grand int\u00e9r\u00eat port\u00e9 par le Maroc au nouveau syst\u00e8me des cultures et des civilisations dans sa diversit\u00e9, ajoutant que ce conclave se veut aussi une occasion de rendre hommage \u00e0 l\u2019un des grands penseurs et pionniers de la culture et de la traduction en l\u2019occurrence Dr. Ahmed Chahlan.<\/p>\n<p>Cette conf\u00e9rence, a-t-il ajout\u00e9, constitue une opportunit\u00e9 pour engager la r\u00e9flexion et animer le d\u00e9bat autour de la pens\u00e9e d\u2019Ibn Rochd et\u00a0de prospecter les diff\u00e9rents horizons de la recherche scientifique et du patrimoine en particulier.<\/p>\n<p>Par la m\u00eame occasion, M. Samadi a lou\u00e9 les qualit\u00e9s humaines\u00a0et scientifiques\u00a0de\u00a0Dr. Ahmed Chahlan, un sp\u00e9cialiste des langues, des civilisations orientales, de l\u2019Histoire ancienne et de la litt\u00e9rature, un traducteur chevronn\u00e9 et un historien de renom sp\u00e9cialiste de la pens\u00e9e d\u2019Ibn Rochd, et de celle juive en g\u00e9n\u00e9ral, et jud\u00e9o-marocaine, en particulier.<\/p>\n<p>M. Samadi a, en outre, soulign\u00e9 que le minist\u00e8re accorde un int\u00e9r\u00eat particulier \u00e0 la pr\u00e9servation du patrimoine et des cultures\u00a0au sein des\u00a0universit\u00e9s marocaines, annon\u00e7ant,\u00a0dans ce sens,\u00a0la proposition concernant la cr\u00e9ation d\u2019un \u00e9tablissement universitaire ou d\u2019un institut d\u00e9di\u00e9 aux cultures orientales.<\/p>\n<p>De son c\u00f4t\u00e9, le pr\u00e9sident du conseil de la r\u00e9gion, Ahmed Akhchichine, a salu\u00e9 le parcours intellectuel\u00a0et scientifique\u00a0de Dr. Ahmed Chahlan, tout en insistant sur la n\u00e9cessit\u00e9 de s\u2019int\u00e9resser davantage \u00e0 la documentation\u00a0et \u00e0 l\u2019archivage\u00a0de l\u2019h\u00e9ritage\u00a0de nombreux hommes de pens\u00e9e\u00a0de\u00a0Marrakech, qui ont\u00a0su donner\u00a0un\u00a0cachet\u00a0si\u00a0distingu\u00e9 et\u00a0sp\u00e9cifique \u00e0\u00a0la cit\u00e9 ocre.<\/p>\n<p>Il a fait part, dans ce sens, de l\u2019engagement du\u00a0conseil de la r\u00e9gion\u00a0\u00e0\u00a0renforcer la coop\u00e9ration\u00a0en vue de la cr\u00e9ation d\u2019une institution ou d\u2019un\u00a0institut sp\u00e9cialis\u00e9\u00a0en\u00a0\u00e9tudes orientales,\u00a0soulignant le souci de la r\u00e9gion d\u2019oeuvrer sans rel\u00e2che dans l\u2019optique\u00a0de la c\u00e9l\u00e9bration de la ville de Marrakech, en tant que capitale de la culture africaine en 2020.<\/p>\n<p>Lui embo\u00eetant le pas,\u00a0le directeur du centre \u00ab\u00a0Rawafed\u00a0\u00bb, M. Aziz Abouchraa, a\u00a0expliqu\u00e9\u00a0que l\u2019objectif du centre, sp\u00e9cialis\u00e9 dans le patrimoine intellectuel et culturel de la r\u00e9gion occidentale du monde islamique,\u00a0proche des\u00a0diverses civilisations m\u00e9diterran\u00e9ennes, est de\u00a0favoriser la mise en place d\u2019une plateforme de recherche d\u00e9di\u00e9e \u00e0 la pens\u00e9e multiforme\u00a0et multidimensionnelle\u00a0d\u2019Ibn Rochd, et de c\u00e9l\u00e9brer\u00a0et honorer l\u2019un des grands intellectuels et hommes de pens\u00e9e marocains,\u00a0Dr. Ahmed\u00a0Chahlan.<\/p>\n<p>Quant au Doyen de la\u00a0facult\u00e9 de langue arabe, M. Ahmed Kadim, il\u00a0a fait savoir que la question de\u00a0l\u2019\u00e9thique et de la politique\u00a0a \u00e9t\u00e9, \u00e0 travers les\u00a0temps, d\u2019une importance\u00a0extr\u00eame, et constitu\u00e9 le fondement de l\u2019\u00e9panouissement des cultures et de la promotion des savoirs, notant que\u00a0cette conf\u00e9rence\u00a0permettra\u00a0aux participants de\u00a0mieux s\u2019informer sur la\u00a0pens\u00e9e\u00a0\u00e9clair\u00e9e\u00a0d\u2019Ibn Rochd qui a su allier\u00a0la philosophie, la Charia, l\u2019\u00e9thique,\u00a0les\u00a0sciences humaines et\u00a0le patrimoine\u00a0arabo-islamique.<\/p>\n<p>Lors de cette conf\u00e9rence, les participants vont d\u00e9battre de plusieurs th\u00e8mes se rapportant \u00e0 la pens\u00e9e d\u2019Ibn Rochd et aux contributions\u00a0et \u00e9crits\u00a0de Dr. Ahmed Chahlan\u00a0dans ce domaine.<\/p>\n<\/div>\n<p>Auteur: Mohammed KOURSI<br \/>\n<a href=\"http:\/\/www.mapmarrakech.ma\/fr\/lethique-et-la-politique-dans-le-patrimoine-arabo-islamique-linfluence-dibn-rochd-lors-de-son-epoque-et-celles-ulterieures-au-coeur-des-debats-a-marrakech\/\">Cliquez ici pour lire l&rsquo;article depuis sa source.<\/a><\/p>\n","protected":false},"excerpt":{"rendered":"<p>Marrakech- \u00ab\u00a0L\u2019\u00e9thique et la politique dans le patrimoine arabo-islamique: l\u2019influence d\u2019Ibn Rochd lors de son \u00e9poque et celles ult\u00e9rieures\u00a0\u00bb, est le th\u00e8me d\u2019une conf\u00e9rence internationale ouverte, vendredi \u00e0 Marrakech, avec la participation d\u2019un ar\u00e9opage d\u2019intellectuels, de chercheurs et de sp\u00e9cialistes marocains et \u00e9trangers. Initi\u00e9e par le centre \u00ab\u00a0Rawafed\u00a0\u00bb\u00a0et\u00a0l\u2019Universit\u00e9 Cadi Ayyad en collaboration avec le conseil [&hellip;]<\/p>\n","protected":false},"author":1788,"featured_media":0,"comment_status":"closed","ping_status":"closed","sticky":false,"template":"","format":"standard","meta":{"fifu_image_url":"","fifu_image_alt":"","footnotes":""},"categories":[54,76],"tags":[],"class_list":["post-30591","post","type-post","status-publish","format-standard","hentry","category-maroc","category-regions"],"_links":{"self":[{"href":"https:\/\/linitiative.ca\/International\/wp-json\/wp\/v2\/posts\/30591","targetHints":{"allow":["GET"]}}],"collection":[{"href":"https:\/\/linitiative.ca\/International\/wp-json\/wp\/v2\/posts"}],"about":[{"href":"https:\/\/linitiative.ca\/International\/wp-json\/wp\/v2\/types\/post"}],"author":[{"embeddable":true,"href":"https:\/\/linitiative.ca\/International\/wp-json\/wp\/v2\/users\/1788"}],"replies":[{"embeddable":true,"href":"https:\/\/linitiative.ca\/International\/wp-json\/wp\/v2\/comments?post=30591"}],"version-history":[{"count":0,"href":"https:\/\/linitiative.ca\/International\/wp-json\/wp\/v2\/posts\/30591\/revisions"}],"wp:attachment":[{"href":"https:\/\/linitiative.ca\/International\/wp-json\/wp\/v2\/media?parent=30591"}],"wp:term":[{"taxonomy":"category","embeddable":true,"href":"https:\/\/linitiative.ca\/International\/wp-json\/wp\/v2\/categories?post=30591"},{"taxonomy":"post_tag","embeddable":true,"href":"https:\/\/linitiative.ca\/International\/wp-json\/wp\/v2\/tags?post=30591"}],"curies":[{"name":"wp","href":"https:\/\/api.w.org\/{rel}","templated":true}]}}